{"id":69706,"date":"2025-03-05T08:15:06","date_gmt":"2025-03-05T13:15:06","guid":{"rendered":"https:\/\/esreviral.com\/?p=69706"},"modified":"2025-03-05T08:15:07","modified_gmt":"2025-03-05T13:15:07","slug":"que-provincias-arrancan-las-clases-este-miercoles-cinco-de-marzo-hay-paro-docente","status":"publish","type":"post","link":"https:\/\/esreviral.com\/?p=69706","title":{"rendered":"Qu\u00e9 provincias arrancan las clases este mi\u00e9rcoles cinco de marzo: \u00bfHay paro docente?"},"content":{"rendered":"\n<p>Este mi\u00e9rcoles 5 de marzo comenz\u00f3 el <strong>ciclo lectivo <\/strong>en varias provincias argentinas, incluyendo Buenos Aires. Sin embargo, muchos padres se <strong>preguntan si hay paro docente, lo que podr\u00eda afectar el regreso de los alumnos a las aulas.<\/strong><\/p>\n\n\n\n<p>El motivo de la incertidumbre radica en que la CGT y otros sindicatos docentes realizaron un paro el pasado 24 de febrero, fecha en la que algunas jurisdicciones ten\u00edan previsto iniciar las clases. Esta medida de fuerza tambi\u00e9n estaba programada para el 5 de marzo, en reclamo de la reapertura de la negociaci\u00f3n paritaria.<\/p>\n\n\n\n<p class=\"has-text-align-center\"><em><strong><em><strong><em><strong><em><strong><a href=\"https:\/\/t.me\/esreviral\">\u00daNETE A NUESTRO CANAL DE TELEGRAM PARA ESTAR INFORMADO<\/a><\/strong><\/em><\/strong><\/em><\/strong><\/em><\/strong><\/em><\/p>\n\n\n<div class=\"wp-block-image\">\n<figure class=\"aligncenter size-large\"><img decoding=\"async\" src=\"https:\/\/www.lanacion.com.ar\/resizer\/v2\/arrancan-las-clases-este-miercoles-5-de-YHLFJQ5HQFH6FOKM2TCWMNW5JM.JPG?auth=236a979f4519c113f6fa629a98ee05319e3de7bad95bbd9f8addc13bf4479fc5&amp;width=880&amp;height=586&amp;quality=70&amp;smart=true\" alt=\"\"\/><\/figure><\/div>\n\n\n<h3 class=\"wp-block-heading\"><strong><mark style=\"background-color:rgba(0, 0, 0, 0)\" class=\"has-inline-color has-vivid-red-color\">Paritaria docente y suspensi\u00f3n del paro<\/mark><\/strong><\/h3>\n\n\n\n<p><strong>El paro docente<\/strong> estaba motivado por la falta de convocatoria a la Paritaria Nacional Docente por parte del Gobierno. Seg\u00fan explicaron los sindicatos, el reclamo no solo exig\u00eda una actualizaci\u00f3n salarial, sino tambi\u00e9n la defensa de la educaci\u00f3n p\u00fablica, argumentando que el salario m\u00ednimo fue fijado por decreto en agosto sin revisi\u00f3n posterior.<\/p>\n\n\n\n<p>Ante esto, el Ministerio de Capital Humano convoc\u00f3 a la Mesa de Salario M\u00ednimo Docente el pasado 24 de febrero. Finalmente, el 27 de febrero, la CGT anunci\u00f3 la suspensi\u00f3n del paro previsto para este mi\u00e9rcoles 5 de marzo.<\/p>\n\n\n\n<p>Aunque inicialmente se hab\u00eda rechazado la oferta del Gobierno de elevar el salario m\u00ednimo docente a $500.000 desde febrero, la CGT inform\u00f3 que hubo un acercamiento con las autoridades. En este contexto, los sindicatos que integran la entidad \u2014AMET, CEA, Sadop y UDA\u2014 decidieron no avanzar con la medida de fuerza y mantenerse en \u201cestado de alerta\u201d a la espera de futuras negociaciones.<\/p>\n\n\n<div class=\"wp-block-image\">\n<figure class=\"aligncenter size-large\"><img decoding=\"async\" src=\"https:\/\/resizer.glanacion.com\/resizer\/v2\/el-pasado-lunes-24-de-febrero-se-reunieron-los-6UPCQHOEPJCSJJJMYW4O5FTN6M.jpeg?auth=221902b40f91fa37c74d518803d524853a3629fb8386aa41fdae6bfe601b535d&amp;width=780&amp;height=518&amp;quality=70&amp;smart=true\" alt=\"\"\/><\/figure><\/div>\n\n\n<h3 class=\"wp-block-heading\"><strong><mark style=\"background-color:rgba(0, 0, 0, 0)\" class=\"has-inline-color has-vivid-red-color\">\u00bfEn qu\u00e9 provincias comienzan las clases hoy?<\/mark><\/strong><\/h3>\n\n\n\n<p>Luego del feriado de Carnaval, este mi\u00e9rcoles 5 de marzo inician el ciclo lectivo las siguientes provincias:<\/p>\n\n\n\n<ul class=\"wp-block-list\">\n<li>Buenos Aires<\/li>\n\n\n\n<li>Catamarca<\/li>\n\n\n\n<li>La Rioja<\/li>\n\n\n\n<li>Misiones<\/li>\n\n\n\n<li>R\u00edo Negro<\/li>\n\n\n\n<li>Santiago del Estero<\/li>\n\n\n\n<li>Tierra del Fuego<\/li>\n\n\n\n<li>Tucum\u00e1n<\/li>\n<\/ul>\n\n\n\n<p><\/p>\n\n\n<div class=\"wp-block-image\">\n<figure class=\"aligncenter size-large\"><img decoding=\"async\" src=\"https:\/\/resizer.glanacion.com\/resizer\/v2\/estas-son-las-provincias-que-arrancan-las-clases-HFKTTFPXLNBJVIKHTO4VPCVDAY.jpeg?auth=657c74382fe311df87bc72ee2767a3622e05fe58d16d692d7a429fa3707939ac&amp;width=780&amp;height=520&amp;quality=70&amp;smart=true\" alt=\"\"\/><\/figure><\/div>\n\n\n<p><\/p>\n\n\n\n<p><strong>En tanto, la semana pasada ya hab\u00edan comenzado las clases en:<\/strong><\/p>\n\n\n\n<ul class=\"wp-block-list\">\n<li>Ciudad Aut\u00f3noma de Buenos Aires<\/li>\n\n\n\n<li>Chaco<\/li>\n\n\n\n<li>Chubut<\/li>\n\n\n\n<li>C\u00f3rdoba<\/li>\n\n\n\n<li>Corrientes<\/li>\n\n\n\n<li>Entre R\u00edos<\/li>\n\n\n\n<li>Formosa<\/li>\n\n\n\n<li>Jujuy<\/li>\n\n\n\n<li>La Pampa<\/li>\n\n\n\n<li>Mendoza<\/li>\n\n\n\n<li>Neuqu\u00e9n<\/li>\n\n\n\n<li>Salta<\/li>\n\n\n\n<li>San Juan<\/li>\n\n\n\n<li>San Luis<\/li>\n\n\n\n<li>Santa Cruz<\/li>\n\n\n\n<li>Santa Fe<\/li>\n<\/ul>\n\n\n\n<p><\/p>\n\n\n<div class=\"wp-block-image\">\n<figure class=\"aligncenter size-large\"><img decoding=\"async\" src=\"https:\/\/resizer.glanacion.com\/resizer\/v2\/las-fechas-de-las-vacaciones-de-invierno-2025-en-BOQBB2OFSBBJLFHWV3HSQP6MEI.JPG?auth=4964a1ebf9f3d38bc453296ce943fe4798966bb952c3859b22de08fe6d9ffae3&amp;width=780&amp;height=520&amp;quality=70&amp;smart=true\" alt=\"\"\/><\/figure><\/div>\n\n\n<h3 class=\"wp-block-heading\"><strong><mark style=\"background-color:rgba(0, 0, 0, 0)\" class=\"has-inline-color has-vivid-red-color\">Vacaciones de invierno 2025: Fechas por provincia<\/mark><\/strong><\/h3>\n\n\n\n<p>Las vacaciones de invierno 2025 se extender\u00e1n durante dos semanas entre julio y agosto, seg\u00fan el siguiente cronograma:<\/p>\n\n\n\n<ul class=\"wp-block-list\">\n<li><strong>Del 21 de julio al 1 de agosto<\/strong>: Buenos Aires, CABA, Chaco, Santiago del Estero.<\/li>\n\n\n\n<li><strong>Del 14 al 25 de julio<\/strong>: Catamarca, Corrientes, Formosa, Jujuy, La Pampa, Misiones, Salta, Santa Cruz, Tierra del Fuego.<\/li>\n\n\n\n<li><strong>Del 7 al 18 de julio<\/strong>: Chubut, Entre R\u00edos, La Rioja, Neuqu\u00e9n, R\u00edo Negro, San Juan, San Luis, Santa Fe.<\/li>\n\n\n\n<li><strong>Del 7 al 20 de julio<\/strong>: C\u00f3rdoba, Mendoza.<\/li>\n<\/ul>\n\n\n\n<p><\/p>\n\n\n\n<p class=\"has-text-align-center\"><strong><a href=\"https:\/\/chat.whatsapp.com\/KWkTmakY3I05kNdd2oZl6d\"><em>\u00daNETE A NUESTRO GRUPO DE WHATSAPP PARA ESTAR INFORMADO<\/em><\/a><\/strong><\/p>\n\n\n\n<p class=\"has-text-align-right\"><strong><em>Con Informaci\u00f3n de LaNaci\u00f3n.-<\/em><\/strong><\/p>\n","protected":false},"excerpt":{"rendered":"<p>Hoy no hay impedimentos para el inicio del ciclo lectivo 2025 en distintas provincias de la Argentina, puesto que se suspendi\u00f3 la medida de fuerza convocada por la CGT<\/p>\n","protected":false},"author":3,"featured_media":69707,"comment_status":"closed","ping_status":"closed","sticky":false,"template":"","format":"standard","meta":{"jnews-multi-image_gallery":[],"jnews_single_post":{"format":"standard"},"jnews_primary_category":[],"jnews_social_meta":[],"jnews_review":[],"enable_review":"","type":"","name":"","summary":"","brand":"","sku":"","good":[],"bad":[],"score_override":"","override_value":"","rating":[],"price":[],"jnews_override_counter":[],"jnews_post_split":[],"footnotes":""},"categories":[43,58],"tags":[5077,44,7486,45,4754],"class_list":["post-69706","post","type-post","status-publish","format-standard","has-post-thumbnail","hentry","category-actualidad","category-argentina","tag-agenda","tag-argentina","tag-ciclo-lectivo","tag-noticias","tag-paro-docente"],"amp_enabled":true,"_links":{"self":[{"href":"https:\/\/esreviral.com\/index.php?rest_route=\/wp\/v2\/posts\/69706"}],"collection":[{"href":"https:\/\/esreviral.com\/index.php?rest_route=\/wp\/v2\/posts"}],"about":[{"href":"https:\/\/esreviral.com\/index.php?rest_route=\/wp\/v2\/types\/post"}],"author":[{"embeddable":true,"href":"https:\/\/esreviral.com\/index.php?rest_route=\/wp\/v2\/users\/3"}],"replies":[{"embeddable":true,"href":"https:\/\/esreviral.com\/index.php?rest_route=%2Fwp%2Fv2%2Fcomments&post=69706"}],"version-history":[{"count":1,"href":"https:\/\/esreviral.com\/index.php?rest_route=\/wp\/v2\/posts\/69706\/revisions"}],"predecessor-version":[{"id":69708,"href":"https:\/\/esreviral.com\/index.php?rest_route=\/wp\/v2\/posts\/69706\/revisions\/69708"}],"wp:featuredmedia":[{"embeddable":true,"href":"https:\/\/esreviral.com\/index.php?rest_route=\/wp\/v2\/media\/69707"}],"wp:attachment":[{"href":"https:\/\/esreviral.com\/index.php?rest_route=%2Fwp%2Fv2%2Fmedia&parent=69706"}],"wp:term":[{"taxonomy":"category","embeddable":true,"href":"https:\/\/esreviral.com\/index.php?rest_route=%2Fwp%2Fv2%2Fcategories&post=69706"},{"taxonomy":"post_tag","embeddable":true,"href":"https:\/\/esreviral.com\/index.php?rest_route=%2Fwp%2Fv2%2Ftags&post=69706"}],"curies":[{"name":"wp","href":"https:\/\/api.w.org\/{rel}","templated":true}]}}