{"id":69639,"date":"2025-03-03T09:01:34","date_gmt":"2025-03-03T14:01:34","guid":{"rendered":"https:\/\/esreviral.com\/?p=69639"},"modified":"2025-03-03T09:01:35","modified_gmt":"2025-03-03T14:01:35","slug":"shakira-suspendio-sus-shows-en-chile-y-se-prepara-para-brillar-en-buenos-aires","status":"publish","type":"post","link":"https:\/\/esreviral.com\/?p=69639","title":{"rendered":"Shakira suspendi\u00f3 sus shows en Chile y se prepara para brillar en Buenos Aires"},"content":{"rendered":"\n<p>En el marco de su gira \u00ab<strong><em>Las mujeres ya no lloran<\/em><\/strong>\u00ab<strong>, Shakira<\/strong> ten\u00eda programado presentarse ayer en el E<strong>stadio Nacional de Santiago de Chile.<\/strong> Sin embargo, el evento <strong>se cancel\u00f3 apenas seis horas antes de su inicio, dejando a miles de fan\u00e1ticos esperando en las afueras del recinto.<\/strong><\/p>\n\n\n\n<p>La productora Fenix Entertainment emiti\u00f3 un comunicado explicando que \u00ab<strong><em>inconvenientes t\u00e9cnicos ajenos a la artista y su producci\u00f3n\u00bb<\/em><\/strong> imped\u00edan \u00ab<strong><em>el correcto desarrollo del concierto<\/em><\/strong>\u00ab. Detallaron que el problema resid\u00eda en el suelo donde deb\u00eda montarse el escenario, el cual estaba \u00abdesnivelado\u00bb. Adem\u00e1s, se cancel\u00f3 el concierto programado para hoy.<\/p>\n\n\n\n<p>Las redes sociales de la cantante se llenaron r\u00e1pidamente de mensajes de enojo y angustia por parte de los seguidores, sum\u00e1ndose a las cr\u00edticas por cancelaciones anteriores.<\/p>\n\n\n\n<p class=\"has-text-align-center\"><em><strong><em><strong><em><strong><em><strong><a href=\"https:\/\/t.me\/esreviral\">\u00daNETE A NUESTRO CANAL DE TELEGRAM PARA ESTAR INFORMADO<\/a><\/strong><\/em><\/strong><\/em><\/strong><\/em><\/strong><\/em><\/p>\n\n\n\n<p>El 16 de febrero, Shakira ten\u00eda previsto un <strong>show en Per\u00fa que fue cancelado <\/strong>a \u00faltimo momento debido a que la cantante fue internada por un \u00abcuadro abdominal\u00bb. El 24 de febrero, en Medell\u00edn, la situaci\u00f3n fue similar a la de Chile: <strong>la producci\u00f3n cancel\u00f3 el evento por problemas estructurales en el Estadio Atanasio Girardot.<\/strong><\/p>\n\n\n\n<p>No obstante, la ganadora del Grammy al mejor \u00e1lbum de pop latino por \u00abLas mujeres ya no lloran\u00bb s\u00ed se present\u00f3 en ciudades como R\u00edo de Janeiro, S\u00e3o Paulo, Lima, Bogot\u00e1 y su natal Barranquilla. <strong>Este viernes y s\u00e1bado es el turno de Buenos Aires, donde Shakira actuar\u00e1 en el Campo Argentino de Polo.<\/strong><\/p>\n\n\n\n<p>El comunicado oficial se\u00f1al\u00f3: \u00abEl tour de &#8216;Las mujeres ya no lloran&#8217; es una de las producciones m\u00e1s grandes del mundo y sin precedentes en Am\u00e9rica Latina, con un equipo humano altamente especializado que acompa\u00f1a a Shakira para hacer posible un show de este nivel. La seguridad de todos \u2014p\u00fablico, equipo t\u00e9cnico y la propia artista\u2014 es nuestra m\u00e1xima prioridad, y por ello hemos tomado la dif\u00edcil decisi\u00f3n de reprogramar la fecha hasta contar con condiciones \u00f3ptimas que garanticen un espect\u00e1culo perfecto como se lo merecen sus fans\u00bb.<\/p>\n\n\n\n<figure class=\"wp-block-image size-large\"><img decoding=\"async\" src=\"https:\/\/la-razon.com\/wp-content\/uploads\/2025\/03\/03\/13\/Shakira-COlombia.jpg\" alt=\"\"\/><\/figure>\n\n\n\n<p><\/p>\n\n\n\n<p><strong><mark style=\"background-color:rgba(0, 0, 0, 0)\" class=\"has-inline-color has-vivid-red-color\">Pron\u00f3stico del tiempo para Buenos Aires:<\/mark><\/strong><\/p>\n\n\n\n<ul class=\"wp-block-list\">\n<li><strong>Viernes 7 de marzo:<\/strong> Se espera una tormenta el\u00e9ctrica en partes del \u00e1rea, con una temperatura m\u00e1xima de 33\u00b0C y m\u00ednima de 21\u00b0C.<\/li>\n\n\n\n<li><strong>S\u00e1bado 8 de marzo:<\/strong> Se pronostican chubascos intensos, con una temperatura m\u00e1xima de 26\u00b0C y m\u00ednima de 18\u00b0C.<\/li>\n<\/ul>\n\n\n\n<p><\/p>\n\n\n\n<p>Adem\u00e1s, hay una advertencia naranja de tormentas vigente hasta las 11:59 AM del viernes 7 de marzo, emitida por el Servicio Meteorol\u00f3gico Nacional. Se anticipan tormentas fuertes acompa\u00f1adas de abundante ca\u00edda de agua en cortos per\u00edodos, con precipitaciones acumuladas entre 40 y 70 mm, pudiendo superarse en forma puntual.<\/p>\n\n\n\n<p><strong><mark style=\"background-color:rgba(0, 0, 0, 0)\" class=\"has-inline-color has-vivid-red-color\">Recomendaciones para los asistentes a los conciertos:<\/mark><\/strong><\/p>\n\n\n\n<ol class=\"wp-block-list\">\n<li>Permanecer en construcciones cerradas como casas, escuelas o edificios durante las tormentas.<\/li>\n\n\n\n<li>Mantenerse alejado de artefactos el\u00e9ctricos y evitar el uso de tel\u00e9fonos con cable.<\/li>\n\n\n\n<li>Si se encuentra viajando, quedarse dentro del veh\u00edculo, ya que ofrece una excelente protecci\u00f3n.<\/li>\n\n\n\n<li>Evitar circular por calles inundadas o afectadas.<\/li>\n\n\n\n<li>Si existe riesgo de que el agua ingrese en su hogar, cortar el suministro el\u00e9ctrico.<\/li>\n\n\n\n<li>En caso de emergencia, comunicarse con los organismos locales correspondientes y tener siempre lista una mochila de emergencias con linterna, radio, documentos y tel\u00e9fono.<\/li>\n<\/ol>\n\n\n\n<p><\/p>\n\n\n\n<p>Se recomienda a los asistentes mantenerse informados a trav\u00e9s de los canales oficiales de la organizaci\u00f3n del evento y del Servicio Meteorol\u00f3gico Nacional para cualquier actualizaci\u00f3n sobre posibles cambios o reprogramaciones de los conciertos debido a las condiciones clim\u00e1ticas.<\/p>\n\n\n\n<p class=\"has-text-align-center\"><strong><a href=\"https:\/\/chat.whatsapp.com\/KWkTmakY3I05kNdd2oZl6d\"><em>\u00daNETE A NUESTRO GRUPO DE WHATSAPP PARA ESTAR INFORMADO<\/em><\/a><\/strong><\/p>\n","protected":false},"excerpt":{"rendered":"<p>En el marco de su gira \u00abLas mujeres ya no lloran\u00ab, Shakira ten\u00eda programado presentarse ayer en el Estadio Nacional de Santiago de Chile. Sin embargo, el evento se cancel\u00f3 apenas seis horas antes de su inicio, dejando a miles de fan\u00e1ticos esperando en las afueras del recinto. La productora Fenix Entertainment emiti\u00f3 un comunicado [&hellip;]<\/p>\n","protected":false},"author":3,"featured_media":69640,"comment_status":"closed","ping_status":"closed","sticky":false,"template":"","format":"standard","meta":{"jnews-multi-image_gallery":[],"jnews_single_post":{"format":"standard"},"jnews_primary_category":[],"jnews_social_meta":[],"jnews_review":[],"enable_review":"","type":"","name":"","summary":"","brand":"","sku":"","good":[],"bad":[],"score_override":"","override_value":"","rating":[],"price":[],"jnews_override_counter":[],"jnews_post_split":[],"footnotes":""},"categories":[1],"tags":[44,4292,581,13663,45,537,4146],"class_list":["post-69639","post","type-post","status-publish","format-standard","has-post-thumbnail","hentry","category-uncategorized","tag-argentina","tag-campo-argentino-de-polo","tag-concierto","tag-las-mujeres-ya-no-lloran","tag-noticias","tag-shakira","tag-shows"],"amp_enabled":true,"_links":{"self":[{"href":"https:\/\/esreviral.com\/index.php?rest_route=\/wp\/v2\/posts\/69639"}],"collection":[{"href":"https:\/\/esreviral.com\/index.php?rest_route=\/wp\/v2\/posts"}],"about":[{"href":"https:\/\/esreviral.com\/index.php?rest_route=\/wp\/v2\/types\/post"}],"author":[{"embeddable":true,"href":"https:\/\/esreviral.com\/index.php?rest_route=\/wp\/v2\/users\/3"}],"replies":[{"embeddable":true,"href":"https:\/\/esreviral.com\/index.php?rest_route=%2Fwp%2Fv2%2Fcomments&post=69639"}],"version-history":[{"count":1,"href":"https:\/\/esreviral.com\/index.php?rest_route=\/wp\/v2\/posts\/69639\/revisions"}],"predecessor-version":[{"id":69641,"href":"https:\/\/esreviral.com\/index.php?rest_route=\/wp\/v2\/posts\/69639\/revisions\/69641"}],"wp:featuredmedia":[{"embeddable":true,"href":"https:\/\/esreviral.com\/index.php?rest_route=\/wp\/v2\/media\/69640"}],"wp:attachment":[{"href":"https:\/\/esreviral.com\/index.php?rest_route=%2Fwp%2Fv2%2Fmedia&parent=69639"}],"wp:term":[{"taxonomy":"category","embeddable":true,"href":"https:\/\/esreviral.com\/index.php?rest_route=%2Fwp%2Fv2%2Fcategories&post=69639"},{"taxonomy":"post_tag","embeddable":true,"href":"https:\/\/esreviral.com\/index.php?rest_route=%2Fwp%2Fv2%2Ftags&post=69639"}],"curies":[{"name":"wp","href":"https:\/\/api.w.org\/{rel}","templated":true}]}}