{"id":69560,"date":"2025-03-01T07:50:50","date_gmt":"2025-03-01T12:50:50","guid":{"rendered":"https:\/\/esreviral.com\/?p=69560"},"modified":"2025-03-01T07:50:52","modified_gmt":"2025-03-01T12:50:52","slug":"conformaron-la-plataforma-de-la-unidad-democratica-en-argentina","status":"publish","type":"post","link":"https:\/\/esreviral.com\/?p=69560","title":{"rendered":"Conformaron la Plataforma de la Unidad Democr\u00e1tica en Argentina"},"content":{"rendered":"\n<p>Las organizaciones pol\u00edticas <strong>Voluntad Popular, Proyecto Venezuela, COPEI, Primero Justicia, Un Nuevo Tiempo, Encuentro Ciudadano, Causa R y Acci\u00f3n Democr\u00e1tica<\/strong> informaron a la comunidad venezolana y argentina que, tras varias reuniones y conversaciones, conformaron la <em><strong>Plataforma Unitaria Democr\u00e1tica<\/strong> \u2013 cap\u00edtulo Argentina<\/em>.<\/p>\n\n\n\n<p>El prop\u00f3sito de esta plataforma es mantener activa la lucha por la <strong>libertad de Venezuela<\/strong>, visibilizando las<strong> violaciones de derechos humanos<\/strong> que ocurren en el pa\u00eds y movilizando esfuerzos en su denuncia. Adem\u00e1s, trabajaremos junto al <strong><em>Comando Venezuela<\/em> <\/strong>para brindar apoyo social a los venezolanos que residen en Argentina o que lleguen en el futuro.<\/p>\n\n\n\n<p class=\"has-text-align-center\"><em><strong><em><strong><em><strong><em><strong><a href=\"https:\/\/t.me\/esreviral\">\u00daNETE A NUESTRO CANAL DE TELEGRAM PARA ESTAR INFORMADO<\/a><\/strong><\/em><\/strong><\/em><\/strong><\/em><\/strong><\/em><\/p>\n\n\n\n<p>Esta instancia cuenta con un coordinador o vocero, cuyo per\u00edodo de gesti\u00f3n es de dos meses. Durante los pr\u00f3ximos seis meses, la coordinaci\u00f3n estar\u00e1 a cargo de los partidos<strong> Acci\u00f3n Democr\u00e1tica, Voluntad Popular y Causa R.<\/strong> Posteriormente, otra terna de partidos asumir\u00e1 la direcci\u00f3n por un per\u00edodo similar, garantizando as\u00ed una rotaci\u00f3n continua y armonizada. M\u00e1s all\u00e1 de los cambios en la coordinaci\u00f3n, hemos establecido objetivos claros y de largo alcance, asegurando que la agenda de trabajo se mantenga sin importar qui\u00e9n encabece la plataforma.<\/p>\n\n\n\n<p>Como <strong>organizaciones pol\u00edticas<\/strong>, se comprometen a seguir visibilizando la <strong>crisis venezolana <\/strong>en todas sus dimensiones y a brindar el mayor apoyo posible a <strong>nuestra comunidad en Argentina.<\/strong> Asimismo, trabajaremos en la construcci\u00f3n de redes de apoyo junto a diversas ONG y continuaremos insistiendo ante las autoridades argentinas para que <strong>se dicte una orden de detenci\u00f3n contra Nicol\u00e1s Maduro y su entorno, adem\u00e1s de impulsar las sanciones correspondientes.<\/strong><\/p>\n\n\n\n<p class=\"has-text-align-center\"><strong><a href=\"https:\/\/chat.whatsapp.com\/KWkTmakY3I05kNdd2oZl6d\"><em>\u00daNETE A NUESTRO GRUPO DE WHATSAPP PARA ESTAR INFORMADO<\/em><\/a><\/strong><\/p>\n","protected":false},"excerpt":{"rendered":"<p>Las organizaciones pol\u00edticas Voluntad Popular, Proyecto Venezuela, COPEI, Primero Justicia, Un Nuevo Tiempo, Encuentro Ciudadano, Causa R y Acci\u00f3n Democr\u00e1tica informaron a la comunidad venezolana y argentina que, tras varias reuniones y conversaciones, conformaron la Plataforma Unitaria Democr\u00e1tica \u2013 cap\u00edtulo Argentina. El prop\u00f3sito de esta plataforma es mantener activa la lucha por la libertad de [&hellip;]<\/p>\n","protected":false},"author":3,"featured_media":69562,"comment_status":"closed","ping_status":"closed","sticky":false,"template":"","format":"standard","meta":{"jnews-multi-image_gallery":[],"jnews_single_post":{"format":"standard"},"jnews_primary_category":[],"jnews_social_meta":[],"jnews_review":[],"enable_review":"","type":"","name":"","summary":"","brand":"","sku":"","good":[],"bad":[],"score_override":"","override_value":"","rating":[],"price":[],"jnews_override_counter":[],"jnews_post_split":[],"footnotes":""},"categories":[59,5892],"tags":[17183,26202,45,26203,2935,67,56],"class_list":["post-69560","post","type-post","status-publish","format-standard","has-post-thumbnail","hentry","category-politica","category-venezolanos-en-argentina","tag-crisis-venezolana","tag-libertad-de-venezuela","tag-noticias","tag-organizaciones-politicas","tag-plataforma-unitaria-democratica","tag-venezolanos-en-argentina","tag-venezuela"],"amp_enabled":true,"_links":{"self":[{"href":"https:\/\/esreviral.com\/index.php?rest_route=\/wp\/v2\/posts\/69560"}],"collection":[{"href":"https:\/\/esreviral.com\/index.php?rest_route=\/wp\/v2\/posts"}],"about":[{"href":"https:\/\/esreviral.com\/index.php?rest_route=\/wp\/v2\/types\/post"}],"author":[{"embeddable":true,"href":"https:\/\/esreviral.com\/index.php?rest_route=\/wp\/v2\/users\/3"}],"replies":[{"embeddable":true,"href":"https:\/\/esreviral.com\/index.php?rest_route=%2Fwp%2Fv2%2Fcomments&post=69560"}],"version-history":[{"count":1,"href":"https:\/\/esreviral.com\/index.php?rest_route=\/wp\/v2\/posts\/69560\/revisions"}],"predecessor-version":[{"id":69563,"href":"https:\/\/esreviral.com\/index.php?rest_route=\/wp\/v2\/posts\/69560\/revisions\/69563"}],"wp:featuredmedia":[{"embeddable":true,"href":"https:\/\/esreviral.com\/index.php?rest_route=\/wp\/v2\/media\/69562"}],"wp:attachment":[{"href":"https:\/\/esreviral.com\/index.php?rest_route=%2Fwp%2Fv2%2Fmedia&parent=69560"}],"wp:term":[{"taxonomy":"category","embeddable":true,"href":"https:\/\/esreviral.com\/index.php?rest_route=%2Fwp%2Fv2%2Fcategories&post=69560"},{"taxonomy":"post_tag","embeddable":true,"href":"https:\/\/esreviral.com\/index.php?rest_route=%2Fwp%2Fv2%2Ftags&post=69560"}],"curies":[{"name":"wp","href":"https:\/\/api.w.org\/{rel}","templated":true}]}}