{"id":69557,"date":"2025-03-01T07:40:40","date_gmt":"2025-03-01T12:40:40","guid":{"rendered":"https:\/\/esreviral.com\/?p=69557"},"modified":"2025-03-01T07:40:41","modified_gmt":"2025-03-01T12:40:41","slug":"cohesion-social-vs-inseguridad","status":"publish","type":"post","link":"https:\/\/esreviral.com\/?p=69557","title":{"rendered":"\u00abCohesi\u00f3n social vs inseguridad\u00bb"},"content":{"rendered":"\n<p><strong>La cohesi\u00f3n social <\/strong>es el cemento que une a las comunidades y les permite enfrentar los desaf\u00edos de la vida cotidiana. Como lo dice el soci\u00f3logo franc\u00e9s \u00c9mile Durkheim, \u00ab<strong><em>la sociedad es una realidad sui generis, que no se reduce a la suma de sus partes individuales<\/em><\/strong>\u00bb (Durkheim, 1893). la sociedad es un todo que es m\u00e1s que la suma de sus partes.<\/p>\n\n\n\n<p class=\"has-text-align-center\"><em><strong><em><strong><em><strong><em><strong><a href=\"https:\/\/t.me\/esreviral\">\u00daNETE A NUESTRO CANAL DE TELEGRAM PARA ESTAR INFORMADO<\/a><\/strong><\/em><\/strong><\/em><\/strong><\/em><\/strong><\/em><\/p>\n\n\n\n<p>Cuando una <strong>sociedad logra organizarse de manera genuina<\/strong>, con intereses comunes, donde el \u00e9xito de un integrante es el \u00e9xito de todos, y la alegr\u00eda y la tristeza se comparten por igual, entonces <strong>podemos hablar de una verdadera cohesi\u00f3n social.<\/strong><\/p>\n\n\n\n<p>Sin embargo, en muchas comunidades, la falta de servicios p\u00fablicos y pol\u00edticas p\u00fablicas efectivas, como la seguridad, puede generar un sentimiento de inseguridad y desconfianza. En estos casos, la cohesi\u00f3n social se ve amenazada.<\/p>\n\n\n\n<p>El experto en seguridad ciudadana, Robert Muggah, dice \u00abla seguridad no es solo responsabilidad del Estado, es tambi\u00e9n nuestra\u00bb.<\/p>\n\n\n\n<p class=\"has-text-align-center\"><strong><a href=\"https:\/\/chat.whatsapp.com\/KWkTmakY3I05kNdd2oZl6d\"><em>\u00daNETE A NUESTRO GRUPO DE WHATSAPP PARA ESTAR INFORMADO<\/em><\/a><\/strong><\/p>\n\n\n\n<p class=\"has-text-align-right\"><strong><em>Dr. Braulio seijas.-<\/em><\/strong><\/p>\n","protected":false},"excerpt":{"rendered":"<p>La cohesi\u00f3n social es el cemento que une a las comunidades y les permite enfrentar los desaf\u00edos de la vida cotidiana. Como lo dice el soci\u00f3logo franc\u00e9s \u00c9mile Durkheim, \u00abla sociedad es una realidad sui generis, que no se reduce a la suma de sus partes individuales\u00bb (Durkheim, 1893). la sociedad es un todo que [&hellip;]<\/p>\n","protected":false},"author":3,"featured_media":69558,"comment_status":"closed","ping_status":"closed","sticky":false,"template":"","format":"standard","meta":{"jnews-multi-image_gallery":[],"jnews_single_post":{"format":"standard"},"jnews_primary_category":[],"jnews_social_meta":[],"jnews_review":[],"enable_review":"","type":"","name":"","summary":"","brand":"","sku":"","good":[],"bad":[],"score_override":"","override_value":"","rating":[],"price":[],"jnews_override_counter":[],"jnews_post_split":[],"footnotes":""},"categories":[137],"tags":[26201,940,45,26200],"class_list":["post-69557","post","type-post","status-publish","format-standard","has-post-thumbnail","hentry","category-opinion","tag-cohesion-social","tag-inseguridad","tag-noticias","tag-seguridad-y-punto"],"amp_enabled":true,"_links":{"self":[{"href":"https:\/\/esreviral.com\/index.php?rest_route=\/wp\/v2\/posts\/69557"}],"collection":[{"href":"https:\/\/esreviral.com\/index.php?rest_route=\/wp\/v2\/posts"}],"about":[{"href":"https:\/\/esreviral.com\/index.php?rest_route=\/wp\/v2\/types\/post"}],"author":[{"embeddable":true,"href":"https:\/\/esreviral.com\/index.php?rest_route=\/wp\/v2\/users\/3"}],"replies":[{"embeddable":true,"href":"https:\/\/esreviral.com\/index.php?rest_route=%2Fwp%2Fv2%2Fcomments&post=69557"}],"version-history":[{"count":1,"href":"https:\/\/esreviral.com\/index.php?rest_route=\/wp\/v2\/posts\/69557\/revisions"}],"predecessor-version":[{"id":69559,"href":"https:\/\/esreviral.com\/index.php?rest_route=\/wp\/v2\/posts\/69557\/revisions\/69559"}],"wp:featuredmedia":[{"embeddable":true,"href":"https:\/\/esreviral.com\/index.php?rest_route=\/wp\/v2\/media\/69558"}],"wp:attachment":[{"href":"https:\/\/esreviral.com\/index.php?rest_route=%2Fwp%2Fv2%2Fmedia&parent=69557"}],"wp:term":[{"taxonomy":"category","embeddable":true,"href":"https:\/\/esreviral.com\/index.php?rest_route=%2Fwp%2Fv2%2Fcategories&post=69557"},{"taxonomy":"post_tag","embeddable":true,"href":"https:\/\/esreviral.com\/index.php?rest_route=%2Fwp%2Fv2%2Ftags&post=69557"}],"curies":[{"name":"wp","href":"https:\/\/api.w.org\/{rel}","templated":true}]}}