{"id":69544,"date":"2025-03-01T07:55:35","date_gmt":"2025-03-01T12:55:35","guid":{"rendered":"https:\/\/esreviral.com\/?p=69544"},"modified":"2025-03-01T07:55:36","modified_gmt":"2025-03-01T12:55:36","slug":"las-siete-ciudades-de-sudamerica-que-podrian-quedar-tapadas-por-el-agua-en-75-anos","status":"publish","type":"post","link":"https:\/\/esreviral.com\/?p=69544","title":{"rendered":"Las siete ciudades de Sudam\u00e9rica que podr\u00edan quedar tapadas por el agua en 75 a\u00f1os"},"content":{"rendered":"\n<p>Desde hace d\u00e9cadas, los cient\u00edficos advierten sobre los desastres que el cambio clim\u00e1tico est\u00e1 causando y las graves consecuencias que traer\u00e1 en el futuro. Entre ellas, el aumento de las temperaturas y la desaparici\u00f3n de fuentes de agua en varios pa\u00edses.<\/p>\n\n\n\n<p>Un estudio de la organizaci\u00f3n <em>Climate Central<\/em>, publicado en la revista <em>Nature Climate Change<\/em>, se\u00f1ala que para el a\u00f1o 2100 varias ciudades de Am\u00e9rica Latina podr\u00edan quedar sumergidas debido al aumento del nivel del mar. Este fen\u00f3meno, provocado por el derretimiento de glaciares y capas polares, pondr\u00eda en riesgo la geograf\u00eda de la regi\u00f3n, desplazando a miles de personas y afectando gravemente las econom\u00edas locales.<\/p>\n\n\n\n<p class=\"has-text-align-center\"><em><strong><em><strong><em><strong><em><strong><a href=\"https:\/\/t.me\/esreviral\">\u00daNETE A NUESTRO CANAL DE TELEGRAM PARA ESTAR INFORMADO<\/a><\/strong><\/em><\/strong><\/em><\/strong><\/em><\/strong><\/em><\/p>\n\n\n\n<h3 class=\"wp-block-heading\"><strong><mark style=\"background-color:rgba(0, 0, 0, 0)\" class=\"has-inline-color has-vivid-red-color\">Las ciudades en riesgo de desaparecer<\/mark><\/strong><\/h3>\n\n\n\n<p>Entre las ciudades m\u00e1s afectadas estar\u00eda <strong>Barranquilla, Colombia<\/strong>, debido a su ubicaci\u00f3n cerca de la desembocadura del r\u00edo Magdalena, una zona propensa a inundaciones. En Venezuela, <strong>Maracaibo<\/strong> tambi\u00e9n figura en la lista, mientras que en Brasil, <strong>R\u00edo de Janeiro y Porto Alegre<\/strong> enfrentan un alto riesgo por su cercan\u00eda con el oc\u00e9ano. <strong>Punta del Este, en Uruguay<\/strong>, y zonas de <strong>Entre R\u00edos y Buenos Aires, en Argentina<\/strong>, tambi\u00e9n podr\u00edan verse gravemente afectadas.<\/p>\n\n\n\n<p>El impacto no se limitar\u00eda a estos cinco pa\u00edses. M\u00e9xico, Honduras y Nicaragua tambi\u00e9n podr\u00edan experimentar un aumento del nivel del agua de hasta 2,1 metros en el transcurso del siglo XXI, seg\u00fan <em>Climate Central<\/em>.<\/p>\n\n\n\n<h3 class=\"wp-block-heading\"><strong><mark style=\"background-color:rgba(0, 0, 0, 0)\" class=\"has-inline-color has-vivid-red-color\">\u00bfPor qu\u00e9 sube el nivel del mar?<\/mark><\/strong><\/h3>\n\n\n\n<p>El informe destaca que el principal responsable es el calentamiento global, el cual no solo acelera el derretimiento de las capas de hielo y los glaciares, sino que tambi\u00e9n provoca la expansi\u00f3n del volumen del oc\u00e9ano a medida que el agua se calienta, seg\u00fan la Administraci\u00f3n Nacional Oce\u00e1nica y Atmosf\u00e9rica de EE.UU. (NOAA, por sus siglas en ingl\u00e9s).<\/p>\n\n\n\n<p>Los datos reflejan que Am\u00e9rica Latina y el Caribe enfrentan un ritmo de aumento del nivel del mar superior al promedio mundial. De acuerdo con la Organizaci\u00f3n Meteorol\u00f3gica Mundial, el mar Caribe ha crecido a un ritmo de <strong>3,6 mil\u00edmetros por a\u00f1o entre 1993 y 2020<\/strong>, superando la media global de <strong>3,3 mil\u00edmetros anuales<\/strong>.<\/p>\n\n\n\n<h3 class=\"wp-block-heading\"><strong><mark style=\"background-color:rgba(0, 0, 0, 0)\" class=\"has-inline-color has-vivid-red-color\">Un llamado urgente a la acci\u00f3n<\/mark><\/strong><\/h3>\n\n\n\n<p>Ante esta amenaza, los pa\u00edses de la regi\u00f3n deben tomar medidas urgentes para reducir el impacto del cambio clim\u00e1tico y generar conciencia en empresas y comunidades sobre la importancia de proteger los ecosistemas marinos y limitar la extracci\u00f3n indiscriminada de agua subterr\u00e1nea.<\/p>\n\n\n\n<p>Si las tendencias actuales contin\u00faan, la geograf\u00eda de Am\u00e9rica Latina podr\u00eda cambiar dr\u00e1sticamente en las pr\u00f3ximas d\u00e9cadas.<\/p>\n\n\n\n<p class=\"has-text-align-center\"><strong><a href=\"https:\/\/chat.whatsapp.com\/KWkTmakY3I05kNdd2oZl6d\"><em>\u00daNETE A NUESTRO GRUPO DE WHATSAPP PARA ESTAR INFORMADO<\/em><\/a><\/strong><\/p>\n\n\n\n<p class=\"has-text-align-right\"><strong><em>Con Informaci\u00f3n de La Naci\u00f3n.-<\/em><\/strong><\/p>\n","protected":false},"excerpt":{"rendered":"<p>El aumento del nivel del mar, impulsado por el cambio clim\u00e1tico, amenaza a ciudades latinoamericanas: \u00bfhay zonas argentinas entre ellas?<\/p>\n","protected":false},"author":3,"featured_media":69545,"comment_status":"closed","ping_status":"closed","sticky":false,"template":"","format":"standard","meta":{"jnews-multi-image_gallery":[],"jnews_single_post":{"format":"standard"},"jnews_primary_category":[],"jnews_social_meta":[],"jnews_review":[],"enable_review":"","type":"","name":"","summary":"","brand":"","sku":"","good":[],"bad":[],"score_override":"","override_value":"","rating":[],"price":[],"jnews_override_counter":[],"jnews_post_split":[],"footnotes":""},"categories":[43],"tags":[3985,270,45,26197],"class_list":["post-69544","post","type-post","status-publish","format-standard","has-post-thumbnail","hentry","category-actualidad","tag-cambio-climatico-2","tag-inundaciones","tag-noticias","tag-proyecto-naturaleza"],"amp_enabled":true,"_links":{"self":[{"href":"https:\/\/esreviral.com\/index.php?rest_route=\/wp\/v2\/posts\/69544"}],"collection":[{"href":"https:\/\/esreviral.com\/index.php?rest_route=\/wp\/v2\/posts"}],"about":[{"href":"https:\/\/esreviral.com\/index.php?rest_route=\/wp\/v2\/types\/post"}],"author":[{"embeddable":true,"href":"https:\/\/esreviral.com\/index.php?rest_route=\/wp\/v2\/users\/3"}],"replies":[{"embeddable":true,"href":"https:\/\/esreviral.com\/index.php?rest_route=%2Fwp%2Fv2%2Fcomments&post=69544"}],"version-history":[{"count":1,"href":"https:\/\/esreviral.com\/index.php?rest_route=\/wp\/v2\/posts\/69544\/revisions"}],"predecessor-version":[{"id":69546,"href":"https:\/\/esreviral.com\/index.php?rest_route=\/wp\/v2\/posts\/69544\/revisions\/69546"}],"wp:featuredmedia":[{"embeddable":true,"href":"https:\/\/esreviral.com\/index.php?rest_route=\/wp\/v2\/media\/69545"}],"wp:attachment":[{"href":"https:\/\/esreviral.com\/index.php?rest_route=%2Fwp%2Fv2%2Fmedia&parent=69544"}],"wp:term":[{"taxonomy":"category","embeddable":true,"href":"https:\/\/esreviral.com\/index.php?rest_route=%2Fwp%2Fv2%2Fcategories&post=69544"},{"taxonomy":"post_tag","embeddable":true,"href":"https:\/\/esreviral.com\/index.php?rest_route=%2Fwp%2Fv2%2Ftags&post=69544"}],"curies":[{"name":"wp","href":"https:\/\/api.w.org\/{rel}","templated":true}]}}