{"id":69522,"date":"2025-02-28T10:37:37","date_gmt":"2025-02-28T15:37:37","guid":{"rendered":"https:\/\/esreviral.com\/?p=69522"},"modified":"2025-02-28T10:37:38","modified_gmt":"2025-02-28T15:37:38","slug":"paro-de-trenes-confirmado-para-este-sabado-1-de-marzo-todos-los-detalles","status":"publish","type":"post","link":"https:\/\/esreviral.com\/?p=69522","title":{"rendered":"Paro de trenes confirmado para este s\u00e1bado 1 de marzo: todos los detalles"},"content":{"rendered":"\n<p>Este s\u00e1bado 1\u00b0 de marzo, el <strong>servicio de trenes en el \u00c1rea Metropolitana de Buenos Aires (AMBA)<\/strong> quedar\u00e1 completamente suspendido debido a un <strong>paro de 24 horas<\/strong> convocado por el sindicato de maquinistas La Fraternidad. La medida afectar\u00e1 todas las l\u00edneas urbanas: <strong>Roca, Sarmiento, San Mart\u00edn, Belgrano, Mitre y Urquiza.<\/strong><\/p>\n\n\n\n<p>El conflicto surge tras la negativa de <strong>Trenes Argentinos <\/strong>a otorgar el <strong><a href=\"https:\/\/esreviral.com\/?p=69235\" data-type=\"link\" data-id=\"https:\/\/esreviral.com\/?p=69235\">feriado por el D\u00eda del Ferroviario<\/a><\/strong>, un derecho contemplado en el convenio colectivo. Inicialmente, los maquinistas planeaban ausentarse individualmente notificando a la empresa. Sin embargo, tras presiones de Trenes Argentinos para que cumplieran con sus tareas, el gremio decidi\u00f3 oficializar el paro mediante una carta documento.<\/p>\n\n\n\n<p class=\"has-text-align-center\"><em><strong><em><strong><em><strong><em><strong><a href=\"https:\/\/t.me\/esreviral\">\u00daNETE A NUESTRO CANAL DE TELEGRAM PARA ESTAR INFORMADO<\/a><\/strong><\/em><\/strong><\/em><\/strong><\/em><\/strong><\/em><\/p>\n\n\n\n<p>La medida se da en un contexto de negociaciones salariales estancadas. La Fraternidad reclama una recomposici\u00f3n del 46% ante la p\u00e9rdida del poder adquisitivo en el \u00faltimo a\u00f1o, mientras que el Gobierno solo ha ofrecido un aumento del 3,5% en cuotas, lo que el sindicato considera insuficiente.<\/p>\n\n\n\n<p>\u201c<strong><em>Desde octubre venimos reclamando sin respuestas. Nos impusieron un aumento que no aceptamos, por eso decidimos esta medida de fuerza<\/em><\/strong>\u201d, expres\u00f3 Omar Maturano, secretario general de La Fraternidad.<\/p>\n\n\n\n<p>Si bien el servicio se retomar\u00e1 el domingo 2 de marzo y se mantendr\u00e1 operativo durante los feriados de Carnaval (3 y 4 de marzo), el sindicato advirti\u00f3 que podr\u00eda intensificar las protestas si no se atienden sus demandas. Un plenario de bases, previsto para este s\u00e1bado, definir\u00e1 los pr\u00f3ximos pasos del gremio.<\/p>\n\n\n\n<p class=\"has-text-align-center\"><strong><a href=\"https:\/\/chat.whatsapp.com\/KWkTmakY3I05kNdd2oZl6d\"><em>\u00daNETE A NUESTRO GRUPO DE WHATSAPP PARA ESTAR INFORMADO<\/em><\/a><\/strong><\/p>\n\n\n\n<p class=\"has-text-align-right\"><strong><em>Con Informaci\u00f3n de TN.-<\/em><\/strong><\/p>\n","protected":false},"excerpt":{"rendered":"<p>La medida de fuerza es por 24 horas y se defini\u00f3 luego de la negativa de Trenes Argentinos de otorgarle el feriado por el D\u00eda del Ferroviario a los maquinistas. No habr\u00e1 trenes en el AMBA, pero s\u00ed funcionar\u00e1n los de larga distancia.<\/p>\n","protected":false},"author":3,"featured_media":69523,"comment_status":"closed","ping_status":"closed","sticky":false,"template":"","format":"standard","meta":{"jnews-multi-image_gallery":[],"jnews_single_post":{"format":"standard"},"jnews_primary_category":[],"jnews_social_meta":[],"jnews_review":[],"enable_review":"","type":"","name":"","summary":"","brand":"","sku":"","good":[],"bad":[],"score_override":"","override_value":"","rating":[],"price":[],"jnews_override_counter":[],"jnews_post_split":[],"footnotes":""},"categories":[58],"tags":[204,44,3818,45,1712,26186,4179],"class_list":["post-69522","post","type-post","status-publish","format-standard","has-post-thumbnail","hentry","category-argentina","tag-amba","tag-argentina","tag-la-fraternidad","tag-noticias","tag-paro-de-trenes","tag-servicio-de-trenes","tag-trenes-argentinos"],"amp_enabled":true,"_links":{"self":[{"href":"https:\/\/esreviral.com\/index.php?rest_route=\/wp\/v2\/posts\/69522"}],"collection":[{"href":"https:\/\/esreviral.com\/index.php?rest_route=\/wp\/v2\/posts"}],"about":[{"href":"https:\/\/esreviral.com\/index.php?rest_route=\/wp\/v2\/types\/post"}],"author":[{"embeddable":true,"href":"https:\/\/esreviral.com\/index.php?rest_route=\/wp\/v2\/users\/3"}],"replies":[{"embeddable":true,"href":"https:\/\/esreviral.com\/index.php?rest_route=%2Fwp%2Fv2%2Fcomments&post=69522"}],"version-history":[{"count":1,"href":"https:\/\/esreviral.com\/index.php?rest_route=\/wp\/v2\/posts\/69522\/revisions"}],"predecessor-version":[{"id":69524,"href":"https:\/\/esreviral.com\/index.php?rest_route=\/wp\/v2\/posts\/69522\/revisions\/69524"}],"wp:featuredmedia":[{"embeddable":true,"href":"https:\/\/esreviral.com\/index.php?rest_route=\/wp\/v2\/media\/69523"}],"wp:attachment":[{"href":"https:\/\/esreviral.com\/index.php?rest_route=%2Fwp%2Fv2%2Fmedia&parent=69522"}],"wp:term":[{"taxonomy":"category","embeddable":true,"href":"https:\/\/esreviral.com\/index.php?rest_route=%2Fwp%2Fv2%2Fcategories&post=69522"},{"taxonomy":"post_tag","embeddable":true,"href":"https:\/\/esreviral.com\/index.php?rest_route=%2Fwp%2Fv2%2Ftags&post=69522"}],"curies":[{"name":"wp","href":"https:\/\/api.w.org\/{rel}","templated":true}]}}