{"id":69516,"date":"2025-02-28T10:02:18","date_gmt":"2025-02-28T15:02:18","guid":{"rendered":"https:\/\/esreviral.com\/?p=69516"},"modified":"2025-02-28T10:03:16","modified_gmt":"2025-02-28T15:03:16","slug":"detenida-mujer-por-intentar-vender-a-su-bebe-de-cuatro-meses","status":"publish","type":"post","link":"https:\/\/esreviral.com\/?p=69516","title":{"rendered":"Detenida mujer por intentar vender a su beb\u00e9 de cuatro meses"},"content":{"rendered":"\n<p>Funcionarios de la <strong>Polic\u00eda Nacional Bolivariana<\/strong> detuvieron a una joven acusada de<strong> intentar comercializar a su beb\u00e9 de cuatro meses por 15 d\u00f3lares<\/strong>.<\/p>\n\n\n\n<p>La madre, junto a una c\u00f3mplice cuya identidad no fue revelada, se encontraba en la parroquia Ju\u00e1rez, municipio Iribarren, estado Lara, Venezuela. Desde all\u00ed, ambas se trasladaron a Tucacas, estado Falc\u00f3n, para concretar la transacci\u00f3n.<\/p>\n\n\n\n<p>Ambas fueron arrestadas y puestas a disposici\u00f3n del Ministerio P\u00fablico, mientras la beb\u00e9 fue rescatada. Las autoridades contin\u00faan investigando para identificar a otros posibles implicados en lo que podr\u00eda ser una red delictiva.<\/p>\n\n\n\n<p class=\"has-text-align-center\"><em><strong><em><strong><em><strong><em><strong><a href=\"https:\/\/t.me\/esreviral\">\u00daNETE A NUESTRO CANAL DE TELEGRAM PARA ESTAR INFORMADO<\/a><\/strong><\/em><\/strong><\/em><\/strong><\/em><\/strong><\/em><\/p>\n\n\n\n<p class=\"has-text-align-center\"><strong><a href=\"https:\/\/chat.whatsapp.com\/KWkTmakY3I05kNdd2oZl6d\"><em>\u00daNETE A NUESTRO GRUPO DE WHATSAPP PARA ESTAR INFORMADO<\/em><\/a><\/strong><\/p>\n\n\n\n<p class=\"has-text-align-right\"><strong><em>Con Informaci\u00f3n de noticialdia.com.-<\/em><\/strong><\/p>\n","protected":false},"excerpt":{"rendered":"<p>Funcionarios de la Polic\u00eda Nacional Bolivariana (PNB) han detenido a una joven madre en la parroquia Ju\u00e1rez, del municipio Iribarren, estado Lara, tras intentar comercializar a su hija de apenas cuatro meses. La mujer, junto a un c\u00f3mplice, fue arrestada cuando intentaban vender a la reci\u00e9n nacida por la suma de 15 d\u00f3lares.<\/p>\n","protected":false},"author":3,"featured_media":69517,"comment_status":"closed","ping_status":"closed","sticky":false,"template":"","format":"standard","meta":{"jnews-multi-image_gallery":[],"jnews_single_post":{"format":"standard"},"jnews_primary_category":[],"jnews_social_meta":[],"jnews_review":[],"enable_review":"","type":"","name":"","summary":"","brand":"","sku":"","good":[],"bad":[],"score_override":"","override_value":"","rating":[],"price":[],"jnews_override_counter":[],"jnews_post_split":[],"footnotes":""},"categories":[64,66],"tags":[26184,473,182,45,7684,56],"class_list":["post-69516","post","type-post","status-publish","format-standard","has-post-thumbnail","hentry","category-sucesos","category-venezuela","tag-comercializar-a-su-bebe","tag-lara","tag-ministerio-publico","tag-noticias","tag-policia-nacional-bolivariana","tag-venezuela"],"amp_enabled":true,"_links":{"self":[{"href":"https:\/\/esreviral.com\/index.php?rest_route=\/wp\/v2\/posts\/69516"}],"collection":[{"href":"https:\/\/esreviral.com\/index.php?rest_route=\/wp\/v2\/posts"}],"about":[{"href":"https:\/\/esreviral.com\/index.php?rest_route=\/wp\/v2\/types\/post"}],"author":[{"embeddable":true,"href":"https:\/\/esreviral.com\/index.php?rest_route=\/wp\/v2\/users\/3"}],"replies":[{"embeddable":true,"href":"https:\/\/esreviral.com\/index.php?rest_route=%2Fwp%2Fv2%2Fcomments&post=69516"}],"version-history":[{"count":2,"href":"https:\/\/esreviral.com\/index.php?rest_route=\/wp\/v2\/posts\/69516\/revisions"}],"predecessor-version":[{"id":69520,"href":"https:\/\/esreviral.com\/index.php?rest_route=\/wp\/v2\/posts\/69516\/revisions\/69520"}],"wp:featuredmedia":[{"embeddable":true,"href":"https:\/\/esreviral.com\/index.php?rest_route=\/wp\/v2\/media\/69517"}],"wp:attachment":[{"href":"https:\/\/esreviral.com\/index.php?rest_route=%2Fwp%2Fv2%2Fmedia&parent=69516"}],"wp:term":[{"taxonomy":"category","embeddable":true,"href":"https:\/\/esreviral.com\/index.php?rest_route=%2Fwp%2Fv2%2Fcategories&post=69516"},{"taxonomy":"post_tag","embeddable":true,"href":"https:\/\/esreviral.com\/index.php?rest_route=%2Fwp%2Fv2%2Ftags&post=69516"}],"curies":[{"name":"wp","href":"https:\/\/api.w.org\/{rel}","templated":true}]}}