{"id":69503,"date":"2025-02-28T09:21:03","date_gmt":"2025-02-28T14:21:03","guid":{"rendered":"https:\/\/esreviral.com\/?p=69503"},"modified":"2025-02-28T09:24:49","modified_gmt":"2025-02-28T14:24:49","slug":"maximo-kirchner-respaldo-a-axel-kicillof-luego-de-que-javier-milei-pidiera-su-renuncia-devuelva-los-fondos-de-seguridad","status":"publish","type":"post","link":"https:\/\/esreviral.com\/?p=69503","title":{"rendered":"M\u00e1ximo Kirchner respald\u00f3 a Axel Kicillof luego de que Javier Milei pidiera su renuncia: \u201cDevuelva los fondos de seguridad\u201d"},"content":{"rendered":"\n<p>El<strong> Partido Justicialista<\/strong> (PJ) bonaerense denunci\u00f3 un \u201c<strong><em>acto de extrema gravedad institucional\u201d<\/em><\/strong> por parte del <strong><em>presidente Javier Milei<\/em><\/strong>, luego de que este <strong><a href=\"https:\/\/esreviral.com\/?p=69491\" data-type=\"link\" data-id=\"https:\/\/esreviral.com\/?p=69491\">pidiera la renuncia del gobernador Axel Kicillof <\/a><\/strong>y sugiriera intervenir la provincia de Buenos Aires tras una serie de cr\u00edmenes ocurridos en el conurbano. Adem\u00e1s, reiter\u00f3 su reclamo al Gobierno nacional por la quita de<strong> fondos destinados a la seguridad.<\/strong><\/p>\n\n\n\n<p>\u201c<strong><em>\u00bfHasta d\u00f3nde el Presidente seguir\u00e1 agrediendo a las y los bonaerenses que eligieron democr\u00e1ticamente a sus representantes?<\/em><\/strong>\u201d, cuestion\u00f3 el PJ en un comunicado difundido en redes sociales. \u201c<strong><em>Lo llamamos a la reflexi\u00f3n, como ya lo hicimos cuando promovi\u00f3 irresponsablemente la rebeli\u00f3n fiscal para desfinanciar la provincia\u201d<\/em><\/strong>, agregaron.<\/p>\n\n\n\n<p>El espacio que lidera <strong>M\u00e1ximo Kirchner <\/strong>tambi\u00e9n exigi\u00f3 la restituci\u00f3n de los recursos recortados: \u201c<strong><em>Si realmente le preocupa la vida de los bonaerenses, hoy mismo comience a trabajar en conjunto con la provincia y devuelva los m\u00e1s de 700 mil millones de pesos que quit\u00f3 para seguridad. Salvo que solo quiera aprovechar este doloroso momento para fines electoralistas<\/em><\/strong>\u201d.<\/p>\n\n\n\n<p>Asimismo, el PJ bonaerense acus\u00f3 a funcionarios y legisladores libertarios de \u201c<strong><em>irresponsabilidad\u201d<\/em><\/strong> por \u201cpromover consignas violentas y llamar a instalar tendencias en redes sociales acusando al gobernador de asesino\u201d. \u201c<strong><em>Conv\u00f3quelos tambi\u00e9n a renunciar a esas pr\u00e1cticas y a redoblar esfuerzos por la seguridad\u201d,<\/em><\/strong> concluyeron.<\/p>\n\n\n\n<p class=\"has-text-align-center\"><em><strong><em><strong><em><strong><em><strong><a href=\"https:\/\/t.me\/esreviral\">\u00daNETE A NUESTRO CANAL DE TELEGRAM PARA ESTAR INFORMADO<\/a><\/strong><\/em><\/strong><\/em><\/strong><\/em><\/strong><\/em><\/p>\n\n\n\n<figure class=\"wp-block-image size-large\"><img decoding=\"async\" src=\"https:\/\/tn.com.ar\/resizer\/v2\/la-respuesta-del-pj-bonaerense-a-javier-milei-foto-captura-de-x-KB6NBU2K3FG7ZNRMS5L7B36PCA.JPG?auth=1cedb775050a56a415929ec7bb88dc6e8e01b0d5cd1ba53fc79e5f440b60baa2&amp;width=1440\" alt=\"\"\/><\/figure>\n\n\n\n<h3 class=\"wp-block-heading\"><strong><mark style=\"background-color:rgba(0, 0, 0, 0)\" class=\"has-inline-color has-vivid-red-color\">La respuesta de Milei a Kicillof<\/mark><\/strong><\/h3>\n\n\n\n<p>En una publicaci\u00f3n en redes sociales, Milei volvi\u00f3 a responsabilizar a Kicillof por la ola de inseguridad en la provincia y desestim\u00f3 su invitaci\u00f3n a coordinar esfuerzos en la materia.<\/p>\n\n\n\n<p>\u201cNo se puede trabajar con alguien como usted, que cree que los delincuentes son las v\u00edctimas, mientras nosotros creemos que los delincuentes son los malos y que el que las hace, las paga\u201d, afirm\u00f3 el Presidente.<\/p>\n\n\n\n<p>Milei llev\u00f3 la disputa al plano ideol\u00f3gico, acusando a Kicillof de sostener una \u201cdoctrina prodelincuentes con ra\u00edces en el pensamiento atroz de [Eugenio] Zaffaroni\u201d y asegurando que su gobierno est\u00e1 en \u201clas ant\u00edpodas\u201d de ese enfoque, al adherir a la pol\u00edtica de \u201ctolerancia cero\u201d de Becker-Giuliani.<\/p>\n\n\n\n<p>Adem\u00e1s, insisti\u00f3 en que la provincia de Buenos Aires no puede resolver la crisis de seguridad por tener una visi\u00f3n \u201ctan distinta\u201d de la pol\u00edtica nacional. \u201cSi le interesa el bienestar de los bonaerenses, c\u00f3rrase del camino (esto es, renuncie) y d\u00e9jenos intervenir la provincia. En un a\u00f1o, nosotros vamos a terminar con la violencia\u201d, sostuvo el mandatario.<\/p>\n\n\n\n<h3 class=\"wp-block-heading\"><strong><mark style=\"background-color:rgba(0, 0, 0, 0)\" class=\"has-inline-color has-vivid-red-color\">La respuesta del gobierno bonaerense<\/mark><\/strong><\/h3>\n\n\n\n<figure class=\"wp-block-image size-large\"><img decoding=\"async\" src=\"https:\/\/tn.com.ar\/resizer\/v2\/gabriel-katopodis-tildo-a-milei-de-estafador-y-lo-acuso-de-utilizar-el-dolor-de-la-gente-para-ganar-un-voto-mas-foto-captura-de-x-B6PR6GM5ZRBJZA75544N64MOHQ.JPG?auth=7eaad9256afd94b7a2972a89d37aeb76a3d565d5bcc70217e0347b0f33ea5283&amp;width=1440\" alt=\"\"\/><\/figure>\n\n\n\n<p><\/p>\n\n\n\n<p>Funcionarios y legisladores bonaerenses respaldaron a Kicillof y cuestionaron los dichos de Milei.<\/p>\n\n\n\n<p>El ministro de Infraestructura y Servicios P\u00fablicos, Gabriel Katopodis, calific\u00f3 al Presidente de \u201cestafador\u201d y lo acus\u00f3 de \u201cutilizar el dolor de la gente para ganar un voto m\u00e1s\u201d. Adem\u00e1s, lo responsabiliz\u00f3 por el recorte de fondos destinados a la seguridad: \u201cSe qued\u00f3 con 750 mil millones de pesos que iban directamente a fortalecer el sistema de seguridad, en su desesperaci\u00f3n por sostener la bicicleta financiera que mont\u00f3 con Luis Caputo\u201d.<\/p>\n\n\n\n<p>El ministro de Justicia bonaerense, Juan Mart\u00edn Mena, se\u00f1al\u00f3 que Milei busca \u201csacar una ventajita pol\u00edtica\u201d aprovechando la conmoci\u00f3n por el crimen de Kim G\u00f3mez. \u201cFrente al dolor de una familia argentina, aparece una especulaci\u00f3n tan berreta y deshumanizada que duele much\u00edsimo\u201d, expres\u00f3.<\/p>\n\n\n\n<p>En tanto, el presidente de la C\u00e1mara de Diputados de la provincia, Alexis Guerrera, advirti\u00f3 sobre la gravedad institucional del planteo del Presidente. Germ\u00e1n Mart\u00ednez, titular del bloque de Uni\u00f3n por la Patria en Diputados, tambi\u00e9n critic\u00f3 el pedido de renuncia a Kicillof, al que calific\u00f3 de \u201cproclama antifederal\u201d.<\/p>\n\n\n\n<p>\u201cEsta agresi\u00f3n no es solo contra el gobernador Kicillof, sino contra todos los gobernadores y provincias. Espero que -m\u00e1s all\u00e1 del signo pol\u00edtico- todos los mandatarios provinciales tomen nota\u201d, advirti\u00f3 en X.<\/p>\n\n\n\n<p>Por su parte, la diputada nacional Victoria Tolosa Paz acus\u00f3 a Milei de ser el verdadero responsable de la crisis de seguridad en Buenos Aires. \u201cLa sangre es suya, Milei\u201d, sentenci\u00f3.<\/p>\n\n\n\n<p class=\"has-text-align-center\"><strong><a href=\"https:\/\/chat.whatsapp.com\/KWkTmakY3I05kNdd2oZl6d\"><em>\u00daNETE A NUESTRO GRUPO DE WHATSAPP PARA ESTAR INFORMADO<\/em><\/a><\/strong><\/p>\n\n\n\n<p class=\"has-text-align-right\"><strong><em>Con Informaci\u00f3n de TN.-<\/em><\/strong><\/p>\n","protected":false},"excerpt":{"rendered":"<p>El diputado lanz\u00f3 un comunicado despu\u00e9s de que el Presidente le pidiera al gobernador que lo deje intervenir la provincia.<\/p>\n","protected":false},"author":3,"featured_media":69504,"comment_status":"closed","ping_status":"closed","sticky":false,"template":"","format":"standard","meta":{"jnews-multi-image_gallery":[],"jnews_single_post":{"format":"standard"},"jnews_primary_category":[],"jnews_social_meta":[],"jnews_review":[],"enable_review":"","type":"","name":"","summary":"","brand":"","sku":"","good":[],"bad":[],"score_override":"","override_value":"","rating":[],"price":[],"jnews_override_counter":[],"jnews_post_split":[],"footnotes":""},"categories":[58,59],"tags":[44,888,26183,1158,1522,45],"class_list":["post-69503","post","type-post","status-publish","format-standard","has-post-thumbnail","hentry","category-argentina","category-politica","tag-argentina","tag-axel-kicillof","tag-fondos-de-seguridad","tag-javier-milei","tag-maximo-kirchner","tag-noticias"],"_links":{"self":[{"href":"https:\/\/esreviral.com\/index.php?rest_route=\/wp\/v2\/posts\/69503","targetHints":{"allow":["GET"]}}],"collection":[{"href":"https:\/\/esreviral.com\/index.php?rest_route=\/wp\/v2\/posts"}],"about":[{"href":"https:\/\/esreviral.com\/index.php?rest_route=\/wp\/v2\/types\/post"}],"author":[{"embeddable":true,"href":"https:\/\/esreviral.com\/index.php?rest_route=\/wp\/v2\/users\/3"}],"replies":[{"embeddable":true,"href":"https:\/\/esreviral.com\/index.php?rest_route=%2Fwp%2Fv2%2Fcomments&post=69503"}],"version-history":[{"count":2,"href":"https:\/\/esreviral.com\/index.php?rest_route=\/wp\/v2\/posts\/69503\/revisions"}],"predecessor-version":[{"id":69506,"href":"https:\/\/esreviral.com\/index.php?rest_route=\/wp\/v2\/posts\/69503\/revisions\/69506"}],"wp:featuredmedia":[{"embeddable":true,"href":"https:\/\/esreviral.com\/index.php?rest_route=\/wp\/v2\/media\/69504"}],"wp:attachment":[{"href":"https:\/\/esreviral.com\/index.php?rest_route=%2Fwp%2Fv2%2Fmedia&parent=69503"}],"wp:term":[{"taxonomy":"category","embeddable":true,"href":"https:\/\/esreviral.com\/index.php?rest_route=%2Fwp%2Fv2%2Fcategories&post=69503"},{"taxonomy":"post_tag","embeddable":true,"href":"https:\/\/esreviral.com\/index.php?rest_route=%2Fwp%2Fv2%2Ftags&post=69503"}],"curies":[{"name":"wp","href":"https:\/\/api.w.org\/{rel}","templated":true}]}}