{"id":69494,"date":"2025-02-28T08:31:58","date_gmt":"2025-02-28T13:31:58","guid":{"rendered":"https:\/\/esreviral.com\/?p=69494"},"modified":"2025-02-28T08:31:59","modified_gmt":"2025-02-28T13:31:59","slug":"buenos-aires-construira-la-linea-f-de-subte-tras-25-anos-sin-una-nueva","status":"publish","type":"post","link":"https:\/\/esreviral.com\/?p=69494","title":{"rendered":"Buenos Aires construir\u00e1 la L\u00ednea F de subte tras 25 a\u00f1os sin una nueva"},"content":{"rendered":"\n<p>El jefe de Gobierno porte\u00f1o, <strong>Jorge Macri,<\/strong> anunci\u00f3 <strong>la construcci\u00f3n de la L\u00ednea F de subte<\/strong> en el marco de la <em>Agenda 2025: Buenos Aires Primero<\/em>, <strong>marcando el regreso de las nuevas l\u00edneas tras 25 a\u00f1os.<\/strong><\/p>\n\n\n\n<p>\u00ab<strong><em>Hoy damos un paso hist\u00f3rico: la L\u00ednea F, con F de futuro. Es un orgullo encarar la obra de infraestructura urbana m\u00e1s grande del pa\u00eds<\/em><\/strong>\u00ab, afirm\u00f3 desde la estaci\u00f3n Facultad de Derecho. Destac\u00f3 adem\u00e1s que la F y la incorporaci\u00f3n del TramBus representan \u00ab<strong><em>un gran salto de calidad en la transformaci\u00f3n de la Ciudad, como lo fueron el Metrobus, las bicisendas y el Paseo del Bajo\u00bb.<\/em><\/strong><\/p>\n\n\n\n<p class=\"has-text-align-center\"><em><strong><em><strong><em><strong><em><strong><a href=\"https:\/\/t.me\/esreviral\">\u00daNETE A NUESTRO CANAL DE TELEGRAM PARA ESTAR INFORMADO<\/a><\/strong><\/em><\/strong><\/em><\/strong><\/em><\/strong><\/em><\/p>\n\n\n\n<h3 class=\"wp-block-heading\"><strong><mark style=\"background-color:rgba(0, 0, 0, 0)\" class=\"has-inline-color has-vivid-red-color\">Conectividad y trazado<\/mark><\/strong><\/h3>\n\n\n\n<p><strong>La L\u00ednea F<\/strong> ser\u00e1 clave para mejorar la <strong>conectividad norte-sur de la Ciudad,<\/strong> descongestionar\u00e1 la L\u00ednea C y facilitar\u00e1 el acceso a todas las l\u00edneas de subte y al Ferrocarril Roca. Abarcar\u00e1 los barrios de Barracas, Constituci\u00f3n, San Crist\u00f3bal, Monserrat, San Nicol\u00e1s, Recoleta y Palermo.<\/p>\n\n\n\n<p>La obra se ejecutar\u00e1 en dos etapas. La primera incluir\u00e1 seis estaciones: Brandsen, Constituci\u00f3n, Cochabamba, Chile, Congreso y Tucum\u00e1n. En total, la l\u00ednea tendr\u00e1 11 estaciones y un recorrido de 9 kil\u00f3metros.<\/p>\n\n\n\n<p><strong><em>\u00abEste es probablemente el legado m\u00e1s importante que podemos dejarle a la Ciudad. No frenamos la obra p\u00fablica ni nos quedamos en anuncios. Una sola Ciudad: mejor conectada, m\u00e1s segura y con servicios de calidad<\/em><\/strong>\u00ab, sostuvo Macri junto al ministro de Infraestructura, Pablo Bereciartua.<\/p>\n\n\n\n<figure class=\"wp-block-image size-large\"><img fetchpriority=\"high\" decoding=\"async\" width=\"1024\" height=\"683\" src=\"https:\/\/esreviral.com\/wp-content\/uploads\/2025\/02\/WhatsApp_Image_2025-02-28_at_8.27.44_AM-1024x683.jpeg\" alt=\"\" class=\"wp-image-69496\" srcset=\"https:\/\/esreviral.com\/wp-content\/uploads\/2025\/02\/WhatsApp_Image_2025-02-28_at_8.27.44_AM-1024x683.jpeg 1024w, https:\/\/esreviral.com\/wp-content\/uploads\/2025\/02\/WhatsApp_Image_2025-02-28_at_8.27.44_AM-300x200.jpeg 300w, https:\/\/esreviral.com\/wp-content\/uploads\/2025\/02\/WhatsApp_Image_2025-02-28_at_8.27.44_AM-768x512.jpeg 768w, https:\/\/esreviral.com\/wp-content\/uploads\/2025\/02\/WhatsApp_Image_2025-02-28_at_8.27.44_AM-1536x1024.jpeg 1536w, https:\/\/esreviral.com\/wp-content\/uploads\/2025\/02\/WhatsApp_Image_2025-02-28_at_8.27.44_AM-2048x1365.jpeg 2048w\" sizes=\"(max-width: 1024px) 100vw, 1024px\" \/><\/figure>\n\n\n\n<h3 class=\"wp-block-heading\"><strong><mark style=\"background-color:rgba(0, 0, 0, 0)\" class=\"has-inline-color has-vivid-red-color\">Inversi\u00f3n y plazos<\/mark><\/strong><\/h3>\n\n\n\n<p>En los pr\u00f3ximos 60 d\u00edas, el Ministerio de Infraestructura publicar\u00e1 las condiciones para la licitaci\u00f3n nacional e internacional, prevista para junio. La construcci\u00f3n iniciar\u00e1 en 2026 y la inauguraci\u00f3n est\u00e1 programada para 2031.<\/p>\n\n\n\n<p>La L\u00ednea F transportar\u00e1 m\u00e1s de 300 mil pasajeros diarios y contar\u00e1 con tecnolog\u00eda de \u00faltima generaci\u00f3n en se\u00f1ales y trenes 0 km con aire acondicionado. Tambi\u00e9n se construir\u00e1 una cochera y un taller para mantenimiento.<\/p>\n\n\n\n<p>La primera etapa demandar\u00e1 una inversi\u00f3n de 1.050 millones de d\u00f3lares e incluir\u00e1 la licitaci\u00f3n del tramo de 5 kil\u00f3metros entre Barracas y Callao (L\u00ednea D), el sector con mayor demanda seg\u00fan los estudios. La l\u00ednea combinar\u00e1 con todas las dem\u00e1s, excepto con la H.<\/p>\n\n\n\n<p><strong>Cronograma de la Etapa 1:<\/strong><br>\u2714 <em>Cierre del estudio de impacto ambiental:<\/em> septiembre de 2025<br>\u2714 <em>Licitaci\u00f3n obra civil:<\/em> desde junio de 2025<br>\u2714 <em>Inicio de obra civil:<\/em> agosto de 2026 &#8211; fines de 2030<br>\u2714 <em>Licitaci\u00f3n y adquisici\u00f3n de se\u00f1ales y potencia:<\/em> 2027-2030<br>\u2714 <em>Licitaci\u00f3n y compra de material rodante:<\/em> 2026-2030<br>\u2714 <em>Inicio de operaciones:<\/em> 2031<\/p>\n\n\n\n<h3 class=\"wp-block-heading\"><strong><mark style=\"background-color:rgba(0, 0, 0, 0)\" class=\"has-inline-color has-vivid-red-color\">Modernizaci\u00f3n de la red<\/mark><\/strong><\/h3>\n\n\n\n<p>El Gobierno porte\u00f1o avanza con un plan integral de renovaci\u00f3n en la red de subtes. Se adquirieron 214 nuevos vagones para mejorar la frecuencia en las l\u00edneas A, B y C, con una inversi\u00f3n de 370 millones de d\u00f3lares, la mayor en la \u00faltima d\u00e9cada.<\/p>\n\n\n\n<p>Asimismo, se realizan obras en 16 estaciones, incluyendo el cierre temporal de Lima (L\u00ednea A), Pueyrred\u00f3n (L\u00ednea B) y Palermo (L\u00ednea D), mientras avanza la renovaci\u00f3n en Plaza Italia. Pr\u00f3ximamente, se intervendr\u00e1n las estaciones Uruguay, Carlos Gardel y Malabia (L\u00ednea B); Ag\u00fcero, Loria, R\u00edo de Janeiro, Piedras y Congreso (L\u00ednea A). En el Premetro, las mejoras comenzaron en Fern\u00e1ndez de la Cruz y Ana Mar\u00eda Janer, y seguir\u00e1n en Larraz\u00e1bal, Nicol\u00e1s Descalzi y Gabino Ezeiza.<\/p>\n\n\n\n<figure class=\"wp-block-image size-large\"><img decoding=\"async\" width=\"973\" height=\"1024\" src=\"https:\/\/esreviral.com\/wp-content\/uploads\/2025\/02\/WhatsApp_Image_2025-02-28_at_8.20.01_AM-973x1024.jpeg\" alt=\"\" class=\"wp-image-69495\" srcset=\"https:\/\/esreviral.com\/wp-content\/uploads\/2025\/02\/WhatsApp_Image_2025-02-28_at_8.20.01_AM-973x1024.jpeg 973w, https:\/\/esreviral.com\/wp-content\/uploads\/2025\/02\/WhatsApp_Image_2025-02-28_at_8.20.01_AM-285x300.jpeg 285w, https:\/\/esreviral.com\/wp-content\/uploads\/2025\/02\/WhatsApp_Image_2025-02-28_at_8.20.01_AM-768x808.jpeg 768w, https:\/\/esreviral.com\/wp-content\/uploads\/2025\/02\/WhatsApp_Image_2025-02-28_at_8.20.01_AM-1460x1536.jpeg 1460w, https:\/\/esreviral.com\/wp-content\/uploads\/2025\/02\/WhatsApp_Image_2025-02-28_at_8.20.01_AM.jpeg 1521w\" sizes=\"(max-width: 973px) 100vw, 973px\" \/><\/figure>\n\n\n\n<h3 class=\"wp-block-heading\"><strong><mark style=\"background-color:rgba(0, 0, 0, 0)\" class=\"has-inline-color has-vivid-red-color\">Dos nuevas l\u00edneas de TramBus<\/mark><\/strong><\/h3>\n\n\n\n<p>Jorge Macri tambi\u00e9n anunci\u00f3 la incorporaci\u00f3n de dos nuevas l\u00edneas de TramBus, un sistema de transporte el\u00e9ctrico en superficie con carriles exclusivos y sem\u00e1foros sincronizados.<\/p>\n\n\n\n<p>\u00abEl TramBus es una especie de subte en superficie, similar al Metrobus, pero m\u00e1s moderno, sostenible, adaptado a personas con discapacidad y silencioso, lo que reduce la contaminaci\u00f3n sonora\u00bb, explic\u00f3 Macri.<\/p>\n\n\n\n<p>\ud83d\ude8b <strong>TramBus 1 (T1):<\/strong> Operar\u00e1 desde 2026, conectando Aeroparque con el Centro de Trasbordo S\u00e1enz, atravesando Palermo, Villa Crespo, Caballito, Almagro, Parque Chacabuco, Boedo, Parque Patricios y Nueva Pompeya. Tendr\u00e1 conexi\u00f3n con cinco l\u00edneas de subte y la estaci\u00f3n S\u00e1enz del Ferrocarril Belgrano Sur.<\/p>\n\n\n\n<p>\ud83d\ude8b <strong>TramBus 2 (T2):<\/strong> Entrar\u00e1 en funcionamiento en 2027 y recorrer\u00e1 de norte a sur por el oeste de la Ciudad, conectando Nueva Pompeya con Villa Urquiza y Belgrano. Unir\u00e1 la estaci\u00f3n Belgrano C del tren Mitre con San Pedrito (L\u00ednea A), pasando por Congreso de Tucum\u00e1n (L\u00ednea D) y otras estaciones clave.<\/p>\n\n\n\n<blockquote class=\"twitter-tweet\"><p lang=\"es\" dir=\"ltr\">ACABAMOS DE ANUNCIAR LA CONSTRUCCI\u00d3N DE UNA NUEVA L\u00cdNEA DE SUBTE: LA F VA A CONECTAR PALERMO CON BARRACAS. <a href=\"https:\/\/t.co\/QfcrPHL3zi\">pic.twitter.com\/QfcrPHL3zi<\/a><\/p>&mdash; Jorge Macri (@jorgemacri) <a href=\"https:\/\/twitter.com\/jorgemacri\/status\/1895435025023455293?ref_src=twsrc%5Etfw\">February 28, 2025<\/a><\/blockquote> <script async src=\"https:\/\/platform.twitter.com\/widgets.js\" charset=\"utf-8\"><\/script>\n\n\n\n<h3 class=\"wp-block-heading\"><strong><mark style=\"background-color:rgba(0, 0, 0, 0)\" class=\"has-inline-color has-vivid-red-color\">\u00abInvertimos en obras que transforman la Ciudad\u00bb<\/mark><\/strong><\/h3>\n\n\n\n<p>Macri destac\u00f3 que en su primer a\u00f1o de gesti\u00f3n lograron un super\u00e1vit del 3,9% y el menor nivel de deuda en 12 a\u00f1os. \u00abGastamos menos, ahorramos e invertimos en obras que cambian la vida de los porte\u00f1os. Podemos encarar este desaf\u00edo porque administramos los recursos con orden y transparencia\u00bb, afirm\u00f3.<\/p>\n\n\n\n<p><strong>L\u00ednea F en cifras:<\/strong><br>\ud83d\udccc <em>307 mil<\/em> pasajeros diarios estimados<br>\ud83d\udccc <em>2026:<\/em> inicio de obra<br>\ud83d\udccc <em>14<\/em> trenes nuevos<br>\ud83d\udccc <em>7<\/em> barrios conectados<br>\ud83d\udccc <em>11<\/em> estaciones<br>\ud83d\udccc <em>9 km<\/em> de recorrido<br>\ud83d\udccc <em>8<\/em> combinaciones con otras l\u00edneas<br>\ud83d\udccc <em>1.850 millones de d\u00f3lares<\/em> de inversi\u00f3n total<\/p>\n\n\n\n<p class=\"has-text-align-center\"><strong><a href=\"https:\/\/chat.whatsapp.com\/KWkTmakY3I05kNdd2oZl6d\"><em>\u00daNETE A NUESTRO GRUPO DE WHATSAPP PARA ESTAR INFORMADO<\/em><\/a><\/strong><\/p>\n\n\n\n<p class=\"has-text-align-right\"><em><strong>Prensa GCBA<\/strong>.-<\/em><\/p>\n","protected":false},"excerpt":{"rendered":"<p>La F conectar\u00e1 Barracas con Palermo y tendr\u00e1 11 estaciones. \u00abEs un paso hist\u00f3rico\u00bb, dijo el Jefe de Gobierno. Tambi\u00e9n se construir\u00e1n dos l\u00edneas de TramBUS el\u00e9ctrico que unir\u00e1n de manera transversal los barrios del norte y el sur de la Ciudad.<\/p>\n","protected":false},"author":3,"featured_media":69497,"comment_status":"closed","ping_status":"closed","sticky":false,"template":"","format":"standard","meta":{"jnews-multi-image_gallery":[],"jnews_single_post":{"format":"standard"},"jnews_primary_category":[],"jnews_social_meta":[],"jnews_review":[],"enable_review":"","type":"","name":"","summary":"","brand":"","sku":"","good":[],"bad":[],"score_override":"","override_value":"","rating":[],"price":[],"jnews_override_counter":[],"jnews_post_split":[],"footnotes":""},"categories":[58,59],"tags":[44,1327,26148,2000,45,26147,290],"class_list":["post-69494","post","type-post","status-publish","format-standard","has-post-thumbnail","hentry","category-argentina","category-politica","tag-argentina","tag-jorge-macri","tag-la-linea-f","tag-linea-f","tag-noticias","tag-nueva-linea-de-subte","tag-subte"],"_links":{"self":[{"href":"https:\/\/esreviral.com\/index.php?rest_route=\/wp\/v2\/posts\/69494","targetHints":{"allow":["GET"]}}],"collection":[{"href":"https:\/\/esreviral.com\/index.php?rest_route=\/wp\/v2\/posts"}],"about":[{"href":"https:\/\/esreviral.com\/index.php?rest_route=\/wp\/v2\/types\/post"}],"author":[{"embeddable":true,"href":"https:\/\/esreviral.com\/index.php?rest_route=\/wp\/v2\/users\/3"}],"replies":[{"embeddable":true,"href":"https:\/\/esreviral.com\/index.php?rest_route=%2Fwp%2Fv2%2Fcomments&post=69494"}],"version-history":[{"count":1,"href":"https:\/\/esreviral.com\/index.php?rest_route=\/wp\/v2\/posts\/69494\/revisions"}],"predecessor-version":[{"id":69498,"href":"https:\/\/esreviral.com\/index.php?rest_route=\/wp\/v2\/posts\/69494\/revisions\/69498"}],"wp:featuredmedia":[{"embeddable":true,"href":"https:\/\/esreviral.com\/index.php?rest_route=\/wp\/v2\/media\/69497"}],"wp:attachment":[{"href":"https:\/\/esreviral.com\/index.php?rest_route=%2Fwp%2Fv2%2Fmedia&parent=69494"}],"wp:term":[{"taxonomy":"category","embeddable":true,"href":"https:\/\/esreviral.com\/index.php?rest_route=%2Fwp%2Fv2%2Fcategories&post=69494"},{"taxonomy":"post_tag","embeddable":true,"href":"https:\/\/esreviral.com\/index.php?rest_route=%2Fwp%2Fv2%2Ftags&post=69494"}],"curies":[{"name":"wp","href":"https:\/\/api.w.org\/{rel}","templated":true}]}}