{"id":69423,"date":"2025-02-27T08:16:11","date_gmt":"2025-02-27T13:16:11","guid":{"rendered":"https:\/\/esreviral.com\/?p=69423"},"modified":"2025-02-27T08:47:39","modified_gmt":"2025-02-27T13:47:39","slug":"la-razon-por-la-cual-montaner-quedo-fuera-del-jurado-de-la-voz-argentina","status":"publish","type":"post","link":"https:\/\/esreviral.com\/?p=69423","title":{"rendered":"La raz\u00f3n por la cu\u00e1l Montaner qued\u00f3 fuera del jurado de La Voz Argentina"},"content":{"rendered":"\n<p><strong><a href=\"https:\/\/esreviral.com\/?p=69078\">Ya comenzaron los castings para escoger a los participantes de La Voz Argentina, <\/a><\/strong>desde todas partes del pa\u00eds, quienes tienen talento se han enfrentado a la primera presentaci\u00f3n y luego lo har\u00e1n ante el jurado calificador que este a\u00f1o cambi\u00f3 y los integrantes de la familia Montaner est\u00e1n fuera de sus sillas, es decir, Ricardo, Mau y Ricky. <\/p>\n\n\n\n<p>Por parte de los hermanos<strong><a href=\"https:\/\/esreviral.com\/?p=69355\">, a\u00fan se desconoce lo que pas\u00f3 pero se presume que por gira en Estados Unidos, <\/a><\/strong>mientras que su padre Ricardo, se pronunci\u00f3 y en principio agradeci\u00f3 a Telefe y a los productores del programa donde se consagr\u00f3 en 2018 como el ganador. <\/p>\n\n\n\n<p>\u00abRecib\u00ed una cari\u00f1osa invitaci\u00f3n de mis queridos amigos de @telefe, para volver a formar parte del grupo de coaches de @LaVozArgentina\u00bb, comenz\u00f3 diciendo sobre la convocatoria.<\/p>\n\n\n\n<p>Lea tambi\u00e9n: <strong><a href=\"https:\/\/esreviral.com\/?p=69078\">Inician las audiciones de La Voz Argentina y t\u00fa puedes ser parte del famoso programa <\/a><\/strong><\/p>\n\n\n\n<p>Y revel\u00f3:<strong>\u00a0\u00abMi retiro de los \u00a0escenarios me obliga a no aceptar tan hermoso ofrecimiento\u00bb<\/strong>, remarc\u00f3. Acto seguido felicit\u00f3 a su compa\u00f1era, Soledad Pastorutti y a Marley quien fuera el conductor durante las cuatro temporadas. <\/p>\n\n\n\n<p>Sobre la identidad de los jurados restantes, Telefe baraja varias alternativas, pero ya habr\u00eda confirmado a\u00a0<strong>La Sole, a Lali,<\/strong>\u00a0quien particip\u00f3 de la edici\u00f3n anterior y a\u00a0<strong>Luck Ra<\/strong>\u00a0quien debutar\u00e1 como jurado. Ahora falta saber quien ocupar\u00e1 la cuarta silla, y seg\u00fan \u00c1ngel de Brito,<strong>\u00a0habr\u00edan tentado a Chayanne<\/strong>, pero todav\u00eda no hay confirmaciones.<br><\/p>\n\n\n\n<blockquote class=\"twitter-tweet\" data-media-max-width=\"560\"><p lang=\"es\" dir=\"ltr\">Recib\u00ed una cari\u00f1osa invitaci\u00f3n de mis queridos amigos de <a href=\"https:\/\/twitter.com\/telefe?ref_src=twsrc%5Etfw\">@telefe<\/a>, para volver a formar parte del grupo de coaches de <a href=\"https:\/\/twitter.com\/LaVozArgentina?ref_src=twsrc%5Etfw\">@LaVozArgentina<\/a> , mi retiro de los escenarios me obliga a no aceptar tan hermoso ofrecimiento.<br>Los voy a extra\u00f1ar a todos y los voy a ver triunfando y ganando\u2026 <a href=\"https:\/\/t.co\/7O8zsibv1U\">pic.twitter.com\/7O8zsibv1U<\/a><\/p>&mdash; Ricardo Montaner (@montanertwiter) <a href=\"https:\/\/twitter.com\/montanertwiter\/status\/1894867861832900788?ref_src=twsrc%5Etfw\">February 26, 2025<\/a><\/blockquote> <script async src=\"https:\/\/platform.twitter.com\/widgets.js\" charset=\"utf-8\"><\/script>\n","protected":false},"excerpt":{"rendered":"<p>Ya comenzaron los castings para escoger a los participantes de La Voz Argentina, desde todas partes del pa\u00eds, quienes tienen talento se han enfrentado a la primera presentaci\u00f3n y luego lo har\u00e1n ante el jurado calificador que este a\u00f1o cambi\u00f3 y los integrantes de la familia Montaner est\u00e1n fuera de sus sillas, es decir, Ricardo, [&hellip;]<\/p>\n","protected":false},"author":2,"featured_media":69425,"comment_status":"closed","ping_status":"closed","sticky":false,"template":"","format":"standard","meta":{"jnews-multi-image_gallery":[],"jnews_single_post":{"format":"standard"},"jnews_primary_category":[],"jnews_social_meta":[],"jnews_review":[],"enable_review":"","type":"","name":"","summary":"","brand":"","sku":"","good":[],"bad":[],"score_override":"","override_value":"","rating":[],"price":[],"jnews_override_counter":[],"jnews_post_split":[],"footnotes":""},"categories":[50,1142,5892],"tags":[44,1031,45,203,67],"class_list":["post-69423","post","type-post","status-publish","format-standard","has-post-thumbnail","hentry","category-entretenimiento","category-musica","category-venezolanos-en-argentina","tag-argentina","tag-la-voz-argentina","tag-noticias","tag-ricardo-montaner","tag-venezolanos-en-argentina"],"amp_enabled":true,"_links":{"self":[{"href":"https:\/\/esreviral.com\/index.php?rest_route=\/wp\/v2\/posts\/69423"}],"collection":[{"href":"https:\/\/esreviral.com\/index.php?rest_route=\/wp\/v2\/posts"}],"about":[{"href":"https:\/\/esreviral.com\/index.php?rest_route=\/wp\/v2\/types\/post"}],"author":[{"embeddable":true,"href":"https:\/\/esreviral.com\/index.php?rest_route=\/wp\/v2\/users\/2"}],"replies":[{"embeddable":true,"href":"https:\/\/esreviral.com\/index.php?rest_route=%2Fwp%2Fv2%2Fcomments&post=69423"}],"version-history":[{"count":0,"href":"https:\/\/esreviral.com\/index.php?rest_route=\/wp\/v2\/posts\/69423\/revisions"}],"wp:featuredmedia":[{"embeddable":true,"href":"https:\/\/esreviral.com\/index.php?rest_route=\/wp\/v2\/media\/69425"}],"wp:attachment":[{"href":"https:\/\/esreviral.com\/index.php?rest_route=%2Fwp%2Fv2%2Fmedia&parent=69423"}],"wp:term":[{"taxonomy":"category","embeddable":true,"href":"https:\/\/esreviral.com\/index.php?rest_route=%2Fwp%2Fv2%2Fcategories&post=69423"},{"taxonomy":"post_tag","embeddable":true,"href":"https:\/\/esreviral.com\/index.php?rest_route=%2Fwp%2Fv2%2Ftags&post=69423"}],"curies":[{"name":"wp","href":"https:\/\/api.w.org\/{rel}","templated":true}]}}