{"id":69420,"date":"2025-02-27T07:59:13","date_gmt":"2025-02-27T12:59:13","guid":{"rendered":"https:\/\/esreviral.com\/?p=69420"},"modified":"2025-02-27T07:59:14","modified_gmt":"2025-02-27T12:59:14","slug":"carnaval-en-buenos-aires-el-cambio-que-implemento-el-gobierno-y-que-calles-estaran-cortadas-este-fin-de-semana-xxl","status":"publish","type":"post","link":"https:\/\/esreviral.com\/?p=69420","title":{"rendered":"Carnaval en Buenos Aires: El cambio que implement\u00f3 el Gobierno y qu\u00e9 calles estar\u00e1n cortadas este fin de semana XXL"},"content":{"rendered":"\n<p>Las celebraciones de Carnaval en la ciudad de Buenos Aires traer\u00e1n consigo algunos cortes de calles, aunque este a\u00f1o ser\u00e1n significativamente menores. Seg\u00fan inform\u00f3 el Gobierno porte\u00f1o, se priorizar\u00e1 el orden del tr\u00e1nsito y se limitar\u00e1 la cantidad de corsos en la v\u00eda p\u00fablica.<\/p>\n\n\n\n<p>En este sentido, durante el pr\u00f3ximo fin de semana solo habr\u00e1 cuatro corsos en la Capital Federal, casi la mitad de los nueve organizados en 2024. La reducci\u00f3n forma parte de una estrategia acordada con la Comisi\u00f3n de Carnaval, integrada por distintas murgas. Adem\u00e1s, las autoridades advirtieron que se har\u00e1 cumplir la ley ante posibles cortes de calles sin autorizaci\u00f3n.<\/p>\n\n\n\n<p class=\"has-text-align-center\"><em><strong><em><strong><em><strong><em><strong><a href=\"https:\/\/t.me\/esreviral\">\u00daNETE A NUESTRO CANAL DE TELEGRAM PARA ESTAR INFORMADO<\/a><\/strong><\/em><\/strong><\/em><\/strong><\/em><\/strong><\/em><\/p>\n\n\n\n<p>Para minimizar el impacto en la circulaci\u00f3n, la mayor\u00eda de los festejos se trasladar\u00e1n al Aut\u00f3dromo Oscar y Juan G\u00e1lvez, en el sur de la ciudad. Los d\u00edas s\u00e1bado 1\u00b0 y domingo 2 de marzo, las murgas barriales desfilar\u00e1n por la pista principal, mientras el p\u00fablico podr\u00e1 disfrutar del espect\u00e1culo desde las gradas.<\/p>\n\n\n\n<p>Desde el Ministerio de Cultura porte\u00f1o explicaron que este nuevo formato busca mejorar la experiencia del Carnaval, garantizando un ambiente seguro y accesible tanto para los participantes como para los espectadores. No obstante, se mantendr\u00e1n algunos corsos en distintos barrios para preservar la tradici\u00f3n.<\/p>\n\n\n\n<h3 class=\"wp-block-heading\"><strong><mark style=\"background-color:rgba(0, 0, 0, 0)\" class=\"has-inline-color has-vivid-red-color\">Modificaci\u00f3n de la ley del Carnaval porte\u00f1o<\/mark><\/strong><\/h3>\n\n\n\n<p>El Gobierno de la Ciudad trabaja en una modificaci\u00f3n de la ley 1527\/04, aprobada durante la gesti\u00f3n de An\u00edbal Ibarra, que obliga a promover el Carnaval porte\u00f1o como parte del patrimonio cultural. La revisi\u00f3n de esta normativa busca equilibrar la celebraci\u00f3n con el malestar que generan los cortes de calles en los vecinos.<\/p>\n\n\n\n<figure class=\"wp-block-image size-large\"><img decoding=\"async\" src=\"https:\/\/especialess3.lanacion.com.ar\/strapi\/Carnaval_2025_desktop_dba7fe46a9.svg\" alt=\"\"\/><\/figure>\n\n\n\n<p><\/p>\n\n\n\n<h3 class=\"wp-block-heading\"><strong><mark style=\"background-color:rgba(0, 0, 0, 0)\" class=\"has-inline-color has-vivid-red-color\">Cortes de calles en Buenos Aires<\/mark><\/strong><\/h3>\n\n\n\n<p>Como parte del acuerdo con la Comisi\u00f3n de Carnaval, solo se celebrar\u00e1n cuatro corsos por fin de semana, y los principales tendr\u00e1n lugar en Boedo, Mataderos, Saavedra, Liniers y Villa Urquiza.<\/p>\n\n\n\n<p><strong><mark style=\"background-color:rgba(0, 0, 0, 0)\" class=\"has-inline-color has-vivid-red-color\">Los cortes programados son los siguientes:<\/mark><\/strong><\/p>\n\n\n\n<ul class=\"wp-block-list\">\n<li><strong>Boedo<\/strong>: del 1\u00b0 al 4 de marzo, en la avenida Boedo, entre Independencia y San Juan.<\/li>\n\n\n\n<li><strong>Saavedra<\/strong>: del 1\u00b0 al 3 de marzo, en la avenida Balb\u00edn, entre Correas y Arias.<\/li>\n\n\n\n<li><strong>Villa Urquiza<\/strong>: del 1\u00b0 al 4 de marzo, en la avenida Triunvirato, entre Monroe y Olaz\u00e1bal.<\/li>\n\n\n\n<li><strong>Mataderos<\/strong>: el 3 y 4 de marzo, en la avenida Alberdi, entre Escalada y Araujo.<\/li>\n\n\n\n<li><strong>Liniers<\/strong>: solo el fin de semana, con cortes en Cosqu\u00edn al 500 y Tuyut\u00ed al 6900.<\/li>\n<\/ul>\n\n\n\n<p><\/p>\n\n\n\n<p>Con estas medidas, la Ciudad busca mantener el esp\u00edritu del Carnaval porte\u00f1o mientras reduce las interrupciones en la circulaci\u00f3n.<\/p>\n\n\n\n<p class=\"has-text-align-center\"><strong><a href=\"https:\/\/chat.whatsapp.com\/KWkTmakY3I05kNdd2oZl6d\"><em>\u00daNETE A NUESTRO GRUPO DE WHATSAPP PARA ESTAR INFORMADO<\/em><\/a><\/strong><\/p>\n\n\n\n<p class=\"has-text-align-right\"><strong><em>LN.-<\/em><\/strong><\/p>\n","protected":false},"excerpt":{"rendered":"<p>La mayor\u00eda de los corsos se trasladaron al Aut\u00f3dromo, pero todav\u00eda se mantendr\u00e1n actividades en cuatro barrios de Capital Federal<\/p>\n","protected":false},"author":3,"featured_media":69421,"comment_status":"closed","ping_status":"closed","sticky":false,"template":"","format":"standard","meta":{"jnews-multi-image_gallery":[],"jnews_single_post":{"format":"standard"},"jnews_primary_category":[],"jnews_social_meta":[],"jnews_review":[],"enable_review":"","type":"","name":"","summary":"","brand":"","sku":"","good":[],"bad":[],"score_override":"","override_value":"","rating":[],"price":[],"jnews_override_counter":[],"jnews_post_split":[],"footnotes":""},"categories":[58],"tags":[44,562,25994,894,8132,12597],"class_list":["post-69420","post","type-post","status-publish","format-standard","has-post-thumbnail","hentry","category-argentina","tag-argentina","tag-carnaval","tag-carnaval-en-buenos-aires","tag-ciudad-de-buenos-aires","tag-cortes-de-calles","tag-fin-de-semana-xxl"],"amp_enabled":true,"_links":{"self":[{"href":"https:\/\/esreviral.com\/index.php?rest_route=\/wp\/v2\/posts\/69420"}],"collection":[{"href":"https:\/\/esreviral.com\/index.php?rest_route=\/wp\/v2\/posts"}],"about":[{"href":"https:\/\/esreviral.com\/index.php?rest_route=\/wp\/v2\/types\/post"}],"author":[{"embeddable":true,"href":"https:\/\/esreviral.com\/index.php?rest_route=\/wp\/v2\/users\/3"}],"replies":[{"embeddable":true,"href":"https:\/\/esreviral.com\/index.php?rest_route=%2Fwp%2Fv2%2Fcomments&post=69420"}],"version-history":[{"count":0,"href":"https:\/\/esreviral.com\/index.php?rest_route=\/wp\/v2\/posts\/69420\/revisions"}],"wp:featuredmedia":[{"embeddable":true,"href":"https:\/\/esreviral.com\/index.php?rest_route=\/wp\/v2\/media\/69421"}],"wp:attachment":[{"href":"https:\/\/esreviral.com\/index.php?rest_route=%2Fwp%2Fv2%2Fmedia&parent=69420"}],"wp:term":[{"taxonomy":"category","embeddable":true,"href":"https:\/\/esreviral.com\/index.php?rest_route=%2Fwp%2Fv2%2Fcategories&post=69420"},{"taxonomy":"post_tag","embeddable":true,"href":"https:\/\/esreviral.com\/index.php?rest_route=%2Fwp%2Fv2%2Ftags&post=69420"}],"curies":[{"name":"wp","href":"https:\/\/api.w.org\/{rel}","templated":true}]}}