{"id":69411,"date":"2025-02-27T07:34:31","date_gmt":"2025-02-27T12:34:31","guid":{"rendered":"https:\/\/esreviral.com\/?p=69411"},"modified":"2025-02-27T07:34:31","modified_gmt":"2025-02-27T12:34:31","slug":"colombia-descarto-recibir-venezolanos-deportados-desde-estados-unidos-y-otros-paises","status":"publish","type":"post","link":"https:\/\/esreviral.com\/?p=69411","title":{"rendered":"Colombia descart\u00f3 recibir venezolanos deportados desde Estados Unidos y otros pa\u00edses"},"content":{"rendered":"\n<p>La canciller de Colombia, <strong>Laura Sarabia<\/strong>, afirm\u00f3 que su pa\u00eds <strong>no aceptar\u00e1 la recepci\u00f3n de venezolanos deportados<\/strong> desde <strong>Estados Unidos ni de otras naciones<\/strong>, desestimando as\u00ed la propuesta del Gobierno de Panam\u00e1 de trasladar migrantes venezolanos deportados a la ciudad fronteriza de <strong>C\u00facuta<\/strong>.<\/p>\n\n\n\n<p>En declaraciones a <strong>Blu Radio<\/strong>, Sarabia enfatiz\u00f3 que la prioridad del Gobierno de <strong>Gustavo Petro<\/strong> es atender a los ciudadanos colombianos que est\u00e1n retornando al pa\u00eds.<\/p>\n\n\n\n<p><strong>\u201cEstamos d\u00e1ndole prioridad a nuestros connacionales que est\u00e1n regresando, pero eso no significa que no estemos brindando ayuda a los venezolanos que ya se encuentran en Colombia\u201d<\/strong>, expres\u00f3 la funcionaria.<\/p>\n\n\n\n<p class=\"has-text-align-center\"><em><strong><em><strong><em><strong><em><strong><a href=\"https:\/\/t.me\/esreviral\">\u00daNETE A NUESTRO CANAL DE TELEGRAM PARA ESTAR INFORMADO<\/a><\/strong><\/em><\/strong><\/em><\/strong><\/em><\/strong><\/em><\/p>\n\n\n\n<h3 class=\"wp-block-heading\"><strong><mark style=\"background-color:rgba(0, 0, 0, 0)\" class=\"has-inline-color has-vivid-red-color\">Rechazo a la propuesta de Panam\u00e1<\/mark><\/strong><\/h3>\n\n\n\n<p>El presidente paname\u00f1o, <strong>Jos\u00e9 Ra\u00fal Mulino<\/strong>, anunci\u00f3 en una rueda de prensa que su Gobierno evaluaba la posibilidad de <strong>trasladar en avi\u00f3n a migrantes venezolanos deportados hacia C\u00facuta<\/strong>.<\/p>\n\n\n\n<p>Sin embargo, este plan <strong>parece inviable<\/strong>. <strong>Jorge Acevedo<\/strong>, alcalde de <strong>C\u00facuta<\/strong>, respondi\u00f3 que la ciudad <strong>ya enfrenta la llegada de 25.000 desplazados<\/strong> por el conflicto armado en la regi\u00f3n del <strong>Catatumbo<\/strong>, lo que ha llevado al l\u00edmite la capacidad de atenci\u00f3n.<\/p>\n\n\n\n<h3 class=\"wp-block-heading\"><strong><mark style=\"background-color:rgba(0, 0, 0, 0)\" class=\"has-inline-color has-vivid-red-color\">Llamado a la regularizaci\u00f3n migratoria<\/mark><\/strong><\/h3>\n\n\n\n<p>La canciller Sarabia exhort\u00f3 a los extranjeros en Colombia a <strong>regularizar su situaci\u00f3n migratoria<\/strong> para acceder a los beneficios ofrecidos por el Gobierno.<\/p>\n\n\n\n<p><strong>\u201cPedimos que regulen su estatus, que obtengan el permiso temporal, lo que nos permitir\u00e1 saber d\u00f3nde est\u00e1n y c\u00f3mo podemos ayudarlos. Tambi\u00e9n estamos en conversaciones con el Gobierno venezolano para facilitar el retorno de quienes desean regresar de manera segura y en condiciones adecuadas\u201d<\/strong>, afirm\u00f3.<\/p>\n\n\n\n<p>Adem\u00e1s, asegur\u00f3 que Colombia ha <strong>regularizado a m\u00e1s de 2,5 millones de extranjeros<\/strong>, en su mayor\u00eda venezolanos, permiti\u00e9ndoles acceder a <strong>seguridad social y empleo<\/strong> en un contexto regional complejo.<\/p>\n\n\n\n<h3 class=\"wp-block-heading\"><strong><mark style=\"background-color:rgba(0, 0, 0, 0)\" class=\"has-inline-color has-vivid-red-color\">Migrantes en Panam\u00e1 esperan ser trasladados a Colombia<\/mark><\/strong><\/h3>\n\n\n\n<p>Mientras tanto, unos <strong>180 migrantes<\/strong> de <strong>Venezuela, Chile, Colombia y Per\u00fa<\/strong> aguardan en la localidad costera de <strong>Palenque, Panam\u00e1<\/strong>, para ser <strong>trasladados en barco hasta la frontera con Colombia<\/strong>, luego de no lograr su objetivo de establecerse en <strong>Estados Unidos<\/strong>.<\/p>\n\n\n\n<p>Seg\u00fan informaron fuentes oficiales a <strong>EFE<\/strong>, ser\u00e1n enviados a <strong>La Miel<\/strong>, un punto fronterizo colombiano, desde donde deber\u00e1n continuar su viaje.<\/p>\n\n\n\n<p>La venezolana <strong>Milagros<\/strong>, quien viaja con su hija y su sobrina, relat\u00f3 a la agencia que el <strong>retorno al sur est\u00e1 siendo a\u00fan m\u00e1s dif\u00edcil<\/strong> que la traves\u00eda inicial hacia el norte.<\/p>\n\n\n\n<p><strong>\u201cLos costos ahora se han multiplicado. Solo el autob\u00fas desde Costa Rica hasta un albergue en Panam\u00e1 cost\u00f3 60 d\u00f3lares, luego pagamos otros 35 hasta aqu\u00ed. Ahora, para el viaje en barco hasta La Miel, nos piden 200 d\u00f3lares\u201d<\/strong>, explic\u00f3.<\/p>\n\n\n\n<p>Seg\u00fan su testimonio, el trayecto mar\u00edtimo durar\u00e1 <strong>un d\u00eda y medio<\/strong> y ser\u00eda una <strong>prueba piloto<\/strong> con este grupo de migrantes.<\/p>\n\n\n\n<p class=\"has-text-align-center\"><strong><a href=\"https:\/\/chat.whatsapp.com\/KWkTmakY3I05kNdd2oZl6d\"><em>\u00daNETE A NUESTRO GRUPO DE WHATSAPP PARA ESTAR INFORMADO<\/em><\/a><\/strong><\/p>\n\n\n\n<p class=\"has-text-align-right\"><strong><em>ElNacional.-<\/em><\/strong><\/p>\n","protected":false},"excerpt":{"rendered":"<p>La canciller de Colombia, Laura Sarabia, exhort\u00f3 a los ciudadanos extranjeros que se encuentran en el pa\u00eds para que regulen su situaci\u00f3n migratoria y puedan acceder a las ayudas que ofrece el gobierno<\/p>\n","protected":false},"author":3,"featured_media":69412,"comment_status":"closed","ping_status":"closed","sticky":false,"template":"","format":"standard","meta":{"jnews-multi-image_gallery":[],"jnews_single_post":{"format":"standard"},"jnews_primary_category":[],"jnews_social_meta":[],"jnews_review":[],"enable_review":"","type":"","name":"","summary":"","brand":"","sku":"","good":[],"bad":[],"score_override":"","override_value":"","rating":[],"price":[],"jnews_override_counter":[],"jnews_post_split":[],"footnotes":""},"categories":[54,88],"tags":[7721,25991,23334],"class_list":["post-69411","post","type-post","status-publish","format-standard","has-post-thumbnail","hentry","category-inmigracion","category-internacionales","tag-canciller-de-colombia","tag-colombia-deportados-venezolanos","tag-laura-sarabia"],"amp_enabled":true,"_links":{"self":[{"href":"https:\/\/esreviral.com\/index.php?rest_route=\/wp\/v2\/posts\/69411"}],"collection":[{"href":"https:\/\/esreviral.com\/index.php?rest_route=\/wp\/v2\/posts"}],"about":[{"href":"https:\/\/esreviral.com\/index.php?rest_route=\/wp\/v2\/types\/post"}],"author":[{"embeddable":true,"href":"https:\/\/esreviral.com\/index.php?rest_route=\/wp\/v2\/users\/3"}],"replies":[{"embeddable":true,"href":"https:\/\/esreviral.com\/index.php?rest_route=%2Fwp%2Fv2%2Fcomments&post=69411"}],"version-history":[{"count":0,"href":"https:\/\/esreviral.com\/index.php?rest_route=\/wp\/v2\/posts\/69411\/revisions"}],"wp:featuredmedia":[{"embeddable":true,"href":"https:\/\/esreviral.com\/index.php?rest_route=\/wp\/v2\/media\/69412"}],"wp:attachment":[{"href":"https:\/\/esreviral.com\/index.php?rest_route=%2Fwp%2Fv2%2Fmedia&parent=69411"}],"wp:term":[{"taxonomy":"category","embeddable":true,"href":"https:\/\/esreviral.com\/index.php?rest_route=%2Fwp%2Fv2%2Fcategories&post=69411"},{"taxonomy":"post_tag","embeddable":true,"href":"https:\/\/esreviral.com\/index.php?rest_route=%2Fwp%2Fv2%2Ftags&post=69411"}],"curies":[{"name":"wp","href":"https:\/\/api.w.org\/{rel}","templated":true}]}}