{"id":69394,"date":"2025-02-26T14:26:55","date_gmt":"2025-02-26T19:26:55","guid":{"rendered":"https:\/\/esreviral.com\/?p=69394"},"modified":"2025-02-26T15:32:56","modified_gmt":"2025-02-26T20:32:56","slug":"fallecio-uno-de-los-colaboradores-de-mcm-que-estuvo-asilado-en-la-embajada-argentina-en-caracas","status":"publish","type":"post","link":"https:\/\/esreviral.com\/?p=69394","title":{"rendered":"Falleci\u00f3 uno de los colaboradores de MCM que estuvo refugiado en la embajada argentina en Caracas"},"content":{"rendered":"\n<p><strong>Fernando Mart\u00ednez Mottola,<\/strong> exministro, <strong>opositor al gobierno de Nicol\u00e1s Maduro y colaborador de Mar\u00eda Corina Machado<\/strong>, falleci\u00f3 este mi\u00e9rcoles, dos meses despu\u00e9s de <strong>haber abandonado la Embajada de Argentina en Caracas<\/strong>, donde permaneci\u00f3 refugiado durante nueve meses para evitar la persecuci\u00f3n pol\u00edtica.<\/p>\n\n\n\n<p>La Plataforma Unitaria, en la que se desempe\u00f1\u00f3 como coordinador de la Comisi\u00f3n de Estrategia, confirm\u00f3 su fallecimiento en un comunicado. L\u00edderes pol\u00edticos y diversas personalidades tambi\u00e9n expresaron sus condolencias y destacaron su compromiso con la democracia.<\/p>\n\n\n\n<p>El exembajador venezolano<strong> Emilio Figueredo inform\u00f3 en la red social X que Mart\u00ednez Mottola sufri\u00f3 muerte cerebral, aunque las causas de su estado de salud no han sido esclarecidas.<\/strong><\/p>\n\n\n\n<p class=\"has-text-align-center\"><em><strong><em><strong><em><strong><em><strong><a href=\"https:\/\/t.me\/esreviral\">\u00daNETE A NUESTRO CANAL DE TELEGRAM PARA ESTAR INFORMADO<\/a><\/strong><\/em><\/strong><\/em><\/strong><\/em><\/strong><\/em><\/p>\n\n\n\n<blockquote class=\"twitter-tweet\"><p lang=\"es\" dir=\"ltr\">Ya se confirm\u00f3 el fallecimiento, ten\u00eda muerte cerebral<\/p>&mdash; Emilio Figueredo (@efigueredop) <a href=\"https:\/\/twitter.com\/efigueredop\/status\/1894813490168373603?ref_src=twsrc%5Etfw\">February 26, 2025<\/a><\/blockquote> <script async src=\"https:\/\/platform.twitter.com\/widgets.js\" charset=\"utf-8\"><\/script>\n\n\n\n<p class=\"has-text-align-center\"><\/p>\n\n\n\n<h3 class=\"wp-block-heading\"><strong><mark style=\"background-color:rgba(0, 0, 0, 0)\" class=\"has-inline-color has-vivid-red-color\">Un exilio forzado y su regreso a casa<\/mark><\/strong><\/h3>\n\n\n\n<p><strong>Mart\u00ednez Mottola<\/strong> fue ministro de Transporte y Comunicaciones durante el<strong> segundo gobierno de Carlos Andr\u00e9s P\u00e9rez<\/strong>. En marzo de 2024, junto a otros cinco dirigentes pol\u00edticos, solicit\u00f3 asilo en la<strong> Embajada de Argentina en Caracas<\/strong> tras ser acusado de conspiraci\u00f3n y traici\u00f3n a la patria por las autoridades venezolanas.<\/p>\n\n\n\n<p>Durante su permanencia en la sede diplom\u00e1tica, los asilados denunciaron un <strong>constante asedio policial<\/strong> y <strong>cortes de servicios b\u00e1sicos<\/strong> como electricidad y agua. El 19 de diciembre, Mart\u00ednez Mottola decidi\u00f3 abandonar la embajada y se present\u00f3 ante el Ministerio P\u00fablico.<\/p>\n\n\n\n<p>El fiscal general, <strong>Tarek William Saab<\/strong>, asegur\u00f3 que el exministro prest\u00f3 declaraci\u00f3n sobre supuestos planes \u00abviolentos, conspirativos y desestabilizadores\u00bb que se habr\u00edan gestado en la sede diplom\u00e1tica tras las elecciones del 28 de julio. Sin embargo, no se conocieron m\u00e1s detalles sobre su testimonio ni las razones que lo llevaron a regresar a su hogar.<\/p>\n\n\n\n<h3 class=\"wp-block-heading\"><strong><mark style=\"background-color:rgba(0, 0, 0, 0)\" class=\"has-inline-color has-vivid-red-color\">Reacciones a su fallecimiento<\/mark><\/strong><\/h3>\n\n\n\n<p>El exgobernador <strong>Henrique Capriles<\/strong> lament\u00f3 la noticia y expres\u00f3: \u00abHacemos llegar nuestras sentidas palabras de condolencias y un abrazo a la familia de Fernando Mart\u00ednez Mottola por esta sorpresiva e irreparable p\u00e9rdida. Lo conoc\u00ed hace muchos a\u00f1os y siempre fue un ciudadano comprometido con la democracia, un servidor p\u00fablico ejemplar\u00bb.<\/p>\n\n\n\n<p>Por su parte, el exalcalde metropolitano <strong>Antonio Ledezma<\/strong> resalt\u00f3 su legado: \u00abFue un hombre comprometido con los valores democr\u00e1ticos. Se entreg\u00f3 por completo a la lucha contra la dictadura, tuvo que refugiarse en la embajada para resguardar su vida y, valientemente, decidi\u00f3 salir. Lo recordaremos siempre\u00bb.<\/p>\n\n\n\n<blockquote class=\"twitter-tweet\"><p lang=\"es\" dir=\"ltr\">Desde la Plataforma Unitaria Democr\u00e1tica, lamentamos el sensible fallecimiento de Fernando Mart\u00ednez Mottola, dem\u00f3crata de dilatada actuaci\u00f3n p\u00fablica, quien nos acompa\u00f1\u00f3 como coordinador de la Comisi\u00f3n de Estrategia de esta Plataforma.<br><br>Enviamos nuestras m\u00e1s sentidas palabras de\u2026 <a href=\"https:\/\/t.co\/eiFC2EouHe\">pic.twitter.com\/eiFC2EouHe<\/a><\/p>&mdash; Unidad Venezuela (@unidadvenezuela) <a href=\"https:\/\/twitter.com\/unidadvenezuela\/status\/1894823175881662676?ref_src=twsrc%5Etfw\">February 26, 2025<\/a><\/blockquote> <script async src=\"https:\/\/platform.twitter.com\/widgets.js\" charset=\"utf-8\"><\/script>\n\n\n\n<p><\/p>\n\n\n\n<p>El actor H\u00e9ctor Manrique, en tanto, consider\u00f3 que los meses de encierro en la embajada pudieron afectar su salud, al igual que lo que calific\u00f3 como un \u00ablinchamiento\u00bb por parte de quienes lo cuestionaron tras su decisi\u00f3n de regresar a casa. \u00abDebemos bajarle a la crueldad. Creo que es mucho lo que debemos pedirle a San Jos\u00e9 Gregorio Hern\u00e1ndez\u00bb, expres\u00f3.<\/p>\n\n\n\n<p><\/p>\n\n\n\n<p class=\"has-text-align-center\"><strong><a href=\"https:\/\/chat.whatsapp.com\/KWkTmakY3I05kNdd2oZl6d\"><em>\u00daNETE A NUESTRO GRUPO DE WHATSAPP PARA ESTAR INFORMADO<\/em><\/a><\/strong><\/p>\n\n\n\n<blockquote class=\"twitter-tweet\"><p lang=\"es\" dir=\"ltr\">Lamento profundamente la partida de Fernando Mart\u00ednez Mottola. Un venezolano comprometido con el pa\u00eds y los valores democr\u00e1ticos. A quienes lo conocimos, nos llena de tristeza su fallecimiento. Mi abrazo solidario a su familia y amigos en este dif\u00edcil momento. <br>Que en paz\u2026<\/p>&mdash; Edmundo Gonz\u00e1lez (@EdmundoGU) <a href=\"https:\/\/twitter.com\/EdmundoGU\/status\/1894825794079465541?ref_src=twsrc%5Etfw\">February 26, 2025<\/a><\/blockquote> <script async src=\"https:\/\/platform.twitter.com\/widgets.js\" charset=\"utf-8\"><\/script>\n\n\n\n<blockquote class=\"twitter-tweet\"><p lang=\"es\" dir=\"ltr\">Con profundo pesar, nos unimos para rendir homenaje a nuestro querido amigo y compa\u00f1ero, Fernando Mart\u00ednez Mottola, quien dedic\u00f3 su vida al servicio p\u00fablico y a la defensa de la democracia en Venezuela.<br><br>Ingeniero el\u00e9ctrico egresado de la Universidad Sim\u00f3n Bol\u00edvar, Fernando\u2026 <a href=\"https:\/\/t.co\/nOYuToZwoX\">pic.twitter.com\/nOYuToZwoX<\/a><\/p>&mdash; Voluntad Popular (@VoluntadPopular) <a href=\"https:\/\/twitter.com\/VoluntadPopular\/status\/1894804727608619016?ref_src=twsrc%5Etfw\">February 26, 2025<\/a><\/blockquote> <script async src=\"https:\/\/platform.twitter.com\/widgets.js\" charset=\"utf-8\"><\/script>\n\n\n\n<p><\/p>\n\n\n\n<blockquote class=\"twitter-tweet\"><p lang=\"es\" dir=\"ltr\">Triste noticia la partida f\u00edsica del buen amigo Fernando Mart\u00ednez Mottola. <br><br>Fue ministro del presidente Carlos Andr\u00e9s P\u00e9rez, un gran venezolano que siempre expres\u00f3 compromiso con el pa\u00eds. En el \u00faltimo a\u00f1o, estuvo asilado en la embajada de Argentina en Venezuela, debido a la\u2026 <a href=\"https:\/\/t.co\/zVxyrlC8KG\">pic.twitter.com\/zVxyrlC8KG<\/a><\/p>&mdash; Julio Borges (@JulioBorges) <a href=\"https:\/\/twitter.com\/JulioBorges\/status\/1894815153746780619?ref_src=twsrc%5Etfw\">February 26, 2025<\/a><\/blockquote> <script async src=\"https:\/\/platform.twitter.com\/widgets.js\" charset=\"utf-8\"><\/script>\n\n\n\n<p><\/p>\n\n\n\n<blockquote class=\"twitter-tweet\"><p lang=\"es\" dir=\"ltr\">Lamento mucho el fallecimiento de Fernando Mart\u00ednez Mottola. Gran venezolano. Buena persona . Comprometido con el rescate de la democracia en Venezuela. Solidaridad con toda su familia .<\/p>&mdash; CARLOS VECCHIO (@carlosvecchio) <a href=\"https:\/\/twitter.com\/carlosvecchio\/status\/1894803591451550056?ref_src=twsrc%5Etfw\">February 26, 2025<\/a><\/blockquote> <script async src=\"https:\/\/platform.twitter.com\/widgets.js\" charset=\"utf-8\"><\/script>\n","protected":false},"excerpt":{"rendered":"<p>Se desempe\u00f1\u00f3 como ministro de Transporte y Comunicaciones durante el segundo mandato de Carlos Andr\u00e9s P\u00e9rez. Era uno de los seis dirigentes que buscaron asilo en la sede diplom\u00e1tica argentina en marzo de 2024, acusados por las autoridades venezolanas de conspiraci\u00f3n y traici\u00f3n a la patria<\/p>\n","protected":false},"author":3,"featured_media":69392,"comment_status":"closed","ping_status":"closed","sticky":false,"template":"","format":"standard","meta":{"jnews-multi-image_gallery":[],"jnews_single_post":{"format":"standard"},"jnews_primary_category":[],"jnews_social_meta":[],"jnews_review":[],"enable_review":"","type":"","name":"","summary":"","brand":"","sku":"","good":[],"bad":[],"score_override":"","override_value":"","rating":[],"price":[],"jnews_override_counter":[],"jnews_post_split":[],"footnotes":""},"categories":[43,59,66],"tags":[17142,21827,17461,45,56],"class_list":["post-69394","post","type-post","status-publish","format-standard","has-post-thumbnail","hentry","category-actualidad","category-politica","category-venezuela","tag-embajada-de-argentina-en-caracas","tag-fernando-martinez-mottola","tag-muerte-cerebral","tag-noticias","tag-venezuela"],"amp_enabled":true,"_links":{"self":[{"href":"https:\/\/esreviral.com\/index.php?rest_route=\/wp\/v2\/posts\/69394"}],"collection":[{"href":"https:\/\/esreviral.com\/index.php?rest_route=\/wp\/v2\/posts"}],"about":[{"href":"https:\/\/esreviral.com\/index.php?rest_route=\/wp\/v2\/types\/post"}],"author":[{"embeddable":true,"href":"https:\/\/esreviral.com\/index.php?rest_route=\/wp\/v2\/users\/3"}],"replies":[{"embeddable":true,"href":"https:\/\/esreviral.com\/index.php?rest_route=%2Fwp%2Fv2%2Fcomments&post=69394"}],"version-history":[{"count":0,"href":"https:\/\/esreviral.com\/index.php?rest_route=\/wp\/v2\/posts\/69394\/revisions"}],"wp:featuredmedia":[{"embeddable":true,"href":"https:\/\/esreviral.com\/index.php?rest_route=\/wp\/v2\/media\/69392"}],"wp:attachment":[{"href":"https:\/\/esreviral.com\/index.php?rest_route=%2Fwp%2Fv2%2Fmedia&parent=69394"}],"wp:term":[{"taxonomy":"category","embeddable":true,"href":"https:\/\/esreviral.com\/index.php?rest_route=%2Fwp%2Fv2%2Fcategories&post=69394"},{"taxonomy":"post_tag","embeddable":true,"href":"https:\/\/esreviral.com\/index.php?rest_route=%2Fwp%2Fv2%2Ftags&post=69394"}],"curies":[{"name":"wp","href":"https:\/\/api.w.org\/{rel}","templated":true}]}}