{"id":69382,"date":"2025-02-26T11:34:50","date_gmt":"2025-02-26T16:34:50","guid":{"rendered":"https:\/\/esreviral.com\/?p=69382"},"modified":"2025-02-26T11:34:51","modified_gmt":"2025-02-26T16:34:51","slug":"presa-mujer-por-quemar-a-su-hijo-con-un-tenedor-para-que-hiciera-caso","status":"publish","type":"post","link":"https:\/\/esreviral.com\/?p=69382","title":{"rendered":"Presa mujer por quemar a su hijo con un tenedor para que hiciera caso"},"content":{"rendered":"\n<p>Una joven madre de 19 a\u00f1os de edad fue detenida en<strong> Cojedes, Venezuela, tras quemarle ambos pies a su hijo de 2 a\u00f1os de edad con un tenedor caliente como castigo por no obedecer sus \u00f3rdenes. <\/strong>El hecho ocurri\u00f3 en el sector Brisas de Tamanaco, en el municipio Tinaquillo.<\/p>\n\n\n\n<p>Seg\u00fan la Polic\u00eda Municipal, la mujer, identificada como <strong>Luisana Del Carmen \u00c1lvarez Estaba,<\/strong> fue arrestada luego de que una denuncia an\u00f3nima alertara al Consejo de Protecci\u00f3n del Ni\u00f1o, Ni\u00f1a y Adolescente.<\/p>\n\n\n\n<p>Cuando los funcionarios llegaron a su domicilio, \u00c1lvarez admiti\u00f3 conocer el motivo de su presencia y <strong>justific\u00f3 su acci\u00f3n alegando estar cansada de que su hijo no le hiciera caso.<\/strong><\/p>\n\n\n\n<p>La detenida qued\u00f3 a disposici\u00f3n de la fiscal\u00eda sexta del Ministerio P\u00fablico, que llevar\u00e1 adelante el proceso legal correspondiente.<\/p>\n\n\n\n<p class=\"has-text-align-center\"><em><strong><em><strong><em><strong><em><strong><a href=\"https:\/\/t.me\/esreviral\">\u00daNETE A NUESTRO CANAL DE TELEGRAM PARA ESTAR INFORMADO<\/a><\/strong><\/em><\/strong><\/em><\/strong><\/em><\/strong><\/em><\/p>\n\n\n\n<p class=\"has-text-align-center\"><strong><a href=\"https:\/\/chat.whatsapp.com\/KWkTmakY3I05kNdd2oZl6d\"><em>\u00daNETE A NUESTRO GRUPO DE WHATSAPP PARA ESTAR INFORMADO<\/em><\/a><\/strong><\/p>\n\n\n\n<p class=\"has-text-align-right\"><strong><em>diarioversionfinal.com.-<\/em><\/strong><\/p>\n","protected":false},"excerpt":{"rendered":"<p>La mujer fue identificada como Luisana Del Carmen \u00c1lvarez Estaba. Aleg\u00f3 estar cansada de la misma situaci\u00f3n con su hijo. La mujer fue puesta a la orden de la fiscal\u00eda sexta del Ministerio P\u00fablico<\/p>\n","protected":false},"author":3,"featured_media":69383,"comment_status":"closed","ping_status":"closed","sticky":false,"template":"","format":"standard","meta":{"jnews-multi-image_gallery":[],"jnews_single_post":{"format":"standard"},"jnews_primary_category":[],"jnews_social_meta":[],"jnews_review":[],"enable_review":"","type":"","name":"","summary":"","brand":"","sku":"","good":[],"bad":[],"score_override":"","override_value":"","rating":[],"price":[],"jnews_override_counter":[],"jnews_post_split":[],"footnotes":""},"categories":[64,66],"tags":[2222,1678,182,25978],"class_list":["post-69382","post","type-post","status-publish","format-standard","has-post-thumbnail","hentry","category-sucesos","category-venezuela","tag-abuso-de-menores","tag-cojedes","tag-ministerio-publico","tag-quemo-a-su-hijo"],"_links":{"self":[{"href":"https:\/\/esreviral.com\/index.php?rest_route=\/wp\/v2\/posts\/69382","targetHints":{"allow":["GET"]}}],"collection":[{"href":"https:\/\/esreviral.com\/index.php?rest_route=\/wp\/v2\/posts"}],"about":[{"href":"https:\/\/esreviral.com\/index.php?rest_route=\/wp\/v2\/types\/post"}],"author":[{"embeddable":true,"href":"https:\/\/esreviral.com\/index.php?rest_route=\/wp\/v2\/users\/3"}],"replies":[{"embeddable":true,"href":"https:\/\/esreviral.com\/index.php?rest_route=%2Fwp%2Fv2%2Fcomments&post=69382"}],"version-history":[{"count":0,"href":"https:\/\/esreviral.com\/index.php?rest_route=\/wp\/v2\/posts\/69382\/revisions"}],"wp:featuredmedia":[{"embeddable":true,"href":"https:\/\/esreviral.com\/index.php?rest_route=\/wp\/v2\/media\/69383"}],"wp:attachment":[{"href":"https:\/\/esreviral.com\/index.php?rest_route=%2Fwp%2Fv2%2Fmedia&parent=69382"}],"wp:term":[{"taxonomy":"category","embeddable":true,"href":"https:\/\/esreviral.com\/index.php?rest_route=%2Fwp%2Fv2%2Fcategories&post=69382"},{"taxonomy":"post_tag","embeddable":true,"href":"https:\/\/esreviral.com\/index.php?rest_route=%2Fwp%2Fv2%2Ftags&post=69382"}],"curies":[{"name":"wp","href":"https:\/\/api.w.org\/{rel}","templated":true}]}}