{"id":69379,"date":"2025-02-26T11:35:50","date_gmt":"2025-02-26T16:35:50","guid":{"rendered":"https:\/\/esreviral.com\/?p=69379"},"modified":"2025-02-26T11:35:54","modified_gmt":"2025-02-26T16:35:54","slug":"tras-el-crimen-de-una-nina-el-gobierno-argentino-reafirmo-su-intencion-de-bajar-la-edad-de-imputabilidad","status":"publish","type":"post","link":"https:\/\/esreviral.com\/?p=69379","title":{"rendered":"Tras el crimen de una ni\u00f1a, el Gobierno argentino reafirm\u00f3 su intenci\u00f3n de bajar la edad de imputabilidad"},"content":{"rendered":"\n<p><strong><a href=\"https:\/\/esreviral.com\/?p=69358\" data-type=\"link\" data-id=\"https:\/\/esreviral.com\/?p=69358\">Tras el crimen de una ni\u00f1a de 7 de edad a\u00f1os durante un robo en La Plata<\/a><\/strong>, y luego de confirmarse que los dos sospechosos detenidos son menores de edad, <strong>el Gobierno ratific\u00f3 su intenci\u00f3n de impulsar la baja en la edad de imputabilidad.<\/strong><\/p>\n\n\n\n<p>\u201c<strong><em>Es una aberraci\u00f3n m\u00e1s por parte de asesinos que no pueden seguir conviviendo en sociedad matando gente<\/em><\/strong>\u201d, declar\u00f3 el vocero presidencial, Manuel Adorni, al referirse al asesinato de Kim G\u00f3mez. Sus declaraciones llegaron despu\u00e9s de que fuentes policiales y judiciales revelaran que los acusados tienen 17 y 14 a\u00f1os de edad. El mayor de ellos hab\u00eda sido detenido recientemente por otro robo automotor, pero la fiscal\u00eda orden\u00f3 su inmediata liberaci\u00f3n por tratarse de un menor de edad.<\/p>\n\n\n\n<p class=\"has-text-align-center\"><em><strong><em><strong><em><strong><em><strong><a href=\"https:\/\/t.me\/esreviral\">\u00daNETE A NUESTRO CANAL DE TELEGRAM PARA ESTAR INFORMADO<\/a><\/strong><\/em><\/strong><\/em><\/strong><\/em><\/strong><\/em><\/p>\n\n\n\n<p>\u201c<strong><em>Es un tema en agenda. Patricia (Bullrich, ministra de Seguridad) lo dijo. Lo vamos a trabajar\u201d<\/em><\/strong>, agreg\u00f3 Adorni en su habitual conferencia de prensa desde la Casa Rosada.<\/p>\n\n\n\n<p>A mediados de 2023, Bullrich y el ministro de Justicia, Mariano C\u00faneo Libarona, confirmaron el env\u00edo de un proyecto de ley al Congreso para reducir la edad de imputabilidad de 16 a 13 a\u00f1os. Sin embargo, el debate qued\u00f3 postergado en la agenda parlamentaria.<\/p>\n\n\n\n<p>El \u00abR\u00e9gimen Penal Juvenil\u00bb establece las penas para menores de edad y ordena las sanciones seg\u00fan la gravedad del delito. Actualmente, en Argentina, la imputabilidad se aplica a partir de los 16 a\u00f1os. Desde el Gobierno se\u00f1alan que en pa\u00edses como Bolivia, Chile, Colombia, Paraguay y Per\u00fa, la edad m\u00ednima es de 14 a\u00f1os, mientras que en Brasil es de 12.<\/p>\n\n\n\n<h3 class=\"wp-block-heading\"><strong><mark style=\"background-color:rgba(0, 0, 0, 0)\" class=\"has-inline-color has-vivid-red-color\">El crimen de Kim G\u00f3mez<\/mark><\/strong><\/h3>\n\n\n\n<p>La ni\u00f1a muri\u00f3 este martes en la localidad de Altos de San Lorenzo durante un robo. Dos adolescentes sustrajeron el auto de su madre, que estaba estacionado frente a un supermercado mayorista en la intersecci\u00f3n de las calles 72 y 24.<\/p>\n\n\n\n<p>Seg\u00fan la investigaci\u00f3n, los ladrones huyeron con el veh\u00edculo sin percatarse de que Kim estaba en el interior. En la zona de 82 y 28, la ni\u00f1a habr\u00eda intentado escapar arroj\u00e1ndose del auto en movimiento, pero fue atropellada por el mismo veh\u00edculo.<\/p>\n\n\n\n<p>\u201cEst\u00e1bamos saliendo con mi esposa y el auto casi nos atropella. Cuando vimos que llevaba algo abajo, lo \u00faltimo que imaginamos es que era una nena\u201d, relat\u00f3 un testigo en TN.<\/p>\n\n\n\n<p class=\"has-text-align-center\"><strong><a href=\"https:\/\/chat.whatsapp.com\/KWkTmakY3I05kNdd2oZl6d\"><em>\u00daNETE A NUESTRO GRUPO DE WHATSAPP PARA ESTAR INFORMADO<\/em><\/a><\/strong><\/p>\n\n\n\n<p class=\"has-text-align-right\"><strong><em>TN.-<\/em><\/strong><\/p>\n","protected":false},"excerpt":{"rendered":"<p>\u201cEs una aberraci\u00f3n m\u00e1s por parte de asesinos que no pueden seguir conviviendo en sociedad\u201d, dijo Manuel Adorni sobre el robo en el que muri\u00f3 Kim G\u00f3mez. Hasta ahora, el r\u00e9gimen penal juvenil se aplica entre los 16 y 18 a\u00f1os.<\/p>\n","protected":false},"author":3,"featured_media":69380,"comment_status":"closed","ping_status":"closed","sticky":false,"template":"","format":"standard","meta":{"jnews-multi-image_gallery":[],"jnews_single_post":{"format":"standard"},"jnews_primary_category":[],"jnews_social_meta":[],"jnews_review":[],"enable_review":"","type":"","name":"","summary":"","brand":"","sku":"","good":[],"bad":[],"score_override":"","override_value":"","rating":[],"price":[],"jnews_override_counter":[],"jnews_post_split":[],"footnotes":""},"categories":[58,59],"tags":[44,2517,25977,940,25965,12936,45],"class_list":["post-69379","post","type-post","status-publish","format-standard","has-post-thumbnail","hentry","category-argentina","category-politica","tag-argentina","tag-crimen-2","tag-imputabilidad","tag-inseguridad","tag-kim-gomez","tag-manuel-adorni","tag-noticias"],"amp_enabled":true,"_links":{"self":[{"href":"https:\/\/esreviral.com\/index.php?rest_route=\/wp\/v2\/posts\/69379"}],"collection":[{"href":"https:\/\/esreviral.com\/index.php?rest_route=\/wp\/v2\/posts"}],"about":[{"href":"https:\/\/esreviral.com\/index.php?rest_route=\/wp\/v2\/types\/post"}],"author":[{"embeddable":true,"href":"https:\/\/esreviral.com\/index.php?rest_route=\/wp\/v2\/users\/3"}],"replies":[{"embeddable":true,"href":"https:\/\/esreviral.com\/index.php?rest_route=%2Fwp%2Fv2%2Fcomments&post=69379"}],"version-history":[{"count":0,"href":"https:\/\/esreviral.com\/index.php?rest_route=\/wp\/v2\/posts\/69379\/revisions"}],"wp:featuredmedia":[{"embeddable":true,"href":"https:\/\/esreviral.com\/index.php?rest_route=\/wp\/v2\/media\/69380"}],"wp:attachment":[{"href":"https:\/\/esreviral.com\/index.php?rest_route=%2Fwp%2Fv2%2Fmedia&parent=69379"}],"wp:term":[{"taxonomy":"category","embeddable":true,"href":"https:\/\/esreviral.com\/index.php?rest_route=%2Fwp%2Fv2%2Fcategories&post=69379"},{"taxonomy":"post_tag","embeddable":true,"href":"https:\/\/esreviral.com\/index.php?rest_route=%2Fwp%2Fv2%2Ftags&post=69379"}],"curies":[{"name":"wp","href":"https:\/\/api.w.org\/{rel}","templated":true}]}}