{"id":69343,"date":"2025-02-25T16:48:28","date_gmt":"2025-02-25T21:48:28","guid":{"rendered":"https:\/\/esreviral.com\/?p=69343"},"modified":"2025-02-25T16:48:29","modified_gmt":"2025-02-25T21:48:29","slug":"madre-e-hijo-venezolanos-estan-desaparecidos-en-argentina","status":"publish","type":"post","link":"https:\/\/esreviral.com\/?p=69343","title":{"rendered":"Madre e hijo venezolanos est\u00e1n desaparecidos en Argentina"},"content":{"rendered":"\n<p><strong>Johnny Enrique Salcedo Cardozo<\/strong>, un venezolano de 38 a\u00f1os de edad, denunci\u00f3 ante la Polic\u00eda de Ciudadela en la provincia de Buenos Aires <strong>la desaparici\u00f3n de su hijo An\u00edbal Jos\u00e9 Salcedo Pildain, de tan s\u00f3lo ocho a\u00f1os de edad, <\/strong>de quien no tiene noticias desde el pasado jueves cuando habl\u00f3 por \u00faltima vez con su expareja <strong>Yessica Gabriela Pildain Perozo, de 37 a\u00f1os de edad, quien tambi\u00e9n se encuentra desaparecida. <\/strong><\/p>\n\n\n\n<p>Ellos se encuentra separados como pareja desde hace tres a\u00f1os pero manten\u00edan comunicaci\u00f3n por el menor, de hecho hab\u00edan acordado que <strong>el padre pasar\u00eda con el ni\u00f1o los fines de semana de por medio y los d\u00edas lunes y martes. <\/strong><\/p>\n\n\n\n<p><strong>\u00abEl mi\u00e9rcoles 12 de febrero fue la \u00faltima vez que lo vi. <\/strong>El fin de semana le tocaba entreg\u00e1rmelo y se neg\u00f3. Estuve muy paciente pero no me respond\u00eda los mensajes, me bloque\u00f3 del Whatsapp y m\u00e1s. \u00abCuando logro hablar con ella el martes pasado, me dice que se mudar\u00eda a capital, me ofrec\u00ed a ayudarles con la mudanza para as\u00ed saber donde estar\u00edan ubicados y me respondi\u00f3 que s\u00ed, que no hab\u00eda problema, que de igual forma el s\u00e1bado me entregar\u00eda al ni\u00f1o, el jueves hable con \u00e9l a las 11am y de ah\u00ed no supe m\u00e1s nada de ellos dos\u00bb, expres\u00f3 conmovido el padre del peque\u00f1o. <\/p>\n\n\n\n<p><strong>\u00abNo s\u00e9 que habr\u00e1 sucedido pero si cambi\u00f3 de n\u00famero de tel\u00e9fono es que no me lo quiere mostrar (&#8230;) es la primera vez que hace esto, aunque previamente me hab\u00eda amenazado con llev\u00e1rselo\u00bb. <\/strong><\/p>\n\n\n\n<p><strong><a href=\"https:\/\/chat.whatsapp.com\/KWkTmakY3I05kNdd2oZl6d\"><em>\u00daNETE A NUESTRO GRUPO DE WHATSAPP PARA ESTAR INFORMADO<\/em><\/a><\/strong><\/p>\n\n\n\n<figure class=\"wp-block-image size-large\"><img fetchpriority=\"high\" decoding=\"async\" width=\"768\" height=\"1024\" src=\"https:\/\/esreviral.com\/wp-content\/uploads\/2025\/02\/nin204131o-venezolano-desaaparecido-768x1024.webp\" alt=\"\" class=\"wp-image-69345\" srcset=\"https:\/\/esreviral.com\/wp-content\/uploads\/2025\/02\/nin204131o-venezolano-desaaparecido-768x1024.webp 768w, https:\/\/esreviral.com\/wp-content\/uploads\/2025\/02\/nin204131o-venezolano-desaaparecido-225x300.webp 225w, https:\/\/esreviral.com\/wp-content\/uploads\/2025\/02\/nin204131o-venezolano-desaaparecido-1152x1536.webp 1152w, https:\/\/esreviral.com\/wp-content\/uploads\/2025\/02\/nin204131o-venezolano-desaaparecido.webp 1200w\" sizes=\"(max-width: 768px) 100vw, 768px\" \/><figcaption class=\"wp-element-caption\">An\u00edbal Jos\u00e9 Salcedo Pildain, de tan s\u00f3lo ocho a\u00f1os de edad, <\/figcaption><\/figure>\n\n\n\n<p>Salcedo Cardozo relat\u00f3 que ese mismo jueves a las 11:00 p.m, le envi\u00f3 un mensaje para coordinar lo de la mudanza del d\u00eda siguiente pero no le llegaban los mensajes, el viernes intent\u00f3 comunicarse por llamada y fue imposible, mand\u00e9 a llamar a su trabajo y me dijeron que no fue a trabajar ni jueves ni viernes, ya que hab\u00eda pedido permiso para mudarse. <\/p>\n\n\n\n<p><strong>\u00abEntonces fue cuando asum\u00ed que se fug\u00f3 con el ni\u00f1o, un menor de 8 a\u00f1os de edad, y fui a la policia a colocar la denuncia. Ellos indagaron con la.familia y nadie sabe nada, supuestamente\u00bb,<\/strong> porque ellos no se han comunicado conmigo ni preguntado nada\u00bb. <\/p>\n\n\n\n<p>Lea tambi\u00e9n: <strong><a href=\"https:\/\/esreviral.com\/?p=68072\">Venezolana requiere ayuda para el remplazo de su rodilla o podr\u00eda quedar sin caminar<\/a><\/strong><\/p>\n\n\n\n<p>Los familiares de ella no se han comunicado con el padre del peque\u00f1o, <strong>\u00abadem\u00e1s, ella bloque\u00f3 a todos los contactos que tenemos en com\u00fan y su tel\u00e9fono aparece apagado al igual que el celular del ni\u00f1o\u00bb.<\/strong><\/p>\n\n\n\n<p>Previamente la pareja hab\u00eda tenido problemas matrimoniales, al punto que \u00e9l la denunci\u00f3 <strong>\u00abpor cese de hostigamiento y agresiones para que dejara de faltarme el respeto a m\u00ed y al ni\u00f1o\u00bb,<\/strong> declar\u00f3.<\/p>\n\n\n\n<p>Si alguien llega a ver a alguno de los dos desaparecidos, <strong>favor comunicarse al n\u00famero: +54 9 11 2254-2579<\/strong><\/p>\n\n\n\n<p><em><strong><em><strong><em><strong><em><strong><a href=\"https:\/\/t.me\/esreviral\">\u00daNETE A NUESTRO CANAL DE TELEGRAM PARA ESTAR INFORMADO<\/a><\/strong><\/em><\/strong><\/em><\/strong><\/em><\/strong><\/em><\/p>\n\n\n\n<figure class=\"wp-block-image size-large\"><img decoding=\"async\" width=\"1024\" height=\"768\" src=\"https:\/\/esreviral.com\/wp-content\/uploads\/2025\/02\/venezolanos-desaparecidos-1024x768.webp\" alt=\"\" class=\"wp-image-69346\" srcset=\"https:\/\/esreviral.com\/wp-content\/uploads\/2025\/02\/venezolanos-desaparecidos-1024x768.webp 1024w, https:\/\/esreviral.com\/wp-content\/uploads\/2025\/02\/venezolanos-desaparecidos-300x225.webp 300w, https:\/\/esreviral.com\/wp-content\/uploads\/2025\/02\/venezolanos-desaparecidos-768x576.webp 768w, https:\/\/esreviral.com\/wp-content\/uploads\/2025\/02\/venezolanos-desaparecidos-1536x1152.webp 1536w, https:\/\/esreviral.com\/wp-content\/uploads\/2025\/02\/venezolanos-desaparecidos.webp 1600w\" sizes=\"(max-width: 1024px) 100vw, 1024px\" \/><\/figure>\n","protected":false},"excerpt":{"rendered":"<p>Johnny Enrique Salcedo Cardozo, un venezolano de 38 a\u00f1os de edad, denunci\u00f3 ante la Polic\u00eda de Ciudadela en la provincia de Buenos Aires la desaparici\u00f3n de su hijo An\u00edbal Jos\u00e9 Salcedo Pildain, de tan s\u00f3lo ocho a\u00f1os de edad, de quien no tiene noticias desde el pasado jueves cuando habl\u00f3 por \u00faltima vez con su [&hellip;]<\/p>\n","protected":false},"author":2,"featured_media":69346,"comment_status":"closed","ping_status":"closed","sticky":false,"template":"","format":"standard","meta":{"jnews-multi-image_gallery":[],"jnews_single_post":{"format":"standard"},"jnews_primary_category":[],"jnews_social_meta":[],"jnews_review":[],"enable_review":"","type":"","name":"","summary":"","brand":"","sku":"","good":[],"bad":[],"score_override":"","override_value":"","rating":[],"price":[],"jnews_override_counter":[],"jnews_post_split":[],"footnotes":""},"categories":[5892],"tags":[25940,44,25942,45,67,25941],"class_list":["post-69343","post","type-post","status-publish","format-standard","has-post-thumbnail","hentry","category-venezolanos-en-argentina","tag-anibal-jose-salcedo-pildain","tag-argentina","tag-johnny-enrique-salcedo-cardozo","tag-noticias","tag-venezolanos-en-argentina","tag-yessica-gabriela-pildain-perozo"],"amp_enabled":true,"_links":{"self":[{"href":"https:\/\/esreviral.com\/index.php?rest_route=\/wp\/v2\/posts\/69343"}],"collection":[{"href":"https:\/\/esreviral.com\/index.php?rest_route=\/wp\/v2\/posts"}],"about":[{"href":"https:\/\/esreviral.com\/index.php?rest_route=\/wp\/v2\/types\/post"}],"author":[{"embeddable":true,"href":"https:\/\/esreviral.com\/index.php?rest_route=\/wp\/v2\/users\/2"}],"replies":[{"embeddable":true,"href":"https:\/\/esreviral.com\/index.php?rest_route=%2Fwp%2Fv2%2Fcomments&post=69343"}],"version-history":[{"count":0,"href":"https:\/\/esreviral.com\/index.php?rest_route=\/wp\/v2\/posts\/69343\/revisions"}],"wp:featuredmedia":[{"embeddable":true,"href":"https:\/\/esreviral.com\/index.php?rest_route=\/wp\/v2\/media\/69346"}],"wp:attachment":[{"href":"https:\/\/esreviral.com\/index.php?rest_route=%2Fwp%2Fv2%2Fmedia&parent=69343"}],"wp:term":[{"taxonomy":"category","embeddable":true,"href":"https:\/\/esreviral.com\/index.php?rest_route=%2Fwp%2Fv2%2Fcategories&post=69343"},{"taxonomy":"post_tag","embeddable":true,"href":"https:\/\/esreviral.com\/index.php?rest_route=%2Fwp%2Fv2%2Ftags&post=69343"}],"curies":[{"name":"wp","href":"https:\/\/api.w.org\/{rel}","templated":true}]}}