{"id":69335,"date":"2025-02-25T15:47:00","date_gmt":"2025-02-25T20:47:00","guid":{"rendered":"https:\/\/esreviral.com\/?p=69335"},"modified":"2025-02-25T15:47:01","modified_gmt":"2025-02-25T20:47:01","slug":"maria-corina-machado-convoco-a-los-venezolanos-a-unirse-a-la-ruta-por-la-justicia-y-la-libertad","status":"publish","type":"post","link":"https:\/\/esreviral.com\/?p=69335","title":{"rendered":"Mar\u00eda Corina Machado convoc\u00f3 a los venezolanos a unirse a la \u201cRuta por la Justicia y la Libertad\u201d"},"content":{"rendered":"\n<p>La l\u00edder opositora<strong> Mar\u00eda Corina Machado<\/strong> manifest\u00f3 su solidaridad con los familiares de los presos pol\u00edticos y respald\u00f3 sus protestas contra las detenciones arbitrarias.<\/p>\n\n\n\n<p>Durante una concentraci\u00f3n del Comit\u00e9 por la Libertad de los <strong>Presos Pol\u00edticos<\/strong>, realizada frente a la sede de la Defensor\u00eda P\u00fablica como parte de su <em><strong>Ruta por la Justicia y la Libertad<\/strong><\/em>, Machado reafirm\u00f3 su compromiso con la causa.<\/p>\n\n\n\n<p><em>\u00abFrente a un r\u00e9gimen cruel que ha violado todos los derechos humanos y que, a punta de miedo y represi\u00f3n, ha intentado silenciarnos y quebrarnos, nos hemos organizado y alzamos nuestras voces por nuestros h\u00e9roes secuestrados\u00bb<\/em>, escribi\u00f3 en su cuenta en X.<\/p>\n\n\n\n<p><\/p>\n\n\n\n<p class=\"has-text-align-center\"><em><strong><em><strong><em><strong><em><strong><a href=\"https:\/\/t.me\/esreviral\">\u00daNETE A NUESTRO CANAL DE TELEGRAM PARA ESTAR INFORMADO<\/a><\/strong><\/em><\/strong><\/em><\/strong><\/em><\/strong><\/em><\/p>\n\n\n\n<blockquote class=\"twitter-tweet\"><p lang=\"es\" dir=\"ltr\">Frente a un r\u00e9gimen cruel que ha violado todos los derechos humanos y que a punta de miedo y represi\u00f3n ha intentado silenciarnos y quebrarnos, nos hemos organizado y alzamos nuestra voz por nuestros h\u00e9roes secuestrados!!<br><br>Cada familia, cada organizaci\u00f3n, cada venezolano que hoy\u2026 <a href=\"https:\/\/t.co\/T8TkfGqEQV\">https:\/\/t.co\/T8TkfGqEQV<\/a><\/p>&mdash; Mar\u00eda Corina Machado (@MariaCorinaYA) <a href=\"https:\/\/twitter.com\/MariaCorinaYA\/status\/1894448665936482798?ref_src=twsrc%5Etfw\">February 25, 2025<\/a><\/blockquote> <script async src=\"https:\/\/platform.twitter.com\/widgets.js\" charset=\"utf-8\"><\/script>\n\n\n\n<p><\/p>\n\n\n\n<p>Asimismo, asegur\u00f3 que <em>\u00ablos presos pol\u00edticos y sus familiares no est\u00e1n solos\u00bb<\/em> y ratific\u00f3 su determinaci\u00f3n de seguir luchando por su liberaci\u00f3n.<\/p>\n\n\n\n<p><em>\u00abCada familia, cada organizaci\u00f3n, cada venezolano que hoy se suma a la #RutaPorLaJusticia es un basti\u00f3n de valent\u00eda y resiliencia\u00bb<\/em>, agreg\u00f3.<\/p>\n\n\n\n<p>Por \u00faltimo, inst\u00f3 a todos los venezolanos a unirse a esta causa.<\/p>\n\n\n\n<p class=\"has-text-align-center\"><strong><a href=\"https:\/\/chat.whatsapp.com\/KWkTmakY3I05kNdd2oZl6d\"><em>\u00daNETE A NUESTRO GRUPO DE WHATSAPP PARA ESTAR INFORMADO<\/em><\/a><\/strong><\/p>\n","protected":false},"excerpt":{"rendered":"<p>Reiter\u00f3 que los presos pol\u00edticos y sus familiares no est\u00e1n solos y que no dejar\u00e1n de luchar por la libertad de cada uno de ellos<\/p>\n","protected":false},"author":3,"featured_media":69336,"comment_status":"closed","ping_status":"closed","sticky":false,"template":"","format":"standard","meta":{"jnews-multi-image_gallery":[],"jnews_single_post":{"format":"standard"},"jnews_primary_category":[],"jnews_social_meta":[],"jnews_review":[],"enable_review":"","type":"","name":"","summary":"","brand":"","sku":"","good":[],"bad":[],"score_override":"","override_value":"","rating":[],"price":[],"jnews_override_counter":[],"jnews_post_split":[],"footnotes":""},"categories":[59,66],"tags":[3265,45,10447,56],"class_list":["post-69335","post","type-post","status-publish","format-standard","has-post-thumbnail","hentry","category-politica","category-venezuela","tag-maria-corina-machado-2","tag-noticias","tag-presos-politicos","tag-venezuela"],"amp_enabled":true,"_links":{"self":[{"href":"https:\/\/esreviral.com\/index.php?rest_route=\/wp\/v2\/posts\/69335"}],"collection":[{"href":"https:\/\/esreviral.com\/index.php?rest_route=\/wp\/v2\/posts"}],"about":[{"href":"https:\/\/esreviral.com\/index.php?rest_route=\/wp\/v2\/types\/post"}],"author":[{"embeddable":true,"href":"https:\/\/esreviral.com\/index.php?rest_route=\/wp\/v2\/users\/3"}],"replies":[{"embeddable":true,"href":"https:\/\/esreviral.com\/index.php?rest_route=%2Fwp%2Fv2%2Fcomments&post=69335"}],"version-history":[{"count":0,"href":"https:\/\/esreviral.com\/index.php?rest_route=\/wp\/v2\/posts\/69335\/revisions"}],"wp:featuredmedia":[{"embeddable":true,"href":"https:\/\/esreviral.com\/index.php?rest_route=\/wp\/v2\/media\/69336"}],"wp:attachment":[{"href":"https:\/\/esreviral.com\/index.php?rest_route=%2Fwp%2Fv2%2Fmedia&parent=69335"}],"wp:term":[{"taxonomy":"category","embeddable":true,"href":"https:\/\/esreviral.com\/index.php?rest_route=%2Fwp%2Fv2%2Fcategories&post=69335"},{"taxonomy":"post_tag","embeddable":true,"href":"https:\/\/esreviral.com\/index.php?rest_route=%2Fwp%2Fv2%2Ftags&post=69335"}],"curies":[{"name":"wp","href":"https:\/\/api.w.org\/{rel}","templated":true}]}}