{"id":69159,"date":"2025-02-22T07:52:36","date_gmt":"2025-02-22T12:52:36","guid":{"rendered":"https:\/\/esreviral.com\/?p=69159"},"modified":"2025-02-22T07:52:37","modified_gmt":"2025-02-22T12:52:37","slug":"ya-me-fastidie-de-insistir-exesposa-de-chyno-miranda-afirmo-que-el-cantante-lleva-cinco-anos-sin-ver-a-su-hijo","status":"publish","type":"post","link":"https:\/\/esreviral.com\/?p=69159","title":{"rendered":"\u00abYa me fastidi\u00e9 de insistir\u00bb: Exesposa de Chyno Miranda afirm\u00f3 que el cantante lleva cinco a\u00f1os sin ver a su hijo"},"content":{"rendered":"\n<p>La modelo <strong>Natasha Araos<\/strong>, exesposa del cantante venezolano <strong>Chyno Miranda<\/strong>, asegur\u00f3 que el artista <strong>lleva a\u00f1os sin ver a su hijo<\/strong> y que, desde su divorcio, <strong>no ha vuelto a comunicarse<\/strong> con ellos.<\/p>\n\n\n\n<p>A trav\u00e9s de una din\u00e1mica de preguntas y respuestas en sus historias de <strong>Instagram<\/strong>, Araos fue consultada sobre la relaci\u00f3n de Chyno con su hijo, a lo que respondi\u00f3:<\/p>\n\n\n\n<p><em>\u00abDesde que nos divorciamos en 2021 yo no lo veo, porque \u00e9l se fue a Venezuela y tiene m\u00e1s de un a\u00f1o y medio que no llama ni se contacta. De hecho, yo me enter\u00e9 por ustedes mismos que \u00e9l hab\u00eda venido a los Estados Unidos\u201d<\/em>.<\/p>\n\n\n\n<p class=\"has-text-align-center\"><em><strong><em><strong><em><strong><em><strong><a href=\"https:\/\/t.me\/esreviral\">\u00daNETE A NUESTRO CANAL DE TELEGRAM PARA ESTAR INFORMADO<\/a><\/strong><\/em><\/strong><\/em><\/strong><\/em><\/strong><\/em><\/p>\n\n\n<div class=\"wp-block-image\">\n<figure class=\"aligncenter size-large\"><img decoding=\"async\" src=\"https:\/\/www.hola.com\/horizon\/landscape\/df9f72874593-gettyimages-970630164.jpg?im=Resize=(960),type=downsize\" alt=\"\"\/><\/figure><\/div>\n\n\n<h3 class=\"wp-block-heading\"><strong><mark style=\"background-color:rgba(0, 0, 0, 0)\" class=\"has-inline-color has-vivid-red-color\">\u00abYa me cans\u00e9 de insistir\u00bb<\/mark><\/strong><\/h3>\n\n\n\n<p>Araos tambi\u00e9n respondi\u00f3 a otra pregunta sobre si Chyno mantiene contacto con Lucca. Su respuesta fue contundente:<\/p>\n\n\n\n<p><em>\u00abYa la hice y he hecho varias, pero nada que quiere. Hace m\u00e1s de un a\u00f1o que ni llama y como cinco que ni lo ve\u201d<\/em>.<\/p>\n\n\n\n<p>Ante los intentos fallidos de acercamiento, la modelo confes\u00f3 que ha decidido <strong>dejar de insistir<\/strong>:<\/p>\n\n\n\n<p><em>\u00abYa me fastidi\u00e9 de tratar de enterar a alguien que no quiere o que no lo dejan\u00bb<\/em>, expres\u00f3.<\/p>\n\n\n\n<p>Finalmente, Araos dej\u00f3 en claro que su relaci\u00f3n con Chyno qued\u00f3 en el pasado y que cada uno sigui\u00f3 su camino tras su separaci\u00f3n en 2021.<\/p>\n\n\n\n<p class=\"has-text-align-center\"><strong><a href=\"https:\/\/chat.whatsapp.com\/KWkTmakY3I05kNdd2oZl6d\"><em>\u00daNETE A NUESTRO GRUPO DE WHATSAPP PARA ESTAR INFORMADO<\/em><\/a><\/strong><\/p>\n\n\n\n<figure class=\"wp-block-image size-large\"><img decoding=\"async\" src=\"https:\/\/www.hola.com\/horizon\/original_aspect_ratio\/cc4e77ee601d-snapinstapp480891555180722457617730636704320390305243396n1080.jpg?im=Resize=(640),type=downsize\" alt=\"\"\/><\/figure>\n","protected":false},"excerpt":{"rendered":"<p>La empresaria revel\u00f3 que el int\u00e9rprete venezolano ha dejado de llamar a su peque\u00f1o Lucca, de 5 a\u00f1os<\/p>\n","protected":false},"author":3,"featured_media":69160,"comment_status":"closed","ping_status":"closed","sticky":false,"template":"","format":"standard","meta":{"jnews-multi-image_gallery":[],"jnews_single_post":{"format":"standard"},"jnews_primary_category":[],"jnews_social_meta":[],"jnews_review":[],"enable_review":"","type":"","name":"","summary":"","brand":"","sku":"","good":[],"bad":[],"score_override":"","override_value":"","rating":[],"price":[],"jnews_override_counter":[],"jnews_post_split":[],"footnotes":""},"categories":[50],"tags":[7032,2190,5384,635,6459],"class_list":["post-69159","post","type-post","status-publish","format-standard","has-post-thumbnail","hentry","category-entretenimiento","tag-cantante-venezolano","tag-chyno-miranda","tag-divorcio","tag-instagram","tag-natasha-araos"],"amp_enabled":true,"_links":{"self":[{"href":"https:\/\/esreviral.com\/index.php?rest_route=\/wp\/v2\/posts\/69159"}],"collection":[{"href":"https:\/\/esreviral.com\/index.php?rest_route=\/wp\/v2\/posts"}],"about":[{"href":"https:\/\/esreviral.com\/index.php?rest_route=\/wp\/v2\/types\/post"}],"author":[{"embeddable":true,"href":"https:\/\/esreviral.com\/index.php?rest_route=\/wp\/v2\/users\/3"}],"replies":[{"embeddable":true,"href":"https:\/\/esreviral.com\/index.php?rest_route=%2Fwp%2Fv2%2Fcomments&post=69159"}],"version-history":[{"count":0,"href":"https:\/\/esreviral.com\/index.php?rest_route=\/wp\/v2\/posts\/69159\/revisions"}],"wp:featuredmedia":[{"embeddable":true,"href":"https:\/\/esreviral.com\/index.php?rest_route=\/wp\/v2\/media\/69160"}],"wp:attachment":[{"href":"https:\/\/esreviral.com\/index.php?rest_route=%2Fwp%2Fv2%2Fmedia&parent=69159"}],"wp:term":[{"taxonomy":"category","embeddable":true,"href":"https:\/\/esreviral.com\/index.php?rest_route=%2Fwp%2Fv2%2Fcategories&post=69159"},{"taxonomy":"post_tag","embeddable":true,"href":"https:\/\/esreviral.com\/index.php?rest_route=%2Fwp%2Fv2%2Ftags&post=69159"}],"curies":[{"name":"wp","href":"https:\/\/api.w.org\/{rel}","templated":true}]}}