{"id":69136,"date":"2025-02-22T07:34:03","date_gmt":"2025-02-22T12:34:03","guid":{"rendered":"https:\/\/esreviral.com\/?p=69136"},"modified":"2025-02-22T07:34:04","modified_gmt":"2025-02-22T12:34:04","slug":"no-le-temas-al-microfono-curso-tu-voz-tu-marca-domina-la-oratoria-y-la-postura-en-videos","status":"publish","type":"post","link":"https:\/\/esreviral.com\/?p=69136","title":{"rendered":"\u00a1No le temas al micr\u00f3fono! Curso: \u201cTu voz, tu marca: Domina la oratoria y la postura en videos\u201d"},"content":{"rendered":"\n<p>En un mundo donde la comunicaci\u00f3n digital es clave, dominar la oratoria y proyectar confianza en video se ha convertido en una habilidad imprescindible. Pensando en esto, la reconocida comunicadora social <strong>Jacmibel Rosas<\/strong>, con 20 a\u00f1os de trayectoria en el \u00e1mbito de la comunicaci\u00f3n y la oratoria, presenta su curso <strong>\u00abTu voz, tu marca: Domina la oratoria y la postura en videos\u00bb<\/strong>, dise\u00f1ado para emprendedores y profesionales que desean mejorar su capacidad de hablar en p\u00fablico y desenvolverse con naturalidad ante la c\u00e1mara.<\/p>\n\n\n\n<h3 class=\"wp-block-heading\"><strong><mark style=\"background-color:rgba(0, 0, 0, 0)\" class=\"has-inline-color has-vivid-red-color\">Un curso dise\u00f1ado para transformar tu comunicaci\u00f3n<\/mark><\/strong><\/h3>\n\n\n\n<p>Dirigido a <strong>emprendedores, vendedores, podcasters, realtors, stand-ups, profesores<\/strong> y cualquier persona que busque conectar con su audiencia de manera aut\u00e9ntica y profesional, este curso ofrece estrategias y t\u00e9cnicas para proyectar confianza, mejorar la postura y superar el miedo esc\u00e9nico.<\/p>\n\n\n\n<p class=\"has-text-align-center\"><em><strong><em><strong><em><strong><em><strong><a href=\"https:\/\/t.me\/esreviral\">\u00daNETE A NUESTRO CANAL DE TELEGRAM PARA ESTAR INFORMADO<\/a><\/strong><\/em><\/strong><\/em><\/strong><\/em><\/strong><\/em><\/p>\n\n\n<div class=\"wp-block-image\">\n<figure class=\"aligncenter size-large\"><img fetchpriority=\"high\" decoding=\"async\" width=\"576\" height=\"1024\" src=\"https:\/\/esreviral.com\/wp-content\/uploads\/2025\/02\/AnyConv.com__Flayer-stories-Tu-voz-tu-marca-576x1024.webp\" alt=\"\" class=\"wp-image-69137\" srcset=\"https:\/\/esreviral.com\/wp-content\/uploads\/2025\/02\/AnyConv.com__Flayer-stories-Tu-voz-tu-marca-576x1024.webp 576w, https:\/\/esreviral.com\/wp-content\/uploads\/2025\/02\/AnyConv.com__Flayer-stories-Tu-voz-tu-marca-169x300.webp 169w, https:\/\/esreviral.com\/wp-content\/uploads\/2025\/02\/AnyConv.com__Flayer-stories-Tu-voz-tu-marca-768x1365.webp 768w, https:\/\/esreviral.com\/wp-content\/uploads\/2025\/02\/AnyConv.com__Flayer-stories-Tu-voz-tu-marca-864x1536.webp 864w, https:\/\/esreviral.com\/wp-content\/uploads\/2025\/02\/AnyConv.com__Flayer-stories-Tu-voz-tu-marca.webp 1080w\" sizes=\"(max-width: 576px) 100vw, 576px\" \/><\/figure><\/div>\n\n\n<p><\/p>\n\n\n\n<h3 class=\"wp-block-heading\"><strong><mark style=\"background-color:rgba(0, 0, 0, 0)\" class=\"has-inline-color has-vivid-red-color\">\u00bfQu\u00e9 aprender\u00e1n los participantes?<\/mark><\/strong><\/h3>\n\n\n\n<p>En <strong>tres clases intensivas<\/strong>, los asistentes recibir\u00e1n formaci\u00f3n te\u00f3rico-pr\u00e1ctica en:<\/p>\n\n\n\n<p>\u2705 <strong>Oratoria efectiva<\/strong>: T\u00e9cnicas de voz, modulaci\u00f3n y lenguaje corporal.<br>\u2705 <strong>Creaci\u00f3n de videos atractivos<\/strong>: Postura, expresividad y grabaci\u00f3n profesional.<br>\u2705 <strong>\u00c9xito en transmisiones en vivo<\/strong>: Claves para interactuar con la audiencia en tiempo real.<br>\u2705 <strong>Superaci\u00f3n del miedo esc\u00e9nico<\/strong>: Herramientas pr\u00e1cticas para hablar con seguridad.<br>\u2705 <strong>Desarrollo de marca personal<\/strong>: C\u00f3mo proyectar una imagen aut\u00e9ntica y profesional.<\/p>\n\n\n\n<h3 class=\"wp-block-heading\"><strong><mark style=\"background-color:rgba(0, 0, 0, 0)\" class=\"has-inline-color has-vivid-red-color\">Beneficios exclusivos<\/mark><\/strong><\/h3>\n\n\n\n<p>Los participantes contar\u00e1n con <strong>material de apoyo descargable, ejercicios personalizados con feedback individual y acceso a una comunidad exclusiva de alumnos<\/strong>, lo que les permitir\u00e1 un aprendizaje integral y continuo.<\/p>\n\n\n\n<h3 class=\"wp-block-heading\"><strong><mark style=\"background-color:rgba(0, 0, 0, 0)\" class=\"has-inline-color has-vivid-red-color\">Cupos limitados: \u00a1inscripciones abiertas!<\/mark><\/strong><\/h3>\n\n\n\n<p>Para garantizar una ense\u00f1anza personalizada y efectiva, los cupos son <strong>limitados<\/strong>. Los interesados pueden solicitar m\u00e1s informaci\u00f3n escribiendo <strong>\u00abINFO\u00bb<\/strong> en los comentarios de las publicaciones de <strong>Jacmibel Rosas<\/strong> en sus redes sociales o a trav\u00e9s de mensaje directo.<\/p>\n\n\n\n<p><strong>\u00a1No dejes que el miedo te frene!<\/strong> Aprovecha esta oportunidad para mejorar tu presencia en video y potenciar tu comunicaci\u00f3n digital.<\/p>\n\n\n\n<p>\ud83d\udccc <strong>M\u00e1s informaci\u00f3n en:<\/strong><br>\ud83d\udcf2 Instagram: @jacmibelrosas<br>\ud83d\udce9 Correo: <a>jacmibelrosas@gmail.com<\/a><\/p>\n\n\n\n<p class=\"has-text-align-center\"><strong><a href=\"https:\/\/chat.whatsapp.com\/KWkTmakY3I05kNdd2oZl6d\"><em>\u00daNETE A NUESTRO GRUPO DE WHATSAPP PARA ESTAR INFORMADO<\/em><\/a><\/strong><\/p>\n\n\n\n<p class=\"has-text-align-right\"><strong><em>Prensa Jacmibel Rosas.-<\/em><\/strong><\/p>\n","protected":false},"excerpt":{"rendered":"<p>Este curso representa una oportunidad imperdible para quienes buscan mejorar su presencia en video, vencer el miedo al micr\u00f3fono y potenciar su comunicaci\u00f3n digital de manera efectiva. \u00a1No dejes que el miedo te frene y atr\u00e9vete a transformar tu comunicaci\u00f3n!<\/p>\n","protected":false},"author":3,"featured_media":69138,"comment_status":"closed","ping_status":"closed","sticky":false,"template":"","format":"standard","meta":{"jnews-multi-image_gallery":[],"jnews_single_post":{"format":"standard"},"jnews_primary_category":[],"jnews_social_meta":[],"jnews_review":[],"enable_review":"","type":"","name":"","summary":"","brand":"","sku":"","good":[],"bad":[],"score_override":"","override_value":"","rating":[],"price":[],"jnews_override_counter":[],"jnews_post_split":[],"footnotes":""},"categories":[5892],"tags":[12788,25707,45],"class_list":["post-69136","post","type-post","status-publish","format-standard","has-post-thumbnail","hentry","category-venezolanos-en-argentina","tag-jacmibel-rosas","tag-microfono","tag-noticias"],"amp_enabled":true,"_links":{"self":[{"href":"https:\/\/esreviral.com\/index.php?rest_route=\/wp\/v2\/posts\/69136"}],"collection":[{"href":"https:\/\/esreviral.com\/index.php?rest_route=\/wp\/v2\/posts"}],"about":[{"href":"https:\/\/esreviral.com\/index.php?rest_route=\/wp\/v2\/types\/post"}],"author":[{"embeddable":true,"href":"https:\/\/esreviral.com\/index.php?rest_route=\/wp\/v2\/users\/3"}],"replies":[{"embeddable":true,"href":"https:\/\/esreviral.com\/index.php?rest_route=%2Fwp%2Fv2%2Fcomments&post=69136"}],"version-history":[{"count":0,"href":"https:\/\/esreviral.com\/index.php?rest_route=\/wp\/v2\/posts\/69136\/revisions"}],"wp:featuredmedia":[{"embeddable":true,"href":"https:\/\/esreviral.com\/index.php?rest_route=\/wp\/v2\/media\/69138"}],"wp:attachment":[{"href":"https:\/\/esreviral.com\/index.php?rest_route=%2Fwp%2Fv2%2Fmedia&parent=69136"}],"wp:term":[{"taxonomy":"category","embeddable":true,"href":"https:\/\/esreviral.com\/index.php?rest_route=%2Fwp%2Fv2%2Fcategories&post=69136"},{"taxonomy":"post_tag","embeddable":true,"href":"https:\/\/esreviral.com\/index.php?rest_route=%2Fwp%2Fv2%2Ftags&post=69136"}],"curies":[{"name":"wp","href":"https:\/\/api.w.org\/{rel}","templated":true}]}}