{"id":69083,"date":"2025-02-21T06:34:56","date_gmt":"2025-02-21T11:34:56","guid":{"rendered":"https:\/\/esreviral.com\/?p=69083"},"modified":"2025-02-21T06:34:57","modified_gmt":"2025-02-21T11:34:57","slug":"el-papa-podria-renunciar-pero-su-gran-deseo-es-cumplir-el-jubileo-dice-cardenal-ravasi","status":"publish","type":"post","link":"https:\/\/esreviral.com\/?p=69083","title":{"rendered":"El papa podr\u00eda renunciar, pero su gran deseo es cumplir el Jubileo, dice cardenal Ravasi"},"content":{"rendered":"\n<p><strong>El Papa Francisco<\/strong> contin\u00faa internado en el Policl\u00ednico Gemelli de Roma tras ser diagnosticado con neumon\u00eda bilateral. Aunque se ha especulado sobre <strong>una posible renuncia<\/strong>, el cardenal <strong>Gianfranco Ravasi <\/strong>afirm\u00f3 que el pont\u00edfice solo considerar\u00eda dar un paso al costado si enfrentara \u00ab<strong><em>dificultades graves para cumplir su servicio\u00bb.<\/em><\/strong> No obstante, su principal deseo es <strong>presidir el Jubileo, el A\u00f1o Santo de la Esperanza.<\/strong><\/p>\n\n\n\n<p>En una entrevista con <em>Corriere della Sera<\/em>, Ravasi destac\u00f3 que, de presentarse problemas serios de salud, <strong>el Papa tomar\u00eda la decisi\u00f3n de manera consciente y, posiblemente, consultando con su entorno.<\/strong><\/p>\n\n\n\n<p class=\"has-text-align-center\"><em><strong><em><strong><em><strong><em><strong><a href=\"https:\/\/t.me\/esreviral\">\u00daNETE A NUESTRO CANAL DE TELEGRAM PARA ESTAR INFORMADO<\/a><\/strong><\/em><\/strong><\/em><\/strong><\/em><\/strong><\/em><\/p>\n\n\n\n<h3 class=\"wp-block-heading\"><strong><mark style=\"background-color:rgba(0, 0, 0, 0)\" class=\"has-inline-color has-vivid-red-color\">\u00abLeve mejor\u00eda\u00bb en su estado de salud<\/mark><\/strong><\/h3>\n\n\n\n<p>Francisco, quien ingres\u00f3 al hospital el viernes pasado por una bronquitis con infecci\u00f3n polimicrobiol\u00f3gica, ha mostrado una \u00ableve mejor\u00eda\u00bb, sin fiebre y con par\u00e1metros hemodin\u00e1micos estables, seg\u00fan el \u00faltimo parte m\u00e9dico.<\/p>\n\n\n\n<p>Ravasi resalt\u00f3 la fortaleza del pont\u00edfice, compar\u00e1ndolo con Juan Pablo II en cuanto a su impacto global. \u201cA pesar de su edad y estado f\u00edsico, su presencia sigue siendo \u00fanica en el mundo. Su viaje a Asia y Ocean\u00eda en septiembre, pese a sus limitaciones, fue una gran lecci\u00f3n de determinaci\u00f3n, similar a la de los atletas paral\u00edmpicos\u00bb, expres\u00f3.<\/p>\n\n\n\n<h3 class=\"wp-block-heading\"><strong><mark style=\"background-color:rgba(0, 0, 0, 0)\" class=\"has-inline-color has-vivid-red-color\">Una carta de renuncia ya firmada<\/mark><\/strong><\/h3>\n\n\n\n<p>El Papa Francisco ha declarado en varias ocasiones que firm\u00f3 una carta de renuncia al inicio de su pontificado, siguiendo el ejemplo de Pablo VI. Sin embargo, Ravasi destac\u00f3 que, por ahora, el Vaticano ha sido claro en comunicar la evoluci\u00f3n de su salud con <strong><em>\u00abinformaci\u00f3n precisa y transparente\u00bb<\/em><\/strong>.<\/p>\n\n\n\n<h3 class=\"wp-block-heading\"><strong><mark style=\"background-color:rgba(0, 0, 0, 0)\" class=\"has-inline-color has-vivid-red-color\">Rumores y polarizaci\u00f3n en la red<\/mark><\/strong><\/h3>\n\n\n\n<p>Sobre los falsos rumores que han circulado en torno al estado del Papa, Ravasi se\u00f1al\u00f3 que existe una fuerte corriente en internet, especialmente en sitios estadounidenses, con una postura anti-Bergoglio. <strong><em>\u00abAunque no siempre se exprese de manera expl\u00edcita, hay una expectativa de cambio que se refleja en la difusi\u00f3n de fake news<\/em><\/strong>\u00ab, concluy\u00f3.<\/p>\n\n\n\n<p class=\"has-text-align-center\"><strong><a href=\"https:\/\/chat.whatsapp.com\/KWkTmakY3I05kNdd2oZl6d\"><em>\u00daNETE A NUESTRO GRUPO DE WHATSAPP PARA ESTAR INFORMADO<\/em><\/a><\/strong><\/p>\n","protected":false},"excerpt":{"rendered":"<p>El papa Francisco contin\u00faa hospitalizado, diagnosticado y tratado con una neumon\u00eda bilateral, podr\u00eda renunciar \u00absi tuviera dificultades graves para cumplir su servicio\u00bb.<\/p>\n","protected":false},"author":3,"featured_media":69084,"comment_status":"closed","ping_status":"closed","sticky":false,"template":"","format":"standard","meta":{"jnews-multi-image_gallery":[],"jnews_single_post":{"format":"standard"},"jnews_primary_category":[],"jnews_social_meta":[],"jnews_review":[],"enable_review":"","type":"","name":"","summary":"","brand":"","sku":"","good":[],"bad":[],"score_override":"","override_value":"","rating":[],"price":[],"jnews_override_counter":[],"jnews_post_split":[],"footnotes":""},"categories":[88],"tags":[25666,2427,45,128,4160],"class_list":["post-69083","post","type-post","status-publish","format-standard","has-post-thumbnail","hentry","category-internacionales","tag-gianfranco-ravasi","tag-jubileo","tag-noticias","tag-papa-francisco","tag-posible-renuncia"],"amp_enabled":true,"_links":{"self":[{"href":"https:\/\/esreviral.com\/index.php?rest_route=\/wp\/v2\/posts\/69083"}],"collection":[{"href":"https:\/\/esreviral.com\/index.php?rest_route=\/wp\/v2\/posts"}],"about":[{"href":"https:\/\/esreviral.com\/index.php?rest_route=\/wp\/v2\/types\/post"}],"author":[{"embeddable":true,"href":"https:\/\/esreviral.com\/index.php?rest_route=\/wp\/v2\/users\/3"}],"replies":[{"embeddable":true,"href":"https:\/\/esreviral.com\/index.php?rest_route=%2Fwp%2Fv2%2Fcomments&post=69083"}],"version-history":[{"count":0,"href":"https:\/\/esreviral.com\/index.php?rest_route=\/wp\/v2\/posts\/69083\/revisions"}],"wp:featuredmedia":[{"embeddable":true,"href":"https:\/\/esreviral.com\/index.php?rest_route=\/wp\/v2\/media\/69084"}],"wp:attachment":[{"href":"https:\/\/esreviral.com\/index.php?rest_route=%2Fwp%2Fv2%2Fmedia&parent=69083"}],"wp:term":[{"taxonomy":"category","embeddable":true,"href":"https:\/\/esreviral.com\/index.php?rest_route=%2Fwp%2Fv2%2Fcategories&post=69083"},{"taxonomy":"post_tag","embeddable":true,"href":"https:\/\/esreviral.com\/index.php?rest_route=%2Fwp%2Fv2%2Ftags&post=69083"}],"curies":[{"name":"wp","href":"https:\/\/api.w.org\/{rel}","templated":true}]}}