{"id":69068,"date":"2025-02-20T13:33:44","date_gmt":"2025-02-20T18:33:44","guid":{"rendered":"https:\/\/esreviral.com\/?p=69068"},"modified":"2025-02-20T13:33:45","modified_gmt":"2025-02-20T18:33:45","slug":"golpe-al-bolsillo-desde-este-viernes-el-transporte-publico-en-caba-se-va-por-las-nubes","status":"publish","type":"post","link":"https:\/\/esreviral.com\/?p=69068","title":{"rendered":"\u00a1Golpe al bolsillo! Desde este viernes, el \u00a0transporte p\u00fablico en CABA se va por las nubes"},"content":{"rendered":"\n<p>El Gobierno de la Ciudad de Buenos Aires anunci\u00f3 un<strong> aumento en las tarifas de los colectivos<\/strong> que operan exclusivamente dentro del territorio porte\u00f1o, a partir de la medianoche del viernes 21 de febrero. La medida, publicada el 19 de febrero de 2025 en el Bolet\u00edn Oficial, establece un boleto m\u00ednimo de <strong>$408,24 y afecta a las 31 l\u00edneas de colectivos transferidas de la Naci\u00f3n a la Ciudad en 2024.<\/strong><\/p>\n\n\n\n<h3 class=\"wp-block-heading\"><strong><mark style=\"background-color:rgba(0, 0, 0, 0)\" class=\"has-inline-color has-vivid-red-color\">\u00bfPor qu\u00e9 sube la tarifa?<\/mark><\/strong><\/h3>\n\n\n\n<p>Con el traspaso de las l\u00edneas, la Secretar\u00eda de Transporte de la Ciudad qued\u00f3 <strong>facultada para fijar aumentos de manera unilateral. <\/strong>Hasta ahora, las tarifas se manten\u00edan seg\u00fan los valores establecidos por el Gobierno nacional en 2024, pero las autoridades porte\u00f1as argumentaron que exist\u00eda un <strong><em>\u00abatraso tarifario<\/em><\/strong>\u00bb que deb\u00eda corregirse.<\/p>\n\n\n\n<p>Seg\u00fan la Ciudad, mensualmente se destinan m\u00e1s de 12 mil millones de pesos en subsidios para mantener tarifas accesibles, lo que llev\u00f3 a implementar un \u00absinceramiento\u00bb de los costos.<\/p>\n\n\n\n<p class=\"has-text-align-center\"><em><strong><em><strong><em><strong><em><strong><a href=\"https:\/\/t.me\/esreviral\">\u00daNETE A NUESTRO CANAL DE TELEGRAM PARA ESTAR INFORMADO<\/a><\/strong><\/em><\/strong><\/em><\/strong><\/em><\/strong><\/em><\/p>\n\n\n\n<blockquote class=\"twitter-tweet\"><p lang=\"es\" dir=\"ltr\">\ud83d\udcb3AUMENTA EL BONDI EN CABA<br><br>Ma\u00f1ana 21\/02 arranca LO PEOR: la diferenciaci\u00f3n de tarifas entre las l\u00edneas exclusivas de CABA y las nacionales.<br>Si, aumenta ma\u00f1ana. Ni siquiera esperaron al 1\u00b0 de Marzo. <a href=\"https:\/\/t.co\/NZLm1KpmBV\">pic.twitter.com\/NZLm1KpmBV<\/a><\/p>&mdash; Ciudad de Bondis (@CiudadDeBondis) <a href=\"https:\/\/twitter.com\/CiudadDeBondis\/status\/1892611092733370385?ref_src=twsrc%5Etfw\">February 20, 2025<\/a><\/blockquote> <script async src=\"https:\/\/platform.twitter.com\/widgets.js\" charset=\"utf-8\"><\/script>\n\n\n\n<h3 class=\"wp-block-heading\"><strong><mark style=\"background-color:rgba(0, 0, 0, 0)\" class=\"has-inline-color has-vivid-red-color\">Aumentos mensuales desde ahora<\/mark><\/strong><\/h3>\n\n\n\n<p>De aqu\u00ed en adelante, <strong>el boleto se actualizar\u00e1 mensualmente.<\/strong> El c\u00e1lculo para los aumentos se defini\u00f3 sumando un 2% m\u00e1s la variaci\u00f3n del \u00cdndice de Precios al Consumidor (IPC) de dos meses antes del mes de aplicaci\u00f3n. Con este esquema, aseguran que se busca garantizar la \u00absustentabilidad\u00bb del servicio sin incrementar los subsidios estatales.<\/p>\n\n\n\n<h3 class=\"wp-block-heading\"><strong><mark style=\"background-color:rgba(0, 0, 0, 0)\" class=\"has-inline-color has-vivid-red-color\">\u00bfCu\u00e1les son las l\u00edneas afectadas?<\/mark><\/strong><\/h3>\n\n\n\n<p>Las 31 l\u00edneas de colectivo que aumentan su tarifa desde el 21 de febrero son:<strong> 4, 6, 7, 12, 23, 25, 26, 34, 39, 42, 44, 47, 50, 61, 62, 64, 65, 68, 76, 84, 90, 99, 102, 106, 107, 108, 109, 115, 118, 132 y 151.<\/strong><\/p>\n\n\n\n<h3 class=\"wp-block-heading\"><strong><mark style=\"background-color:rgba(0, 0, 0, 0)\" class=\"has-inline-color has-vivid-red-color\">Nuevas tarifas de colectivos en CABA<\/mark><\/strong><\/h3>\n\n\n\n<h4 class=\"wp-block-heading\"><strong>Servicios comunes:<\/strong><\/h4>\n\n\n\n<ul class=\"wp-block-list\">\n<li>0-3 km: $408,24<\/li>\n\n\n\n<li>3-6 km: $454,78<\/li>\n\n\n\n<li>6-12 km: $489,82<\/li>\n\n\n\n<li>12-27 km: $524,89<\/li>\n<\/ul>\n\n\n\n<h4 class=\"wp-block-heading\"><strong>Servicios expresos:<\/strong><\/h4>\n\n\n\n<ul class=\"wp-block-list\">\n<li>0-3 km: $510,30<\/li>\n\n\n\n<li>3-6 km: $568,48<\/li>\n\n\n\n<li>6-12 km: $612,27<\/li>\n\n\n\n<li>12-27 km: $656,11<\/li>\n<\/ul>\n\n\n\n<p><\/p>\n\n\n\n<p>A pesar del aumento, seguir\u00e1n vigentes los descuentos por Tarifa Social (55% de rebaja) y el sistema Red SUBE, que aplica reducciones autom\u00e1ticas en viajes combinados.<\/p>\n\n\n\n<p class=\"has-text-align-center\"><strong><a href=\"https:\/\/chat.whatsapp.com\/KWkTmakY3I05kNdd2oZl6d\"><em>\u00daNETE A NUESTRO GRUPO DE WHATSAPP PARA ESTAR INFORMADO<\/em><\/a><\/strong><\/p>\n\n\n\n<p><\/p>\n","protected":false},"excerpt":{"rendered":"<p>La Secretar\u00eda de Transporte porte\u00f1a aprob\u00f3 el nuevo cuadro tarifario. \u00bfCu\u00e1les son las l\u00edneas afectadas por el aumento?<\/p>\n","protected":false},"author":3,"featured_media":69069,"comment_status":"closed","ping_status":"closed","sticky":false,"template":"","format":"standard","meta":{"jnews-multi-image_gallery":[],"jnews_single_post":{"format":"standard"},"jnews_primary_category":[],"jnews_social_meta":[],"jnews_review":[],"enable_review":"","type":"","name":"","summary":"","brand":"","sku":"","good":[],"bad":[],"score_override":"","override_value":"","rating":[],"price":[],"jnews_override_counter":[],"jnews_post_split":[],"footnotes":""},"categories":[58,61],"tags":[204,44,25646,5991,468,2143,45,2503],"class_list":["post-69068","post","type-post","status-publish","format-standard","has-post-thumbnail","hentry","category-argentina","category-economia","tag-amba","tag-argentina","tag-aumentos-en-el-transporte","tag-boleto","tag-caba","tag-colectivos","tag-noticias","tag-transporte"],"amp_enabled":true,"_links":{"self":[{"href":"https:\/\/esreviral.com\/index.php?rest_route=\/wp\/v2\/posts\/69068"}],"collection":[{"href":"https:\/\/esreviral.com\/index.php?rest_route=\/wp\/v2\/posts"}],"about":[{"href":"https:\/\/esreviral.com\/index.php?rest_route=\/wp\/v2\/types\/post"}],"author":[{"embeddable":true,"href":"https:\/\/esreviral.com\/index.php?rest_route=\/wp\/v2\/users\/3"}],"replies":[{"embeddable":true,"href":"https:\/\/esreviral.com\/index.php?rest_route=%2Fwp%2Fv2%2Fcomments&post=69068"}],"version-history":[{"count":0,"href":"https:\/\/esreviral.com\/index.php?rest_route=\/wp\/v2\/posts\/69068\/revisions"}],"wp:featuredmedia":[{"embeddable":true,"href":"https:\/\/esreviral.com\/index.php?rest_route=\/wp\/v2\/media\/69069"}],"wp:attachment":[{"href":"https:\/\/esreviral.com\/index.php?rest_route=%2Fwp%2Fv2%2Fmedia&parent=69068"}],"wp:term":[{"taxonomy":"category","embeddable":true,"href":"https:\/\/esreviral.com\/index.php?rest_route=%2Fwp%2Fv2%2Fcategories&post=69068"},{"taxonomy":"post_tag","embeddable":true,"href":"https:\/\/esreviral.com\/index.php?rest_route=%2Fwp%2Fv2%2Ftags&post=69068"}],"curies":[{"name":"wp","href":"https:\/\/api.w.org\/{rel}","templated":true}]}}