{"id":69008,"date":"2025-02-20T11:09:41","date_gmt":"2025-02-20T16:09:41","guid":{"rendered":"https:\/\/esreviral.com\/?p=69008"},"modified":"2025-02-20T11:09:42","modified_gmt":"2025-02-20T16:09:42","slug":"iglesias-de-argentina-se-unen-en-oracion-por-la-salud-del-papa-francisco","status":"publish","type":"post","link":"https:\/\/esreviral.com\/?p=69008","title":{"rendered":"Iglesias de Argentina se unen en oraci\u00f3n por la salud del Papa Francisco"},"content":{"rendered":"\n<p>La salud del Papa Francisco se ha agravado en los \u00faltimos d\u00edas. En Argentina, su pa\u00eds natal, hay gran incertidumbre por lo que pueda pasar, es por eso que en distintas parroquias y catedrales  se han puesto en marcha<strong> cadenas de oraci\u00f3n, vigilias y misas para pedir por su pronta recuperaci\u00f3n<\/strong> y que, fue internado el pasado viernes en el Policl\u00ednico Agostino Gemelli de Roma debido a una severa <strong>infecci\u00f3n respiratoria<\/strong>.<\/p>\n\n\n\n<p><strong>La Conferencia Episcopal Argentina, presidida por el arzobispo de Mendoza, monse\u00f1or Marcelo Daniel Colombo<\/strong>, invit\u00f3 a todas las comunidades a unirse en oraci\u00f3n por la salud del pont\u00edfice. \u00ab<strong><em>Con gratitud por su servicio incansable a la Iglesia y al mundo, lo acompa\u00f1amos espiritualmente en este momento de internaci\u00f3n y reposo<\/em><\/strong>\u00ab, expres\u00f3 el Episcopado en un comunicado firmado por Colombo y el obispo auxiliar de San Isidro, Ra\u00fal Pizarro. Asimismo, pidieron la intercesi\u00f3n de la Virgen de Luj\u00e1n, patrona de Argentina, para que asista a Francisco en su recuperaci\u00f3n.<\/p>\n\n\n\n<p class=\"has-text-align-center\"><em><strong><em><strong><em><strong><em><strong><a href=\"https:\/\/t.me\/esreviral\">\u00daNETE A NUESTRO CANAL DE TELEGRAM PARA ESTAR INFORMADO<\/a><\/strong><\/em><\/strong><\/em><\/strong><\/em><\/strong><\/em><\/p>\n\n\n\n<p>A este llamado se sumaron di\u00f3cesis de todo el pa\u00eds, incluyendo la<strong> Arquidi\u00f3cesis de Buenos Aires<\/strong>, donde el entonces <strong>cardenal Jorge Bergoglio fue arzobispo durante 15 a\u00f1os<\/strong>. En un mensaje enviado al Santo Padre, la arquidi\u00f3cesis manifest\u00f3 su cercan\u00eda y pidi\u00f3 por su pronta recuperaci\u00f3n: \u00ab<strong>Pedimos a Jes\u00fas nuestro Buen Pastor que te acompa\u00f1e en esta etapa de restablecimiento, para que fortalecido, puedas seguir sirviendo a la Iglesia del mundo entero<\/strong>\u00ab.<\/p>\n\n\n\n<figure class=\"wp-block-image size-large\"><img decoding=\"async\" src=\"https:\/\/cloudfront-us-east-1.images.arcpublishing.com\/infobae\/HMU4Y2RIIBGL5MOMMHUSL7467I.jpeg\" alt=\"\"\/><figcaption class=\"wp-element-caption\">Jorge Mario Bergoglio es el primer Papa Latinoam\u00e9ricano en la historia<\/figcaption><\/figure>\n\n\n\n<p><strong><mark style=\"background-color:rgba(0, 0, 0, 0)\" class=\"has-inline-color has-vivid-red-color\">En los barrios y villas tambi\u00e9n se suman<\/mark><\/strong><\/p>\n\n\n\n<p>Como es conocido. Jorge Bergoglio trabaj\u00f3 por muchos a\u00f1os en distintos barrios y villas de Buenos Aires, especialmente en la 21 donde estuvo al lado de los m\u00e1s necesitados y en este momento tan dif\u00edcil para su salud, lo acompa\u00f1an con las oraciones, es por eso que los curas villeros convocaron a un triduo, que no es m\u00e1s que un especio de tres d\u00edas de misas en parroquias y capillas de villas y barrios populares de todo el pa\u00eds. <\/p>\n\n\n\n<p>\u00ab<strong>Hoy rezamos en todas las villas y barrios populares por el papa Francisco, recordando al obispo que visitaba nuestros barrios, compartiendo con los sacerdotes y la gente<\/strong>\u00ab, expres\u00f3 <strong>padre Jos\u00e9 Mar\u00eda \u00abPepe\u00bb Di Paola<\/strong>, referente de los curas villeros.<\/p>\n\n\n\n<p>La iniciativa del triduo de misas comenz\u00f3 ayer y se extender\u00e1 hasta ma\u00f1ana, con oraciones diarias por la salud del pont\u00edfice. Una de las convocatorias m\u00e1s concurridas se espera en el <strong>santuario Virgen de Caacup\u00e9, en Ciudad Evita.<\/strong><\/p>\n\n\n\n<p>El Equipo de Sacerdotes de Villas, Barrios Populares y Familia Grande Hogar de Cristo tambi\u00e9n emiti\u00f3 un comunicado reafirmando su apoyo al Papa: \u00ab<strong><em>Los curas y las comunidades de todas las villas y barrios populares del pa\u00eds se unen a la oraci\u00f3n permanente pidiendo por la salud de nuestro querido papa Francisco, quien encarna y hace trascender magn\u00edficamente una iglesia pobre para los pobres, como a\u00f1or\u00f3 desde el primer d\u00eda<\/em><\/strong>\u00ab.<\/p>\n\n\n\n<p>El llamado a la oraci\u00f3n y el compromiso de la comunidad reflejan el cari\u00f1o y la gratitud que el pueblo argentino siente por Francisco, quien, desde su llegada al papado, ha mantenido una profunda conexi\u00f3n con los sectores m\u00e1s vulnerables de la sociedad.<\/p>\n\n\n\n<p class=\"has-text-align-right\"><strong><em>Con informaci\u00f3n de La Naci\u00f3n.-<\/em><\/strong><\/p>\n\n\n\n<p class=\"has-text-align-center\"><strong><a href=\"https:\/\/chat.whatsapp.com\/KWkTmakY3I05kNdd2oZl6d\"><em>\u00daNETE A NUESTRO GRUPO DE WHATSAPP PARA ESTAR INFORMADO<\/em><\/a><\/strong><\/p>\n","protected":false},"excerpt":{"rendered":"<p>Celebrar\u00e1n un triduo de misas todas las tardes en las parroquias de las villas y barrios populares del pa\u00eds; mensaje del sacerdote Pepe Di Paola<\/p>\n","protected":false},"author":3,"featured_media":69009,"comment_status":"closed","ping_status":"closed","sticky":false,"template":"","format":"standard","meta":{"jnews-multi-image_gallery":[],"jnews_single_post":{"format":"standard"},"jnews_primary_category":[],"jnews_social_meta":[],"jnews_review":[],"enable_review":"","type":"","name":"","summary":"","brand":"","sku":"","good":[],"bad":[],"score_override":"","override_value":"","rating":[],"price":[],"jnews_override_counter":[],"jnews_post_split":[],"footnotes":""},"categories":[58],"tags":[8376,45,25612,128,8378,8455],"class_list":["post-69008","post","type-post","status-publish","format-standard","has-post-thumbnail","hentry","category-argentina","tag-infeccion-respiratoria","tag-noticias","tag-obispos-argentinos","tag-papa-francisco","tag-roma","tag-salud-del-papa"],"amp_enabled":true,"_links":{"self":[{"href":"https:\/\/esreviral.com\/index.php?rest_route=\/wp\/v2\/posts\/69008"}],"collection":[{"href":"https:\/\/esreviral.com\/index.php?rest_route=\/wp\/v2\/posts"}],"about":[{"href":"https:\/\/esreviral.com\/index.php?rest_route=\/wp\/v2\/types\/post"}],"author":[{"embeddable":true,"href":"https:\/\/esreviral.com\/index.php?rest_route=\/wp\/v2\/users\/3"}],"replies":[{"embeddable":true,"href":"https:\/\/esreviral.com\/index.php?rest_route=%2Fwp%2Fv2%2Fcomments&post=69008"}],"version-history":[{"count":0,"href":"https:\/\/esreviral.com\/index.php?rest_route=\/wp\/v2\/posts\/69008\/revisions"}],"wp:featuredmedia":[{"embeddable":true,"href":"https:\/\/esreviral.com\/index.php?rest_route=\/wp\/v2\/media\/69009"}],"wp:attachment":[{"href":"https:\/\/esreviral.com\/index.php?rest_route=%2Fwp%2Fv2%2Fmedia&parent=69008"}],"wp:term":[{"taxonomy":"category","embeddable":true,"href":"https:\/\/esreviral.com\/index.php?rest_route=%2Fwp%2Fv2%2Fcategories&post=69008"},{"taxonomy":"post_tag","embeddable":true,"href":"https:\/\/esreviral.com\/index.php?rest_route=%2Fwp%2Fv2%2Ftags&post=69008"}],"curies":[{"name":"wp","href":"https:\/\/api.w.org\/{rel}","templated":true}]}}