{"id":68984,"date":"2025-02-19T13:30:16","date_gmt":"2025-02-19T18:30:16","guid":{"rendered":"https:\/\/esreviral.com\/?p=68984"},"modified":"2025-02-19T13:30:17","modified_gmt":"2025-02-19T18:30:17","slug":"sancionaron-a-18-policias-bonaerenses-por-participar-de-una-protesta","status":"publish","type":"post","link":"https:\/\/esreviral.com\/?p=68984","title":{"rendered":"Sancionaron a 18 polic\u00edas bonaerenses por participar de una protesta\u00a0"},"content":{"rendered":"\n<p>La Auditor\u00eda General de Asuntos Internos (AGAI) del Ministerio de Seguridad de la Provincia de Buenos Aires <strong>sancion\u00f3 a 18 polic\u00edas bonaerenses por abandonar sus puestos de patrullaje en Ituzaing\u00f3 para manifestarse en reclamo de mejoras salariales.<\/strong><\/p>\n\n\n\n<p>La protesta tuvo lugar frente a una estaci\u00f3n de servicio del distrito, donde los efectivos hicieron sonar las sirenas y bocinas de los patrulleros, una acci\u00f3n que qued\u00f3 registrada en video. Como consecuencia, la Unidad Funcional de Instrucci\u00f3n (UFI) N\u00b01 de Mor\u00f3n, a cargo del fiscal Marcelo Tavolaro, los imput\u00f3 por \u201c<strong><em>incumplimiento de los deberes de funcionario p\u00fablico<\/em><\/strong>\u201d e \u201c<strong><em>intimidaci\u00f3n p\u00fablica<\/em><\/strong>\u201d. Fuentes judiciales confirmaron que los agentes fueron apartados de sus funciones y est\u00e1n sujetos a sumarios administrativos.<\/p>\n\n\n\n<p>\u201c<strong><em>Los polic\u00edas dejaron sus tareas de patrullaje para apostarse en una estaci\u00f3n de servicio en la Avenida Presidente Per\u00f3n y Del Prado, utilizando uniformes y m\u00f3viles oficiales para la protesta<\/em><\/strong>\u201d, explic\u00f3 un vocero de seguridad.<\/p>\n\n\n\n<p class=\"has-text-align-center\"><em><strong><em><strong><em><strong><em><strong><a href=\"https:\/\/t.me\/esreviral\">\u00daNETE A NUESTRO CANAL DE TELEGRAM PARA ESTAR INFORMADO<\/a><\/strong><\/em><\/strong><\/em><\/strong><\/em><\/strong><\/em><\/p>\n\n\n\n<blockquote class=\"twitter-tweet\"><p lang=\"es\" dir=\"ltr\"><a href=\"https:\/\/twitter.com\/hashtag\/19Feb?src=hash&amp;ref_src=twsrc%5Etfw\">#19Feb<\/a> El gobierno de Axel Kicillof ech\u00f3 y denunci\u00f3 por sedici\u00f3n a 18 agentes de la Polic\u00eda Bonaerense que el pasado lunes intentaron llevar adelante una protesta salarial. <a href=\"https:\/\/t.co\/JAKKbNhG1c\">pic.twitter.com\/JAKKbNhG1c<\/a><\/p>&mdash; ES RE VIRAL (@esreviral) <a href=\"https:\/\/twitter.com\/esreviral\/status\/1892279239010832493?ref_src=twsrc%5Etfw\">February 19, 2025<\/a><\/blockquote> <script async src=\"https:\/\/platform.twitter.com\/widgets.js\" charset=\"utf-8\"><\/script>\n\n\n\n<p><\/p>\n\n\n\n<p>El conflicto no se limit\u00f3 a Ituzaing\u00f3. Anteayer, efectivos y familiares de la polic\u00eda bonaerense se congregaron en Puente 12, La Matanza, frente al Complejo Policial, para exigir mejoras salariales y laborales. En un comunicado, calificaron sus demandas como \u201c<strong><em>necesidades urgentes y leg\u00edtimas<\/em><\/strong>\u201d y advirtieron que, de no recibir respuestas concretas, podr\u00edan tomar medidas como el<strong> acuartelamiento.<\/strong><\/p>\n\n\n\n<p>Durante el inicio de la protesta, los manifestantes denunciaron haber sido hostigados en la sede de Puente 12. Seg\u00fan su relato, un helic\u00f3ptero de la fuerza retras\u00f3 su partida y provoc\u00f3 la voladura de carteles y de una carpa instalada para pernoctar.<\/p>\n\n\n\n<p>Entre sus reclamos se incluyen un aumento del 100% en los salarios y en las horas extras, as\u00ed como la libre elecci\u00f3n de la obra social. La protesta ocurre en un contexto de creciente inseguridad en el conurbano. Datos del Ministerio de Seguridad indican que en 2024 se registraron 128.477 robos, un 18% m\u00e1s que el a\u00f1o anterior. Adem\u00e1s, en los \u00faltimos dos meses hubo al menos nueve muertes violentas, mientras que los enfrentamientos armados entre polic\u00edas bonaerenses aumentaron de 98 en 2023 a 172 en 2024, evidenciando la falta de control y prevenci\u00f3n dentro de la fuerza.<\/p>\n\n\n\n<p>Ante la crisis, el gobierno anunci\u00f3 un aumento salarial escalonado del 9%: 7% en febrero y 2% en marzo, adem\u00e1s de mejoras en la compensaci\u00f3n por uniforme y en el servicio de Polic\u00eda Adicional (Polad). Sin embargo, familiares de los polic\u00edas sancionados se manifestaron en Puente 12, denunciando que el salario b\u00e1sico de un efectivo ronda los 600.000 pesos y exigiendo una recomposici\u00f3n mayor.<\/p>\n\n\n\n<p class=\"has-text-align-center\"><strong><a href=\"https:\/\/chat.whatsapp.com\/KWkTmakY3I05kNdd2oZl6d\"><em>\u00daNETE A NUESTRO GRUPO DE WHATSAPP PARA ESTAR INFORMADO<\/em><\/a><\/strong><\/p>\n\n\n<div class=\"wp-block-image\">\n<figure class=\"aligncenter size-large\"><img decoding=\"async\" src=\"https:\/\/resizer.glanacion.com\/resizer\/v2\/los-reclamos-de-los-manifestantes-de-la-6FTGYJDWFRH2VFNWLO5TAMHBTY.jpg?auth=c962d792304c605d5b8157dcd2466017db21ceae6bf056fd9a5beaa169ea1264&amp;width=780&amp;height=1040&amp;quality=70&amp;smart=true\" alt=\"\"\/><\/figure>\n<\/div>","protected":false},"excerpt":{"rendered":"<p>El Ministerio de Seguridad les abri\u00f3 un sumario por haber abandonado sus puestos al manifestarse utilizando los patrulleros en una estaci\u00f3n de servicio; oficiales y familiares de uniformados tambi\u00e9n se concentraron en Puente 12, La Matanza<\/p>\n","protected":false},"author":3,"featured_media":68985,"comment_status":"closed","ping_status":"closed","sticky":false,"template":"","format":"standard","meta":{"jnews-multi-image_gallery":[],"jnews_single_post":{"format":"standard"},"jnews_primary_category":[],"jnews_social_meta":[],"jnews_review":[],"enable_review":"","type":"","name":"","summary":"","brand":"","sku":"","good":[],"bad":[],"score_override":"","override_value":"","rating":[],"price":[],"jnews_override_counter":[],"jnews_post_split":[],"footnotes":""},"categories":[61,59],"tags":[888,12376,45,6234,25574,13477,126],"class_list":["post-68984","post","type-post","status-publish","format-standard","has-post-thumbnail","hentry","category-economia","category-politica","tag-axel-kicillof","tag-ituzaingo","tag-noticias","tag-policia-bonaerense-3","tag-policia-de-la-provincia-de-buenos-aires","tag-policias-2","tag-protesta"],"_links":{"self":[{"href":"https:\/\/esreviral.com\/index.php?rest_route=\/wp\/v2\/posts\/68984","targetHints":{"allow":["GET"]}}],"collection":[{"href":"https:\/\/esreviral.com\/index.php?rest_route=\/wp\/v2\/posts"}],"about":[{"href":"https:\/\/esreviral.com\/index.php?rest_route=\/wp\/v2\/types\/post"}],"author":[{"embeddable":true,"href":"https:\/\/esreviral.com\/index.php?rest_route=\/wp\/v2\/users\/3"}],"replies":[{"embeddable":true,"href":"https:\/\/esreviral.com\/index.php?rest_route=%2Fwp%2Fv2%2Fcomments&post=68984"}],"version-history":[{"count":0,"href":"https:\/\/esreviral.com\/index.php?rest_route=\/wp\/v2\/posts\/68984\/revisions"}],"wp:featuredmedia":[{"embeddable":true,"href":"https:\/\/esreviral.com\/index.php?rest_route=\/wp\/v2\/media\/68985"}],"wp:attachment":[{"href":"https:\/\/esreviral.com\/index.php?rest_route=%2Fwp%2Fv2%2Fmedia&parent=68984"}],"wp:term":[{"taxonomy":"category","embeddable":true,"href":"https:\/\/esreviral.com\/index.php?rest_route=%2Fwp%2Fv2%2Fcategories&post=68984"},{"taxonomy":"post_tag","embeddable":true,"href":"https:\/\/esreviral.com\/index.php?rest_route=%2Fwp%2Fv2%2Ftags&post=68984"}],"curies":[{"name":"wp","href":"https:\/\/api.w.org\/{rel}","templated":true}]}}