{"id":6892,"date":"2021-05-24T14:38:44","date_gmt":"2021-05-24T17:38:44","guid":{"rendered":"http:\/\/esreviral.com\/?p=6892"},"modified":"2021-05-24T14:38:44","modified_gmt":"2021-05-24T17:38:44","slug":"celebraba-su-cumpleanos-de-manera-clandestina-y-la-policia-de-buenos-aires-acabo-con-la-fiesta","status":"publish","type":"post","link":"https:\/\/esreviral.com\/?p=6892","title":{"rendered":"Celebraba su cumplea\u00f1os de manera clandestina y la polic\u00eda de Buenos Aires acab\u00f3 con la fiesta"},"content":{"rendered":"\n<p>La Fiscal\u00eda Penal y Contravencional Nro. 25 a cargo de Nestor Maragliano, Secretar\u00eda a cargo de la Dra. Luciana Astardjian, desbarat\u00f3 una fiesta clandestina en el barrio Padre Rodolfo Ricciardelli con efectivos del Escuadr\u00f3n 1-11-14 de gendarmer\u00eda.<\/p>\n\n\n\n<p>Los efectivos constataron el desarrollo de una reuni\u00f3n social de varias personas, sin respetar el distanciamiento social y sin el uso correspondiente de barbijos.<\/p>\n\n\n\n<p>Se identificaron al menos a 142 personas en el lugar por lo cual se procedi\u00f3 con la detenci\u00f3n del organizador, un hombre de 30 a\u00f1os.<\/p>\n\n\n\n<figure class=\"wp-block-image size-large\"><img decoding=\"async\" src=\"https:\/\/esreviral.com\/wp-content\/uploads\/2021\/05\/WhatsApp-Image-2021-05-23-at-17.18.27-1-1024x768.jpeg\" alt=\"\" class=\"wp-image-6895\"\/><\/figure>\n\n\n\n<p>Adem\u00e1s, los gendarmes incautaron 20 juegos de luces, tres m\u00e1quinas de humo, tres reproductores de im\u00e1genes, tres notebooks, un CPU, dos monitores de PC, una pantalla gigante rebatible, dos consolas de m\u00fasica, tres micr\u00f3fonos, cableados el\u00e9ctricos y bebidas alcoh\u00f3licas.<\/p>\n\n\n\n<p>El fiscal interviniente confirm\u00f3 la detenci\u00f3n del organizador por incumplimiento al DNU 334\/21 y a los Art. 205 y 239 del C\u00f3digo Penal como as\u00ed tambi\u00e9n que se labre el acta a las personas involucradas y se incauten los elementos de inter\u00e9s para la causa.<\/p>\n\n\n\n<p class=\"has-text-align-right\"><strong><em>Prensa Polic\u00eda CABA.-<\/em><\/strong><\/p>\n","protected":false},"excerpt":{"rendered":"<p>Se identificaron al menos a 142 personas en el lugar por lo cual se procedi\u00f3 con la detenci\u00f3n del organizador, un hombre de 30 a\u00f1os<\/p>\n","protected":false},"author":2,"featured_media":6894,"comment_status":"open","ping_status":"open","sticky":false,"template":"","format":"standard","meta":{"jnews-multi-image_gallery":[],"jnews_single_post":[],"jnews_primary_category":[],"jnews_social_meta":[],"jnews_review":[],"enable_review":"","type":"","name":"","summary":"","brand":"","sku":"","good":[],"bad":[],"score_override":"","override_value":"","rating":[],"price":[],"jnews_override_counter":[],"jnews_post_split":[],"footnotes":""},"categories":[64],"tags":[460,176,45],"class_list":["post-6892","post","type-post","status-publish","format-standard","has-post-thumbnail","hentry","category-sucesos","tag-coronaparty","tag-cumpleanos","tag-noticias"],"amp_enabled":true,"_links":{"self":[{"href":"https:\/\/esreviral.com\/index.php?rest_route=\/wp\/v2\/posts\/6892"}],"collection":[{"href":"https:\/\/esreviral.com\/index.php?rest_route=\/wp\/v2\/posts"}],"about":[{"href":"https:\/\/esreviral.com\/index.php?rest_route=\/wp\/v2\/types\/post"}],"author":[{"embeddable":true,"href":"https:\/\/esreviral.com\/index.php?rest_route=\/wp\/v2\/users\/2"}],"replies":[{"embeddable":true,"href":"https:\/\/esreviral.com\/index.php?rest_route=%2Fwp%2Fv2%2Fcomments&post=6892"}],"version-history":[{"count":0,"href":"https:\/\/esreviral.com\/index.php?rest_route=\/wp\/v2\/posts\/6892\/revisions"}],"wp:featuredmedia":[{"embeddable":true,"href":"https:\/\/esreviral.com\/index.php?rest_route=\/"}],"wp:attachment":[{"href":"https:\/\/esreviral.com\/index.php?rest_route=%2Fwp%2Fv2%2Fmedia&parent=6892"}],"wp:term":[{"taxonomy":"category","embeddable":true,"href":"https:\/\/esreviral.com\/index.php?rest_route=%2Fwp%2Fv2%2Fcategories&post=6892"},{"taxonomy":"post_tag","embeddable":true,"href":"https:\/\/esreviral.com\/index.php?rest_route=%2Fwp%2Fv2%2Ftags&post=6892"}],"curies":[{"name":"wp","href":"https:\/\/api.w.org\/{rel}","templated":true}]}}