{"id":68811,"date":"2025-02-17T11:09:13","date_gmt":"2025-02-17T16:09:13","guid":{"rendered":"https:\/\/esreviral.com\/?p=68811"},"modified":"2025-02-17T11:12:14","modified_gmt":"2025-02-17T16:12:14","slug":"venezuela-podria-quedarse-sin-nuevos-docentes-profesionales-en-siete-anos","status":"publish","type":"post","link":"https:\/\/esreviral.com\/?p=68811","title":{"rendered":"Venezuela podr\u00eda quedarse sin nuevos docentes profesionales en siete a\u00f1os"},"content":{"rendered":"\n<p><strong>El sistema educativo venezolano<\/strong> atraviesa una crisis sin precedentes que amenaza con la desaparici\u00f3n de nuevos <strong>docentes profesionales<\/strong> en los pr\u00f3ximos a\u00f1os. La dr\u00e1stica reducci\u00f3n en la matr\u00edcula de las carreras de educaci\u00f3n, el \u00e9xodo masivo y los bajos salarios han provocado un colapso progresivo en la formaci\u00f3n de relevo para el magisterio.<\/p>\n\n\n\n<p>As\u00ed lo advirti\u00f3 el profesor Tulio Ram\u00edrez, director del Doctorado en Educaci\u00f3n de la Universidad Cat\u00f3lica Andr\u00e9s Bello (UCAB), durante su conferencia <em>La falta de generaci\u00f3n de relevo docente: un da\u00f1o colateral de la crisis educativa<\/em>, presentada en las V Jornadas de Innovaci\u00f3n Docente de la UCAB.<\/p>\n\n\n\n<p class=\"has-text-align-center\"><em><strong><em><strong><em><strong><em><strong><a href=\"https:\/\/t.me\/esreviral\">\u00daNETE A NUESTRO CANAL DE TELEGRAM PARA ESTAR INFORMADO<\/a><\/strong><\/em><\/strong><\/em><\/strong><\/em><\/strong><\/em><\/p>\n\n\n\n<h3 class=\"wp-block-heading\"><strong><mark style=\"background-color:rgba(0, 0, 0, 0)\" class=\"has-inline-color has-vivid-red-color\">Una ca\u00edda alarmante en la formaci\u00f3n de docentes<\/mark><\/strong><\/h3>\n\n\n\n<p>Desde 2008, la cantidad de estudiantes en las Escuelas de Educaci\u00f3n de la Universidad Pedag\u00f3gica Experimental Libertador, la Universidad Central de Venezuela y la UCAB se ha desplomado un 76 %, pasando de 110.000 a solo 29.723 en 2022, seg\u00fan cifras presentadas por Ram\u00edrez.<\/p>\n\n\n\n<p>El descenso en los nuevos ingresos es a\u00fan m\u00e1s pronunciado: en 2008, m\u00e1s de 31.000 bachilleres eligieron la docencia como carrera, mientras que en 2022 apenas 4.000 lo hicieron, una reducci\u00f3n del 87 %.<\/p>\n\n\n\n<p>Este desplome se refleja en el n\u00famero de graduados. En 2008, Venezuela form\u00f3 m\u00e1s de 14.900 nuevos docentes; en 2022, la cifra cay\u00f3 a solo 1.749, una disminuci\u00f3n del 88 %.<\/p>\n\n\n\n<p>\u00abSi esta tendencia contin\u00faa, en siete a\u00f1os las universidades no estar\u00e1n graduando ni un solo docente\u00bb, alert\u00f3 Ram\u00edrez. \u00ab\u00bfQui\u00e9n cubrir\u00e1 la creciente demanda de maestros? La crisis se agudiza y la falta de profesionales calificados en las aulas tendr\u00e1 consecuencias devastadoras para las futuras generaciones\u00bb.<\/p>\n\n\n\n<figure class=\"wp-block-image size-large\"><img decoding=\"async\" src=\"https:\/\/cdn.bitlysdowssl-aws.com\/wp-content\/uploads\/2025\/02\/tulio-ramirez-UCAB--1536x1025.jpg\" alt=\"\"\/><\/figure>\n\n\n\n<h3 class=\"wp-block-heading\"><strong><mark style=\"background-color:rgba(0, 0, 0, 0)\" class=\"has-inline-color has-vivid-red-color\">Salarios insuficientes y \u00e9xodo docente<\/mark><\/strong><\/h3>\n\n\n\n<p>El abandono de la profesi\u00f3n est\u00e1 estrechamente vinculado con los bajos salarios, que no alcanzan para cubrir el costo de vida en Venezuela, seg\u00fan una nota de prensa de la UCAB.<\/p>\n\n\n\n<p>En noviembre de 2024, la canasta b\u00e1sica de alimentos superaba los 548 d\u00f3lares, mientras que el ingreso promedio de un docente, incluyendo bonos, apenas llegaba a 93,4 d\u00f3lares.<\/p>\n\n\n\n<p>\u201cEl problema salarial no es solo administrativo, sino acad\u00e9mico. La precariedad obliga a los docentes a dejar las aulas en busca de mejores oportunidades econ\u00f3micas\u201d, explic\u00f3 Ram\u00edrez.<\/p>\n\n\n\n<p>Mientras en Venezuela los sueldos son insuficientes, en pa\u00edses como Colombia, Panam\u00e1, Per\u00fa, Argentina, Chile, Uruguay y Ecuador, los docentes ganan entre 400 y 800 d\u00f3lares mensuales, y los m\u00e1s experimentados pueden superar los 2.000 d\u00f3lares.<\/p>\n\n\n\n<figure class=\"wp-block-image size-large\"><img decoding=\"async\" src=\"https:\/\/cdn.bitlysdowssl-aws.com\/wp-content\/uploads\/2025\/02\/tulio-ramirez-UCAB-1536x1024.jpg\" alt=\"\"\/><\/figure>\n\n\n\n<h3 class=\"wp-block-heading\"><strong><mark style=\"background-color:rgba(0, 0, 0, 0)\" class=\"has-inline-color has-vivid-red-color\">Impacto en el rendimiento estudiantil<\/mark><\/strong><\/h3>\n\n\n\n<p>La crisis docente ya afecta el desempe\u00f1o de los estudiantes. Seg\u00fan la Facultad de Ciencias de la UCV, seis de cada 10 alumnos de nuevo ingreso no aprobaron ninguna materia en su primer semestre universitario.<\/p>\n\n\n\n<p>\u00abDe los 573 inscritos, 361 no aprobaron ninguna asignatura. Esto refleja el colapso de la educaci\u00f3n b\u00e1sica y media, donde la falta de profesores en \u00e1reas clave como matem\u00e1ticas y castellano est\u00e1 perjudicando la preparaci\u00f3n de los j\u00f3venes\u00bb, se\u00f1al\u00f3 Ram\u00edrez.<\/p>\n\n\n\n<p>Para suplir la ausencia de docentes, muchas instituciones han recurrido a estrategias preocupantes.<\/p>\n\n\n\n<p>\u00abLos estudiantes aprueban no por m\u00e9rito, sino porque se les promedian notas de materias donde s\u00ed hubo profesores con aquellas donde no los hubo. Esto les permite llegar a la universidad, pero con una formaci\u00f3n deficiente que pone en riesgo su futuro acad\u00e9mico y profesional\u00bb, advirti\u00f3 el investigador.<\/p>\n\n\n\n<h3 class=\"wp-block-heading\"><strong><mark style=\"background-color:rgba(0, 0, 0, 0)\" class=\"has-inline-color has-vivid-red-color\">Urge dignificar la profesi\u00f3n docente<\/mark><\/strong><\/h3>\n\n\n\n<p>Ram\u00edrez insisti\u00f3 en que la \u00fanica forma de revertir la crisis es dignificar la docencia con mejores condiciones laborales y salariales.<\/p>\n\n\n\n<p>\u00abEl trabajo de los educadores es esencial para el desarrollo del pa\u00eds, pero actualmente est\u00e1 en completo abandono. Se necesita una pol\u00edtica de Estado que garantice sueldos justos, estabilidad laboral y recursos adecuados para la educaci\u00f3n\u00bb, afirm\u00f3.<\/p>\n\n\n\n<p>Asimismo, llam\u00f3 a dise\u00f1ar un plan a largo plazo que trascienda los cambios de gobierno e involucre a todos los sectores.<\/p>\n\n\n\n<p>\u00abNo podemos seguir improvisando con la educaci\u00f3n. Urge una estrategia nacional que incluya a universidades, gremios, empresarios y familias. Solo as\u00ed evitaremos que en siete a\u00f1os Venezuela se quede sin docentes\u00bb, concluy\u00f3.<\/p>\n\n\n\n<p class=\"has-text-align-center\"><strong><a href=\"https:\/\/chat.whatsapp.com\/KWkTmakY3I05kNdd2oZl6d\"><em>\u00daNETE A NUESTRO GRUPO DE WHATSAPP PARA ESTAR INFORMADO<\/em><\/a><\/strong><\/p>\n","protected":false},"excerpt":{"rendered":"<p>Tulio Ram\u00edrez, director del Doctorado en Educaci\u00f3n de la Universidad Cat\u00f3lica Andr\u00e9s Bello, se\u00f1al\u00f3 que la deserci\u00f3n de los educadores est\u00e1 directamente relacionada con los bajos salarios, que no permiten cubrir el costo de vida en el pa\u00eds<\/p>\n","protected":false},"author":3,"featured_media":68812,"comment_status":"closed","ping_status":"closed","sticky":false,"template":"","format":"standard","meta":{"jnews-multi-image_gallery":[],"jnews_single_post":{"format":"standard"},"jnews_primary_category":[],"jnews_social_meta":[],"jnews_review":[],"enable_review":"","type":"","name":"","summary":"","brand":"","sku":"","good":[],"bad":[],"score_override":"","override_value":"","rating":[],"price":[],"jnews_override_counter":[],"jnews_post_split":[],"footnotes":""},"categories":[66],"tags":[25360,25358,45,25359,3130,56],"class_list":["post-68811","post","type-post","status-publish","format-standard","has-post-thumbnail","hentry","category-venezuela","tag-docentes-profesionales","tag-educacion-en-venezuela","tag-noticias","tag-sistema-educativo-en-venezuela","tag-ucab","tag-venezuela"],"amp_enabled":true,"_links":{"self":[{"href":"https:\/\/esreviral.com\/index.php?rest_route=\/wp\/v2\/posts\/68811"}],"collection":[{"href":"https:\/\/esreviral.com\/index.php?rest_route=\/wp\/v2\/posts"}],"about":[{"href":"https:\/\/esreviral.com\/index.php?rest_route=\/wp\/v2\/types\/post"}],"author":[{"embeddable":true,"href":"https:\/\/esreviral.com\/index.php?rest_route=\/wp\/v2\/users\/3"}],"replies":[{"embeddable":true,"href":"https:\/\/esreviral.com\/index.php?rest_route=%2Fwp%2Fv2%2Fcomments&post=68811"}],"version-history":[{"count":0,"href":"https:\/\/esreviral.com\/index.php?rest_route=\/wp\/v2\/posts\/68811\/revisions"}],"wp:featuredmedia":[{"embeddable":true,"href":"https:\/\/esreviral.com\/index.php?rest_route=\/wp\/v2\/media\/68812"}],"wp:attachment":[{"href":"https:\/\/esreviral.com\/index.php?rest_route=%2Fwp%2Fv2%2Fmedia&parent=68811"}],"wp:term":[{"taxonomy":"category","embeddable":true,"href":"https:\/\/esreviral.com\/index.php?rest_route=%2Fwp%2Fv2%2Fcategories&post=68811"},{"taxonomy":"post_tag","embeddable":true,"href":"https:\/\/esreviral.com\/index.php?rest_route=%2Fwp%2Fv2%2Ftags&post=68811"}],"curies":[{"name":"wp","href":"https:\/\/api.w.org\/{rel}","templated":true}]}}