{"id":68808,"date":"2025-02-17T10:22:34","date_gmt":"2025-02-17T15:22:34","guid":{"rendered":"https:\/\/esreviral.com\/?p=68808"},"modified":"2025-02-17T10:22:35","modified_gmt":"2025-02-17T15:22:35","slug":"cortes-de-luz-arranco-las-licitaciones-para-reforzar-el-sistema-en-picos-de-demanda","status":"publish","type":"post","link":"https:\/\/esreviral.com\/?p=68808","title":{"rendered":"Cortes de luz: arranc\u00f3 las licitaciones para reforzar el sistema en picos de demanda"},"content":{"rendered":"\n<p>El Gobierno avanza en la preparaci\u00f3n del<strong> sistema el\u00e9ctrico para evitar cortes de luz en los pr\u00f3ximos veranos<\/strong>. Entre las medidas anunciadas, se encuentra la contrataci\u00f3n de almacenamiento de energ\u00eda, cuya licitaci\u00f3n se abri\u00f3 este lunes.<\/p>\n\n\n\n<p>A trav\u00e9s de la Resoluci\u00f3n 67\/2025, la Secretar\u00eda de Energ\u00eda lanz\u00f3 la convocatoria nacional e internacional \u201cAlmacenamiento GBA &#8211; AlmaGBA\u201d, destinada a la instalaci\u00f3n de centrales de almacenamiento en bater\u00edas de litio. Este sistema permitir\u00e1 a las distribuidoras Edenor y Edesur disponer de energ\u00eda en los momentos de mayor demanda.<\/p>\n\n\n\n<p>\u00abEsta iniciativa, in\u00e9dita en el pa\u00eds pero aplicada a nivel mundial, busca incorporar 500 MW de capacidad de almacenamiento en nodos cr\u00edticos del \u00c1rea Metropolitana de Buenos Aires (AMBA), con una inversi\u00f3n estimada de 500 millones de d\u00f3lares y un plazo de ejecuci\u00f3n de entre 12 y 18 meses\u00bb, inform\u00f3 la cartera encabezada por Mar\u00eda Carmen Tettamanti.<\/p>\n\n\n\n<p class=\"has-text-align-center\"><em><strong><em><strong><em><strong><em><strong><a href=\"https:\/\/t.me\/esreviral\">\u00daNETE A NUESTRO CANAL DE TELEGRAM PARA ESTAR INFORMADO<\/a><\/strong><\/em><\/strong><\/em><\/strong><\/em><\/strong><\/em><\/p>\n\n\n\n<p>El comunicado oficial destaca que el objetivo es garantizar un suministro el\u00e9ctrico m\u00e1s confiable y eficiente, especialmente durante los picos de consumo. Adem\u00e1s, se invita a las provincias a evaluar esta modalidad y replicar acciones similares en sus territorios, atendiendo los nodos cr\u00edticos identificados por la Compa\u00f1\u00eda Administradora del Mercado El\u00e9ctrico Mayorista (Cammesa).<\/p>\n\n\n\n<p>\u00abTras d\u00e9cadas de desinversi\u00f3n y descapitalizaci\u00f3n, el sistema el\u00e9ctrico argentino enfrenta serios desaf\u00edos en infraestructura y capacidad de respuesta. La licitaci\u00f3n de bater\u00edas de \u00faltima generaci\u00f3n (BESS, por sus siglas en ingl\u00e9s) representa un cambio de paradigma, priorizando la inversi\u00f3n privada y la innovaci\u00f3n tecnol\u00f3gica para resolver problemas estructurales\u00bb, se\u00f1ala el informe.<\/p>\n\n\n\n<p>Los contratos de almacenamiento se realizar\u00e1n con Edenor y Edesur, con Cammesa como garante.<\/p>\n\n\n\n<p>Esta iniciativa forma parte del Plan de Contingencia que el Gobierno implementa desde octubre de 2024 para recuperar un sistema el\u00e9ctrico que, en diciembre de ese a\u00f1o, se encontraba en estado cr\u00edtico.<\/p>\n\n\n\n<p>Entre las medidas adoptadas tambi\u00e9n se incluyen licitaciones para aumentar la capacidad de generaci\u00f3n, ampliar la red de transmisi\u00f3n y fortalecer el almacenamiento energ\u00e9tico en bater\u00edas de litio, garantizando as\u00ed un suministro m\u00e1s estable en el AMBA.<\/p>\n\n\n\n<p class=\"has-text-align-center\"><strong><a href=\"https:\/\/chat.whatsapp.com\/KWkTmakY3I05kNdd2oZl6d\"><em>\u00daNETE A NUESTRO GRUPO DE WHATSAPP PARA ESTAR INFORMADO<\/em><\/a><\/strong><\/p>\n","protected":false},"excerpt":{"rendered":"<p>Energ\u00eda convoc\u00f3 a empresas a ofrecer sistemas de almacenamiento de energ\u00eda para el \u00e1rea metropolitana.<br \/>\nInst\u00f3 a las provincias a hacer lo mismo.<\/p>\n","protected":false},"author":3,"featured_media":68809,"comment_status":"closed","ping_status":"closed","sticky":false,"template":"","format":"standard","meta":{"jnews-multi-image_gallery":[],"jnews_single_post":{"format":"standard"},"jnews_primary_category":[],"jnews_social_meta":[],"jnews_review":[],"enable_review":"","type":"","name":"","summary":"","brand":"","sku":"","good":[],"bad":[],"score_override":"","override_value":"","rating":[],"price":[],"jnews_override_counter":[],"jnews_post_split":[],"footnotes":""},"categories":[58,61],"tags":[44,3754,45,17757],"class_list":["post-68808","post","type-post","status-publish","format-standard","has-post-thumbnail","hentry","category-argentina","category-economia","tag-argentina","tag-cortes-de-luz","tag-noticias","tag-sistema-electrico"],"amp_enabled":true,"_links":{"self":[{"href":"https:\/\/esreviral.com\/index.php?rest_route=\/wp\/v2\/posts\/68808"}],"collection":[{"href":"https:\/\/esreviral.com\/index.php?rest_route=\/wp\/v2\/posts"}],"about":[{"href":"https:\/\/esreviral.com\/index.php?rest_route=\/wp\/v2\/types\/post"}],"author":[{"embeddable":true,"href":"https:\/\/esreviral.com\/index.php?rest_route=\/wp\/v2\/users\/3"}],"replies":[{"embeddable":true,"href":"https:\/\/esreviral.com\/index.php?rest_route=%2Fwp%2Fv2%2Fcomments&post=68808"}],"version-history":[{"count":0,"href":"https:\/\/esreviral.com\/index.php?rest_route=\/wp\/v2\/posts\/68808\/revisions"}],"wp:featuredmedia":[{"embeddable":true,"href":"https:\/\/esreviral.com\/index.php?rest_route=\/wp\/v2\/media\/68809"}],"wp:attachment":[{"href":"https:\/\/esreviral.com\/index.php?rest_route=%2Fwp%2Fv2%2Fmedia&parent=68808"}],"wp:term":[{"taxonomy":"category","embeddable":true,"href":"https:\/\/esreviral.com\/index.php?rest_route=%2Fwp%2Fv2%2Fcategories&post=68808"},{"taxonomy":"post_tag","embeddable":true,"href":"https:\/\/esreviral.com\/index.php?rest_route=%2Fwp%2Fv2%2Ftags&post=68808"}],"curies":[{"name":"wp","href":"https:\/\/api.w.org\/{rel}","templated":true}]}}