{"id":6878,"date":"2021-05-24T14:23:34","date_gmt":"2021-05-24T17:23:34","guid":{"rendered":"http:\/\/esreviral.com\/?p=6878"},"modified":"2021-05-24T14:23:34","modified_gmt":"2021-05-24T17:23:34","slug":"imagenes-sensibles-asi-fue-el-hallazgo-de-los-cadaveres-y-resto-del-siniestro-aereo-en-tachira","status":"publish","type":"post","link":"https:\/\/esreviral.com\/?p=6878","title":{"rendered":"Im\u00e1genes sensibles: As\u00ed fue el hallazgo de los cad\u00e1veres y resto del siniestro a\u00e9reo en T\u00e1chira"},"content":{"rendered":"\n<p>Dos personas fueron reportadas como fallecidas tras la ca\u00edda de una aeronave peque\u00f1a\u00a0 en el Parque Nacional \u00abGral. Juan Pablo Pe\u00f1aloza\u00bb, en jurisdicci\u00f3n del estado T\u00e1chira, municipio J\u00e1uregui. Comisiones de diversos organismos de rescate lograron encontrar los restos del transporte a\u00e9reo y los cad\u00e1veres. <\/p>\n\n\n\n<p>Se conoci\u00f3 que pasadas de las 4 pm, la tarde de este s\u00e1bado, personas que residen entre los p\u00e1ramos del Batall\u00f3n y La Negra, dieron aviso a las autoridades acerca del accidente a\u00e9reo.<\/p>\n\n\n\n<figure class=\"wp-block-image size-large\"><img decoding=\"async\" src=\"https:\/\/esreviral.com\/wp-content\/uploads\/2021\/05\/WhatsApp-Image-2021-05-24-at-11.02.56-1024x768.jpeg\" alt=\"\" class=\"wp-image-6879\"\/><\/figure>\n\n\n\n<p>La aeronave es de ala fija peque\u00f1a y por las siglas se presume que es de origen brasile\u00f1o.<\/p>\n\n\n\n<figure class=\"wp-block-image size-large\"><img decoding=\"async\" src=\"https:\/\/esreviral.com\/wp-content\/uploads\/2021\/05\/WhatsApp-Image-2021-05-24-at-11.02.57-1024x768.jpeg\" alt=\"\" class=\"wp-image-6880\"\/><\/figure>\n\n\n\n<p>De acuerdo con informantes de la zona, al lugar del suceso sector La Cuchilla \u2013 El Cienag\u00f3n, cerca de Laguna Grande, lograron llegar campesinos tras haber visto la aeronave descender en espiral y escuchar la explosi\u00f3n.<\/p>\n\n\n\n<p>Los lugare\u00f1os alertaron acerca del fallecimiento de dos personas y ofrecieron detalles preliminares a las autoridades.<\/p>\n\n\n\n<figure class=\"wp-block-image size-large\"><img decoding=\"async\" src=\"https:\/\/esreviral.com\/wp-content\/uploads\/2021\/05\/WhatsApp-Image-2021-05-24-at-11.02.48-768x1024.jpeg\" alt=\"\" class=\"wp-image-6881\"\/><\/figure>\n\n\n\n<p>Protecci\u00f3n Civil T\u00e1chira tambi\u00e9n ofreci\u00f3 un comunicado a trav\u00e9s de sus redes, uno de los detalles que indica es que las v\u00edctimas del siniestro son de contextura gruesa, uno se encuentra dentro de la cabina y otro cuerpo en la parte externa.<\/p>\n\n\n\n<p>Pasadas las 8 de las noche, una comisi\u00f3n del Cuerpo de Bomberos de Bailadores trat\u00f3 de llegar al sitio, pero fue infructuoso, por lo que tuvieron que retornar.<\/p>\n\n\n\n<figure class=\"wp-block-image size-large\"><img decoding=\"async\" src=\"https:\/\/esreviral.com\/wp-content\/uploads\/2021\/05\/WhatsApp-Image-2021-05-24-at-11.02.49-768x1024.jpeg\" alt=\"\" class=\"wp-image-6882\"\/><\/figure>\n\n\n\n<p>Se supo que SAR-INAC no maneja ninguna destrefa en la zona. Lo que hace presumir que se tratar\u00eda de un vuelo ilegal, el sector tampoco es una \u00e1rea para sobrevuelo o corredor de aeronaves.<\/p>\n\n\n\n<figure class=\"wp-block-image size-large\"><img decoding=\"async\" src=\"https:\/\/esreviral.com\/wp-content\/uploads\/2021\/05\/WhatsApp-Image-2021-05-24-at-11.02.51-1-768x1024.jpeg\" alt=\"\" class=\"wp-image-6883\"\/><\/figure>\n\n\n\n<figure class=\"wp-block-image size-large\"><img decoding=\"async\" src=\"https:\/\/esreviral.com\/wp-content\/uploads\/2021\/05\/WhatsApp-Image-2021-05-24-at-11.02.58-1024x768.jpeg\" alt=\"\" class=\"wp-image-6884\"\/><\/figure>\n\n\n\n<figure class=\"wp-block-image size-large\"><img decoding=\"async\" src=\"https:\/\/esreviral.com\/wp-content\/uploads\/2021\/05\/WhatsApp-Image-2021-05-24-at-11.02.53-1024x768.jpeg\" alt=\"\" class=\"wp-image-6885\"\/><\/figure>\n\n\n\n<p class=\"has-text-align-right\"><strong><em>Diario Los Andes.-<\/em><\/strong><\/p>\n","protected":false},"excerpt":{"rendered":"<p>Se supo que SAR-INAC no maneja ninguna destrefa en la zona. Lo que hace presumir que se tratar\u00eda de un vuelo ilegal, el sector tampoco es una \u00e1rea para sobrevuelo o corredor de aeronaves<\/p>\n","protected":false},"author":2,"featured_media":6886,"comment_status":"open","ping_status":"open","sticky":false,"template":"","format":"standard","meta":{"jnews-multi-image_gallery":[],"jnews_single_post":[],"jnews_primary_category":[],"jnews_social_meta":[],"jnews_review":[],"enable_review":"","type":"","name":"","summary":"","brand":"","sku":"","good":[],"bad":[],"score_override":"","override_value":"","rating":[],"price":[],"jnews_override_counter":[],"jnews_post_split":[],"footnotes":""},"categories":[66],"tags":[433,45,848],"class_list":["post-6878","post","type-post","status-publish","format-standard","has-post-thumbnail","hentry","category-venezuela","tag-accidente","tag-noticias","tag-tachira-2"],"amp_enabled":true,"_links":{"self":[{"href":"https:\/\/esreviral.com\/index.php?rest_route=\/wp\/v2\/posts\/6878"}],"collection":[{"href":"https:\/\/esreviral.com\/index.php?rest_route=\/wp\/v2\/posts"}],"about":[{"href":"https:\/\/esreviral.com\/index.php?rest_route=\/wp\/v2\/types\/post"}],"author":[{"embeddable":true,"href":"https:\/\/esreviral.com\/index.php?rest_route=\/wp\/v2\/users\/2"}],"replies":[{"embeddable":true,"href":"https:\/\/esreviral.com\/index.php?rest_route=%2Fwp%2Fv2%2Fcomments&post=6878"}],"version-history":[{"count":0,"href":"https:\/\/esreviral.com\/index.php?rest_route=\/wp\/v2\/posts\/6878\/revisions"}],"wp:featuredmedia":[{"embeddable":true,"href":"https:\/\/esreviral.com\/index.php?rest_route=\/"}],"wp:attachment":[{"href":"https:\/\/esreviral.com\/index.php?rest_route=%2Fwp%2Fv2%2Fmedia&parent=6878"}],"wp:term":[{"taxonomy":"category","embeddable":true,"href":"https:\/\/esreviral.com\/index.php?rest_route=%2Fwp%2Fv2%2Fcategories&post=6878"},{"taxonomy":"post_tag","embeddable":true,"href":"https:\/\/esreviral.com\/index.php?rest_route=%2Fwp%2Fv2%2Ftags&post=6878"}],"curies":[{"name":"wp","href":"https:\/\/api.w.org\/{rel}","templated":true}]}}