{"id":68754,"date":"2025-02-15T08:29:08","date_gmt":"2025-02-15T13:29:08","guid":{"rendered":"https:\/\/esreviral.com\/?p=68754"},"modified":"2025-02-15T08:29:09","modified_gmt":"2025-02-15T13:29:09","slug":"el-pro-perderia-las-elecciones-en-la-ciudad-de-buenos-aires-segun-encuestas-te-sorprendera-quien-triunfaria","status":"publish","type":"post","link":"https:\/\/esreviral.com\/?p=68754","title":{"rendered":"El PRO perder\u00eda las elecciones en la ciudad de Buenos Aires, seg\u00fan encuestas. Te sorprender\u00e1 qui\u00e9n triunfar\u00eda"},"content":{"rendered":"\n<p>Se acercan las elecciones legislativas en la ciudad de Buenos Aires y ante la posible eliminaci\u00f3n de las elecciones PASO en CABA, comienzan a darse los resultados de las primeras encuestas que sorprenden mucho porque el PRO ha sido el l\u00edder por muchos a\u00f1os pero en esta oportunidad pasar\u00eda al tercer puesto, por lo que el partido del Gobierno local perder\u00eda fuerza. <\/p>\n\n\n\n<p>En el segundo puesto estar\u00eda Uni\u00f3n por la Patria, la coalici\u00f3n del kirchnerismo, eterno rival del PRO pero quien encabeza las encuestas, sorpresivamente es el peque\u00f1o partido La Libertad Avanza del presidente Javier Milei. <\/p>\n\n\n\n<p>Hasta ahora, este partido tiene poca representaci\u00f3n en los poderes p\u00fablicos pero cda vez va tomando m\u00e1s auge, aunque a\u00fan no se descarta una posible alianza con el PRO. <\/p>\n\n\n\n<p>La Libertad Avanza logra la adhesi\u00f3n del <strong>27%, frente al 23,6% de Uni\u00f3n por la Patria y 22,2% de Pro. Por Manuel Adorni votar\u00eda el 44,3%, seguido por Santoro (43,5%) y Rodr\u00edguez Larreta (40,3%).<\/strong><\/p>\n\n\n\n<p>La consultora CB fue la encargada de emitir estos resultados que desde ya pondr\u00eda de cabeza a los jerarcas del partido de Gobierno local, quienes buscar\u00e1n las estrategias necesarias para mantener el poder. <\/p>\n\n\n\n<p><\/p>\n","protected":false},"excerpt":{"rendered":"<p>Se acercan las elecciones legislativas en la ciudad de Buenos Aires y ante la posible eliminaci\u00f3n de las elecciones PASO en CABA, comienzan a darse los resultados de las primeras encuestas que sorprenden mucho porque el PRO ha sido el l\u00edder por muchos a\u00f1os pero en esta oportunidad pasar\u00eda al tercer puesto, por lo que [&hellip;]<\/p>\n","protected":false},"author":2,"featured_media":68757,"comment_status":"closed","ping_status":"closed","sticky":false,"template":"","format":"standard","meta":{"jnews-multi-image_gallery":[],"jnews_single_post":{"format":"standard"},"jnews_primary_category":[],"jnews_social_meta":[],"jnews_review":[],"enable_review":"","type":"","name":"","summary":"","brand":"","sku":"","good":[],"bad":[],"score_override":"","override_value":"","rating":[],"price":[],"jnews_override_counter":[],"jnews_post_split":[],"footnotes":""},"categories":[43,59],"tags":[894,1327,11982,45,7230],"class_list":["post-68754","post","type-post","status-publish","format-standard","has-post-thumbnail","hentry","category-actualidad","category-politica","tag-ciudad-de-buenos-aires","tag-jorge-macri","tag-la-libertad-avanza","tag-noticias","tag-pro"],"_links":{"self":[{"href":"https:\/\/esreviral.com\/index.php?rest_route=\/wp\/v2\/posts\/68754","targetHints":{"allow":["GET"]}}],"collection":[{"href":"https:\/\/esreviral.com\/index.php?rest_route=\/wp\/v2\/posts"}],"about":[{"href":"https:\/\/esreviral.com\/index.php?rest_route=\/wp\/v2\/types\/post"}],"author":[{"embeddable":true,"href":"https:\/\/esreviral.com\/index.php?rest_route=\/wp\/v2\/users\/2"}],"replies":[{"embeddable":true,"href":"https:\/\/esreviral.com\/index.php?rest_route=%2Fwp%2Fv2%2Fcomments&post=68754"}],"version-history":[{"count":0,"href":"https:\/\/esreviral.com\/index.php?rest_route=\/wp\/v2\/posts\/68754\/revisions"}],"wp:featuredmedia":[{"embeddable":true,"href":"https:\/\/esreviral.com\/index.php?rest_route=\/wp\/v2\/media\/68757"}],"wp:attachment":[{"href":"https:\/\/esreviral.com\/index.php?rest_route=%2Fwp%2Fv2%2Fmedia&parent=68754"}],"wp:term":[{"taxonomy":"category","embeddable":true,"href":"https:\/\/esreviral.com\/index.php?rest_route=%2Fwp%2Fv2%2Fcategories&post=68754"},{"taxonomy":"post_tag","embeddable":true,"href":"https:\/\/esreviral.com\/index.php?rest_route=%2Fwp%2Fv2%2Ftags&post=68754"}],"curies":[{"name":"wp","href":"https:\/\/api.w.org\/{rel}","templated":true}]}}