{"id":6873,"date":"2021-05-24T14:01:11","date_gmt":"2021-05-24T17:01:11","guid":{"rendered":"http:\/\/esreviral.com\/?p=6873"},"modified":"2021-05-24T14:01:11","modified_gmt":"2021-05-24T17:01:11","slug":"lasso-defiende-la-igualdad-social-en-su-asuncion-como-nuevo-presidente-de-ecuador","status":"publish","type":"post","link":"https:\/\/esreviral.com\/?p=6873","title":{"rendered":"Lasso defiende la igualdad social en su asunci\u00f3n como nuevo presidente de Ecuador"},"content":{"rendered":"\n<p>Guillermo Lasso, que este lunes jur\u00f3 su cargo como nuevo presidente de Ecuador, exhort\u00f3 a una plena y verdadera igualdad en el pa\u00eds, incluida la de g\u00e9nero, entre los \u00abpuntos de encuentro\u00bb que alentar\u00e1 su Gobierno.<\/p>\n\n\n\n<p>Hay que \u00abreconocer que la lucha por la igualdad de g\u00e9nero no es solo de las mujeres, sino de la sociedad y que debe ser abordado por el Gobierno ecuatoriano\u00bb, dijo el nuevo presidente en su discurso de investidura, en el que record\u00f3 que en desempleo e ingresos ellas se ven m\u00e1s discriminadas que ellos.<\/p>\n\n\n\n<p>\u00abCuando ella es agredida, nos convierte en un pais menos justo y moralmente manchado\u00bb, manifest\u00f3 en un discurso en el que abog\u00f3 por \u00abno dejar a nadie atr\u00e1s\u00bb, por la defensa de ni\u00f1os y ancianos.<\/p>\n\n\n\n<p>Argentina estuvo representada en el acto por el canciller Felip\u00e9 Sol\u00e1.<\/p>\n\n\n\n<figure class=\"wp-block-image size-large\"><img decoding=\"async\" src=\"https:\/\/pbs.twimg.com\/media\/E2KmST7WUAEvLNQ?format=jpg&amp;name=large\" alt=\"\"\/><\/figure>\n","protected":false},"excerpt":{"rendered":"<p>Guillermo Lasso, que este lunes jur\u00f3 su cargo como nuevo presidente de Ecuador, exhort\u00f3 a una plena y verdadera igualdad en el pa\u00eds, incluida la de g\u00e9nero, entre los \u00abpuntos de encuentro\u00bb que alentar\u00e1 su Gobierno. Hay que \u00abreconocer que la lucha por la igualdad de g\u00e9nero no es solo de las mujeres, sino de [&hellip;]<\/p>\n","protected":false},"author":2,"featured_media":6874,"comment_status":"open","ping_status":"open","sticky":false,"template":"","format":"standard","meta":{"jnews-multi-image_gallery":[],"jnews_single_post":[],"jnews_primary_category":[],"jnews_social_meta":[],"jnews_review":[],"enable_review":"","type":"","name":"","summary":"","brand":"","sku":"","good":[],"bad":[],"score_override":"","override_value":"","rating":[],"price":[],"jnews_override_counter":[],"jnews_post_split":[],"footnotes":""},"categories":[88],"tags":[547,708,45],"class_list":["post-6873","post","type-post","status-publish","format-standard","has-post-thumbnail","hentry","category-internacionales","tag-ecuador","tag-lasso","tag-noticias"],"amp_enabled":true,"_links":{"self":[{"href":"https:\/\/esreviral.com\/index.php?rest_route=\/wp\/v2\/posts\/6873"}],"collection":[{"href":"https:\/\/esreviral.com\/index.php?rest_route=\/wp\/v2\/posts"}],"about":[{"href":"https:\/\/esreviral.com\/index.php?rest_route=\/wp\/v2\/types\/post"}],"author":[{"embeddable":true,"href":"https:\/\/esreviral.com\/index.php?rest_route=\/wp\/v2\/users\/2"}],"replies":[{"embeddable":true,"href":"https:\/\/esreviral.com\/index.php?rest_route=%2Fwp%2Fv2%2Fcomments&post=6873"}],"version-history":[{"count":0,"href":"https:\/\/esreviral.com\/index.php?rest_route=\/wp\/v2\/posts\/6873\/revisions"}],"wp:featuredmedia":[{"embeddable":true,"href":"https:\/\/esreviral.com\/index.php?rest_route=\/"}],"wp:attachment":[{"href":"https:\/\/esreviral.com\/index.php?rest_route=%2Fwp%2Fv2%2Fmedia&parent=6873"}],"wp:term":[{"taxonomy":"category","embeddable":true,"href":"https:\/\/esreviral.com\/index.php?rest_route=%2Fwp%2Fv2%2Fcategories&post=6873"},{"taxonomy":"post_tag","embeddable":true,"href":"https:\/\/esreviral.com\/index.php?rest_route=%2Fwp%2Fv2%2Ftags&post=6873"}],"curies":[{"name":"wp","href":"https:\/\/api.w.org\/{rel}","templated":true}]}}