{"id":6869,"date":"2021-05-23T17:25:32","date_gmt":"2021-05-23T20:25:32","guid":{"rendered":"http:\/\/esreviral.com\/?p=6869"},"modified":"2021-05-23T17:25:32","modified_gmt":"2021-05-23T20:25:32","slug":"autoridades-buscan-a-venezolano-desaparecido-desde-hace-tres-dias-en-buenos-aires","status":"publish","type":"post","link":"https:\/\/esreviral.com\/?p=6869","title":{"rendered":"Autoridades buscan a venezolano desaparecido desde hace tres d\u00edas en Buenos Aires"},"content":{"rendered":"\n<p>Mois\u00e9s Santiago S\u00e1nchez Ramos, de 30 a\u00f1os de edad, se encuentra desaparecido desde el pasado viernes en la ma\u00f1ana cuando fue visto al salir con sus maletas de su residencia ubicada en Esmeralda 474, Hostal Maip\u00fa.<\/p>\n\n\n\n<p>\u00abDesde entonces no hemos sabido nada m\u00e1s. Nos preocupa su estado de salud porque no se comunica\u00bb, explic\u00f3 Rosa Rojas, prima del joven. <\/p>\n\n\n\n<p>S\u00e1nchez Ramos hab\u00eda sido hospitalizado por una crisis de ansiedad que sufri\u00f3, por lo cual no pudo trabajar m\u00e1s como chofer de Uber. \u00abEl jueves un amigo lo vio y not\u00f3 que estaba hablando incoherencias, por lo cual presumimos que hab\u00eda reca\u00eddo\u00bb.<\/p>\n\n\n\n<p>El joven tiene unos tres a\u00f1os en Argentina y se encuentra solo en el pa\u00eds. Estando en el pa\u00eds sure\u00f1o ha luchado por sue\u00f1o de ser cantante rapero. <\/p>\n\n\n\n<p>Se conoci\u00f3 adem\u00e1s que el viernes habr\u00eda sido visto en Santa Fe y Ag\u00fcero y al parecer, estaba con otro sujeto. Desde la embajada venezolana en Argentina, le han brindado el apoyo a la madre del desaparecido para que le den los permisos y pueda ingresar al pa\u00eds, incluso, una fuente extraoficial, inform\u00f3 que la embajadora Stella Lugo dio \u00f3rdenes para que su equipo se aboque a la b\u00fasqueda y colocara la denuncia ante las autoridades pertinentes. <\/p>\n\n\n\n<figure class=\"wp-block-image size-large\"><img decoding=\"async\" src=\"https:\/\/esreviral.com\/wp-content\/uploads\/2021\/05\/Captura-de-Pantalla-2021-05-23-a-las-17.20.34-1024x513.png\" alt=\"\" class=\"wp-image-6870\"\/><\/figure>\n\n\n\n<p>Coordenadas: Si alguien lo ha visto puede comunicarse a los tel\u00e9fonos: <\/p>\n\n\n\n<p>1164966713 \/ 1144921389 \/ +584247833794<\/p>\n","protected":false},"excerpt":{"rendered":"<p>Fue visto por \u00faltima vez el viernes al salir con sus maletas de la residencia<\/p>\n","protected":false},"author":2,"featured_media":6871,"comment_status":"open","ping_status":"open","sticky":false,"template":"","format":"standard","meta":{"jnews-multi-image_gallery":[],"jnews_single_post":[],"jnews_primary_category":[],"jnews_social_meta":[],"jnews_review":[],"enable_review":"","type":"","name":"","summary":"","brand":"","sku":"","good":[],"bad":[],"score_override":"","override_value":"","rating":[],"price":[],"jnews_override_counter":[],"jnews_post_split":[],"footnotes":""},"categories":[43,58],"tags":[660,45,67],"class_list":["post-6869","post","type-post","status-publish","format-standard","has-post-thumbnail","hentry","category-actualidad","category-argentina","tag-desaparecido","tag-noticias","tag-venezolanos-en-argentina"],"amp_enabled":true,"_links":{"self":[{"href":"https:\/\/esreviral.com\/index.php?rest_route=\/wp\/v2\/posts\/6869"}],"collection":[{"href":"https:\/\/esreviral.com\/index.php?rest_route=\/wp\/v2\/posts"}],"about":[{"href":"https:\/\/esreviral.com\/index.php?rest_route=\/wp\/v2\/types\/post"}],"author":[{"embeddable":true,"href":"https:\/\/esreviral.com\/index.php?rest_route=\/wp\/v2\/users\/2"}],"replies":[{"embeddable":true,"href":"https:\/\/esreviral.com\/index.php?rest_route=%2Fwp%2Fv2%2Fcomments&post=6869"}],"version-history":[{"count":0,"href":"https:\/\/esreviral.com\/index.php?rest_route=\/wp\/v2\/posts\/6869\/revisions"}],"wp:featuredmedia":[{"embeddable":true,"href":"https:\/\/esreviral.com\/index.php?rest_route=\/"}],"wp:attachment":[{"href":"https:\/\/esreviral.com\/index.php?rest_route=%2Fwp%2Fv2%2Fmedia&parent=6869"}],"wp:term":[{"taxonomy":"category","embeddable":true,"href":"https:\/\/esreviral.com\/index.php?rest_route=%2Fwp%2Fv2%2Fcategories&post=6869"},{"taxonomy":"post_tag","embeddable":true,"href":"https:\/\/esreviral.com\/index.php?rest_route=%2Fwp%2Fv2%2Ftags&post=6869"}],"curies":[{"name":"wp","href":"https:\/\/api.w.org\/{rel}","templated":true}]}}