{"id":6866,"date":"2021-05-23T13:02:55","date_gmt":"2021-05-23T16:02:55","guid":{"rendered":"http:\/\/esreviral.com\/?p=6866"},"modified":"2021-05-23T13:02:55","modified_gmt":"2021-05-23T16:02:55","slug":"enfotos-conoce-el-primer-centro-lgbqti-de-venezuela","status":"publish","type":"post","link":"https:\/\/esreviral.com\/?p=6866","title":{"rendered":"#ENFOTOS Conoce el primer  centro LGBQTI+ de Venezuela"},"content":{"rendered":"\n<p class=\"has-drop-cap\">El pasado 14 de mayo inauguraron el Centro LGBTIQ+, en un d\u00eda hist\u00f3rico para el movimiento por derechos civiles en Venezuela. Este es el primer centro comunitario dirigido a ofrecer servicios y espacios seguros para personas lesbianas, gais, bisexuales, intersex, trang\u00e9nero y queers y familias en nuestro pa\u00eds. <\/p>\n\n\n\n<figure class=\"wp-block-image size-large\"><img decoding=\"async\" src=\"https:\/\/scontent.faep8-2.fna.fbcdn.net\/v\/t1.6435-9\/187515722_145729667536079_4351125703959997403_n.jpg?_nc_cat=100&amp;ccb=1-3&amp;_nc_sid=730e14&amp;_nc_ohc=Fd7IgOUGHE4AX9A2gFm&amp;_nc_ht=scontent.faep8-2.fna&amp;oh=90730cf07dc23fddf5ba9870daae49a8&amp;oe=60CE5A5E\" alt=\"\"\/><\/figure>\n\n\n\n<p>Este espacio pionero es liderado por <a href=\"https:\/\/www.facebook.com\/SOMOSMov\/?__cft__[0]=AZUqK93b7-PDs9gP8_Az9hMBVNUa6NvBQwS-TRgJGj1W-O1VXWayZTVuuoMdYcRQqtmXgT99MC9KsURtLxy2KPuYpHKcRV05LDXiau0xxe5Splxykraz5xdXG_1LBNE9s-XVh8X3uNbOk00_q2xrRM4O&amp;__tn__=kK-R\">Movimiento SOMOS<\/a> con apoyo de la comunidad de <a href=\"https:\/\/www.facebook.com\/AllOutOrg\/?__cft__[0]=AZUqK93b7-PDs9gP8_Az9hMBVNUa6NvBQwS-TRgJGj1W-O1VXWayZTVuuoMdYcRQqtmXgT99MC9KsURtLxy2KPuYpHKcRV05LDXiau0xxe5Splxykraz5xdXG_1LBNE9s-XVh8X3uNbOk00_q2xrRM4O&amp;__tn__=kK-R\">All Out<\/a> quienes hicieron posible este hito para la causa igualitaria venezolana.<\/p>\n\n\n\n<figure class=\"wp-block-image size-large\"><img decoding=\"async\" src=\"https:\/\/scontent.faep8-2.fna.fbcdn.net\/v\/t1.6435-9\/189954235_145729137536132_7217568969916727892_n.jpg?_nc_cat=109&amp;ccb=1-3&amp;_nc_sid=730e14&amp;_nc_ohc=gHD9aT6jb4IAX_uaEv6&amp;_nc_ht=scontent.faep8-2.fna&amp;oh=4f27a7cc13e169e10bacde16f5937e77&amp;oe=60D18D66\" alt=\"\"\/><\/figure>\n\n\n\n<p>El evento de inauguraci\u00f3n fue a puerta cerrada debido a las restricciones por la pandemia mundial.<\/p>\n\n\n\n<figure class=\"wp-block-image size-large\"><img decoding=\"async\" src=\"https:\/\/scontent.faep8-1.fna.fbcdn.net\/v\/t1.6435-9\/190908858_145729724202740_3917427246385282080_n.jpg?_nc_cat=103&amp;ccb=1-3&amp;_nc_sid=730e14&amp;_nc_ohc=R1tsd3yuZXsAX9c3cxG&amp;_nc_oc=AQl86o6F5dlInzsaOcu81AXmiUm-PpB5CqdzisKubas43obntovtutlfZr_lAkptEa4&amp;_nc_ht=scontent.faep8-1.fna&amp;oh=2ef20dc97c9e06e545b9b5f8297836dc&amp;oe=60D04890\" alt=\"\"\/><\/figure>\n\n\n\n<p> \u00abPrometemos, cuando estemos todxs vacunadxs, hacer evento en grande y a puertas abiertas. Gracias a todxs lxs activistas, aliadxs, empresarios, organizaciones e instituciones p\u00fablicas que nos acompa\u00f1aron en este d\u00eda imborrable. El Centro LGBTIQ+ ha abierto oficialmente sus puertas a la equidad y a la historia de nuestro pa\u00eds\u00bb, informaron en sus redes sociales. <\/p>\n\n\n\n<figure class=\"wp-block-image size-large\"><img decoding=\"async\" src=\"https:\/\/scontent.faep8-2.fna.fbcdn.net\/v\/t1.6435-9\/189889992_145729704202742_8986959497121245084_n.jpg?_nc_cat=104&amp;ccb=1-3&amp;_nc_sid=730e14&amp;_nc_ohc=K7VHSXR5emwAX_9T8Jw&amp;_nc_ht=scontent.faep8-2.fna&amp;oh=bc8b555ffdf97d669ee1bfacfa90df76&amp;oe=60D1CB38\" alt=\"\"\/><\/figure>\n\n\n\n<figure class=\"wp-block-image size-large\"><img decoding=\"async\" src=\"https:\/\/scontent.faep8-2.fna.fbcdn.net\/v\/t1.6435-9\/190069883_145729567536089_4072909209165257165_n.jpg?_nc_cat=100&amp;ccb=1-3&amp;_nc_sid=730e14&amp;_nc_ohc=LbTm7qW2lXgAX9vQMsO&amp;_nc_oc=AQk5iJiS8XwpbV32vsgYkmRiLhHI6X29UjdPwp_6cDu0tJs6UhxvPRmKCSrGMrMJoA8&amp;_nc_ht=scontent.faep8-2.fna&amp;oh=7234de13d251d49f4a239f0992e418aa&amp;oe=60D19E51\" alt=\"\"\/><\/figure>\n\n\n\n<figure class=\"wp-block-image size-large\"><img decoding=\"async\" src=\"https:\/\/scontent.faep8-2.fna.fbcdn.net\/v\/t1.6435-9\/186160614_141298924645820_4039829885689338961_n.jpg?_nc_cat=107&amp;ccb=1-3&amp;_nc_sid=8bfeb9&amp;_nc_ohc=BL3drRXcn6sAX-KOf-f&amp;_nc_ht=scontent.faep8-2.fna&amp;oh=b9bd5d0541172efff513f41ae76bd05c&amp;oe=60D03DD8\" alt=\"\"\/><\/figure>\n\n\n\n<figure class=\"wp-block-image size-large\"><img decoding=\"async\" src=\"https:\/\/scontent.faep8-2.fna.fbcdn.net\/v\/t1.6435-9\/189074338_145729420869437_8768498972800656249_n.jpg?_nc_cat=104&amp;ccb=1-3&amp;_nc_sid=730e14&amp;_nc_ohc=3ZBvueOxDUsAX-bu4Fg&amp;_nc_ht=scontent.faep8-2.fna&amp;oh=52922133c942f88b48188f91463c7d5b&amp;oe=60D0F0B4\" alt=\"\"\/><\/figure>\n\n\n\n<figure class=\"wp-block-image size-large\"><img decoding=\"async\" src=\"https:\/\/scontent.faep8-2.fna.fbcdn.net\/v\/t1.6435-9\/189105577_145729320869447_1650636543792765799_n.jpg?_nc_cat=104&amp;ccb=1-3&amp;_nc_sid=730e14&amp;_nc_ohc=4wsJmyGl8t0AX8hh9_t&amp;_nc_ht=scontent.faep8-2.fna&amp;oh=7921d6d7ea7c88128cfd4aaa9e46b7ee&amp;oe=60CEE7FC\" alt=\"\"\/><\/figure>\n","protected":false},"excerpt":{"rendered":"<p>Ofrece servicios y espacios seguros a la poblaci\u00f3n LGBQTI+ en el pa\u00eds<\/p>\n","protected":false},"author":2,"featured_media":6867,"comment_status":"open","ping_status":"open","sticky":false,"template":"","format":"standard","meta":{"jnews-multi-image_gallery":[],"jnews_single_post":[],"jnews_primary_category":[],"jnews_social_meta":[],"jnews_review":[],"enable_review":"","type":"","name":"","summary":"","brand":"","sku":"","good":[],"bad":[],"score_override":"","override_value":"","rating":[],"price":[],"jnews_override_counter":[],"jnews_post_split":[],"footnotes":""},"categories":[66],"tags":[847,45,56],"class_list":["post-6866","post","type-post","status-publish","format-standard","has-post-thumbnail","hentry","category-venezuela","tag-lgqtbi","tag-noticias","tag-venezuela"],"amp_enabled":true,"_links":{"self":[{"href":"https:\/\/esreviral.com\/index.php?rest_route=\/wp\/v2\/posts\/6866"}],"collection":[{"href":"https:\/\/esreviral.com\/index.php?rest_route=\/wp\/v2\/posts"}],"about":[{"href":"https:\/\/esreviral.com\/index.php?rest_route=\/wp\/v2\/types\/post"}],"author":[{"embeddable":true,"href":"https:\/\/esreviral.com\/index.php?rest_route=\/wp\/v2\/users\/2"}],"replies":[{"embeddable":true,"href":"https:\/\/esreviral.com\/index.php?rest_route=%2Fwp%2Fv2%2Fcomments&post=6866"}],"version-history":[{"count":0,"href":"https:\/\/esreviral.com\/index.php?rest_route=\/wp\/v2\/posts\/6866\/revisions"}],"wp:featuredmedia":[{"embeddable":true,"href":"https:\/\/esreviral.com\/index.php?rest_route=\/"}],"wp:attachment":[{"href":"https:\/\/esreviral.com\/index.php?rest_route=%2Fwp%2Fv2%2Fmedia&parent=6866"}],"wp:term":[{"taxonomy":"category","embeddable":true,"href":"https:\/\/esreviral.com\/index.php?rest_route=%2Fwp%2Fv2%2Fcategories&post=6866"},{"taxonomy":"post_tag","embeddable":true,"href":"https:\/\/esreviral.com\/index.php?rest_route=%2Fwp%2Fv2%2Ftags&post=6866"}],"curies":[{"name":"wp","href":"https:\/\/api.w.org\/{rel}","templated":true}]}}