{"id":68493,"date":"2025-02-11T08:40:32","date_gmt":"2025-02-11T13:40:32","guid":{"rendered":"https:\/\/esreviral.com\/?p=68493"},"modified":"2025-02-11T08:40:33","modified_gmt":"2025-02-11T13:40:33","slug":"desde-la-sala-situacional-jorge-macri-superviso-el-operativo-por-las-fuertes-rafagas-y-tormentas","status":"publish","type":"post","link":"https:\/\/esreviral.com\/?p=68493","title":{"rendered":"Desde la sala situacional, Jorge Macri supervis\u00f3 el operativo por las fuertes r\u00e1fagas y tormentas"},"content":{"rendered":"\n<p>El Jefe de Gobierno, Jorge Macri, <strong>supervis\u00f3 en el Centro de Monitoreo Urbano <\/strong>el operativo que lleva adelante la Ciudad tras los fuertes vientos y la alerta amarilla por tormentas <strong>pero no sali\u00f3 a las calles.<\/strong><\/p>\n\n\n\n<p>El Centro \u00danico de Coordinaci\u00f3n y Control atendi\u00f3 durante esta ma\u00f1ana <strong>219 situaciones causadas por las intensas r\u00e1fagas de hasta 80 km., la mayor\u00eda por ramas o \u00e1rboles ca\u00eddos, cables cortados o colgando.<\/strong> No se produjeron anegamientos en las calles.<\/p>\n\n\n\n<p><strong>En la l\u00ednea 147 se recibieron m\u00e1s de 5.300 llamadas que se fueron derivando y solucionando. <\/strong>Trabajan equipos de Emergencias, Bomberos, Defensa Civil, SAME, Polic\u00eda de la Ciudad y Agentes de Tr\u00e1nsito.<\/p>\n\n\n\n<p>Desde el Centro de Monitoreo Urbano (CMU), en Chacarita, el Jefe de Gobierno se\u00f1al\u00f3:&nbsp;<strong>\u201cLas cuadrillas est\u00e1n trabajando y ya se han liberado calles. Vamos a seguir durante todo el d\u00eda mientras dure la alerta\u201d<\/strong>. Lo acompa\u00f1\u00f3 el ministro de Espacio P\u00fablico e Higiene Urbana, Ignacio Baistrocchi.<\/p>\n\n\n\n<p>El Servicio Meteorol\u00f3gico Nacional emiti\u00f3 a las 5.13 un <strong>\u201cAviso a muy corto plazo\u201d por tormentas fuertes con lluvias intensas, r\u00e1fagas y ocasional ca\u00edda de granizo.<\/strong> A partir de las 5.57 se actualiz\u00f3 la alerta, solamente por tormentas que seguir\u00e1n el resto del d\u00eda.<\/p>\n","protected":false},"excerpt":{"rendered":"<p>El Jefe de Gobierno, Jorge Macri, supervis\u00f3 en el Centro de Monitoreo Urbano el operativo que lleva adelante la Ciudad tras los fuertes vientos y la alerta amarilla por tormentas pero no sali\u00f3 a las calles. El Centro \u00danico de Coordinaci\u00f3n y Control atendi\u00f3 durante esta ma\u00f1ana 219 situaciones causadas por las intensas r\u00e1fagas de [&hellip;]<\/p>\n","protected":false},"author":2,"featured_media":68495,"comment_status":"closed","ping_status":"closed","sticky":false,"template":"","format":"standard","meta":{"jnews-multi-image_gallery":[],"jnews_single_post":{"format":"standard"},"jnews_primary_category":[],"jnews_social_meta":[],"jnews_review":[],"enable_review":"","type":"","name":"","summary":"","brand":"","sku":"","good":[],"bad":[],"score_override":"","override_value":"","rating":[],"price":[],"jnews_override_counter":[],"jnews_post_split":[],"footnotes":""},"categories":[43,58],"tags":[44,894,1327,5463,45,1884],"class_list":["post-68493","post","type-post","status-publish","format-standard","has-post-thumbnail","hentry","category-actualidad","category-argentina","tag-argentina","tag-ciudad-de-buenos-aires","tag-jorge-macri","tag-lluvia","tag-noticias","tag-tormentas"],"_links":{"self":[{"href":"https:\/\/esreviral.com\/index.php?rest_route=\/wp\/v2\/posts\/68493","targetHints":{"allow":["GET"]}}],"collection":[{"href":"https:\/\/esreviral.com\/index.php?rest_route=\/wp\/v2\/posts"}],"about":[{"href":"https:\/\/esreviral.com\/index.php?rest_route=\/wp\/v2\/types\/post"}],"author":[{"embeddable":true,"href":"https:\/\/esreviral.com\/index.php?rest_route=\/wp\/v2\/users\/2"}],"replies":[{"embeddable":true,"href":"https:\/\/esreviral.com\/index.php?rest_route=%2Fwp%2Fv2%2Fcomments&post=68493"}],"version-history":[{"count":0,"href":"https:\/\/esreviral.com\/index.php?rest_route=\/wp\/v2\/posts\/68493\/revisions"}],"wp:featuredmedia":[{"embeddable":true,"href":"https:\/\/esreviral.com\/index.php?rest_route=\/wp\/v2\/media\/68495"}],"wp:attachment":[{"href":"https:\/\/esreviral.com\/index.php?rest_route=%2Fwp%2Fv2%2Fmedia&parent=68493"}],"wp:term":[{"taxonomy":"category","embeddable":true,"href":"https:\/\/esreviral.com\/index.php?rest_route=%2Fwp%2Fv2%2Fcategories&post=68493"},{"taxonomy":"post_tag","embeddable":true,"href":"https:\/\/esreviral.com\/index.php?rest_route=%2Fwp%2Fv2%2Ftags&post=68493"}],"curies":[{"name":"wp","href":"https:\/\/api.w.org\/{rel}","templated":true}]}}