{"id":68434,"date":"2025-02-10T10:51:12","date_gmt":"2025-02-10T15:51:12","guid":{"rendered":"https:\/\/esreviral.com\/?p=68434"},"modified":"2025-02-10T10:51:13","modified_gmt":"2025-02-10T15:51:13","slug":"aumenta-la-crisis-del-gobierno-colombiano-petro-pidio-la-renuncia-a-ministros-y-jefes-de-departamentos-administrativos","status":"publish","type":"post","link":"https:\/\/esreviral.com\/?p=68434","title":{"rendered":"Aumenta la crisis del Gobierno colombiano: Petro pidi\u00f3 la renuncia a ministros y jefes de departamentos administrativos"},"content":{"rendered":"\n<p><a href=\"https:\/\/unionradio.net\/category\/mundo\/\"><\/a><\/p>\n\n\n\n<p>BOGOT\u00c1.-El presidente colombiano, Gustavo Petro, pidi\u00f3 este domingo la renuncia a todos sus ministros y otros altos funcionarios del Gobierno, en medio de la crisis que vive su gabinete tras la pol\u00e9mica reuni\u00f3n del martes pasado que fue transmitida por televisi\u00f3n y redes sociales.<\/p>\n\n\n\n<p>\u00abHe solicitado renuncia protocolaria a ministras, ministros y directores de departamentos administrativos. Habr\u00e1 algunos cambios en el gabinete para lograr mayor cumplimiento en el programa ordenado por el pueblo\u00bb, escribi\u00f3 Petro en la red social X.<\/p>\n\n\n\n<p>EFE<\/p>\n","protected":false},"excerpt":{"rendered":"<p>BOGOT\u00c1.-El presidente colombiano, Gustavo Petro, pidi\u00f3 este domingo la renuncia a todos sus ministros y otros altos funcionarios del Gobierno, en medio de la crisis que vive su gabinete tras la pol\u00e9mica reuni\u00f3n del martes pasado que fue transmitida por televisi\u00f3n y redes sociales. \u00abHe solicitado renuncia protocolaria a ministras, ministros y directores de departamentos [&hellip;]<\/p>\n","protected":false},"author":2,"featured_media":68436,"comment_status":"closed","ping_status":"closed","sticky":false,"template":"","format":"standard","meta":{"jnews-multi-image_gallery":[],"jnews_single_post":{"format":"standard"},"jnews_primary_category":[],"jnews_social_meta":[],"jnews_review":[],"enable_review":"","type":"","name":"","summary":"","brand":"","sku":"","good":[],"bad":[],"score_override":"","override_value":"","rating":[],"price":[],"jnews_override_counter":[],"jnews_post_split":[],"footnotes":""},"categories":[88,59],"tags":[283,1102,1549,45],"class_list":["post-68434","post","type-post","status-publish","format-standard","has-post-thumbnail","hentry","category-internacionales","category-politica","tag-colombia","tag-colombianos-en-argentina","tag-gustavo-petro","tag-noticias"],"amp_enabled":true,"_links":{"self":[{"href":"https:\/\/esreviral.com\/index.php?rest_route=\/wp\/v2\/posts\/68434"}],"collection":[{"href":"https:\/\/esreviral.com\/index.php?rest_route=\/wp\/v2\/posts"}],"about":[{"href":"https:\/\/esreviral.com\/index.php?rest_route=\/wp\/v2\/types\/post"}],"author":[{"embeddable":true,"href":"https:\/\/esreviral.com\/index.php?rest_route=\/wp\/v2\/users\/2"}],"replies":[{"embeddable":true,"href":"https:\/\/esreviral.com\/index.php?rest_route=%2Fwp%2Fv2%2Fcomments&post=68434"}],"version-history":[{"count":0,"href":"https:\/\/esreviral.com\/index.php?rest_route=\/wp\/v2\/posts\/68434\/revisions"}],"wp:featuredmedia":[{"embeddable":true,"href":"https:\/\/esreviral.com\/index.php?rest_route=\/wp\/v2\/media\/68436"}],"wp:attachment":[{"href":"https:\/\/esreviral.com\/index.php?rest_route=%2Fwp%2Fv2%2Fmedia&parent=68434"}],"wp:term":[{"taxonomy":"category","embeddable":true,"href":"https:\/\/esreviral.com\/index.php?rest_route=%2Fwp%2Fv2%2Fcategories&post=68434"},{"taxonomy":"post_tag","embeddable":true,"href":"https:\/\/esreviral.com\/index.php?rest_route=%2Fwp%2Fv2%2Ftags&post=68434"}],"curies":[{"name":"wp","href":"https:\/\/api.w.org\/{rel}","templated":true}]}}