{"id":68403,"date":"2025-02-09T12:25:55","date_gmt":"2025-02-09T17:25:55","guid":{"rendered":"https:\/\/esreviral.com\/?p=68403"},"modified":"2025-02-09T12:38:03","modified_gmt":"2025-02-09T17:38:03","slug":"familia-lo-perdio-todo-tras-incendio-de-su-vivienda-en-provincia-de-buenos-aires","status":"publish","type":"post","link":"https:\/\/esreviral.com\/?p=68403","title":{"rendered":"Familia lo perdi\u00f3 todo tras incendio de su vivienda en provincia de Buenos Aires"},"content":{"rendered":"\n<p>Una familia con cinco hijos perdi\u00f3 todas sus pertenencias luego que un cortocircuito generara un fuerte incendio cuyas llamas acabaron con todo, afortunadamente no hubo p\u00e9rdidas humanas.<\/p>\n\n\n\n<p>Las primeras versiones apuntan a que el cortocircuito inici\u00f3 en los cables de la t\u00e9rmica de la casa de Rocio Bel\u00e9n Herrera, de 35 a\u00f1os d e edad y Luis Ram\u00f3n Pa\u00e9z, de 43 a\u00f1os de edad, ambos, trabajadores del local de comida venezolana ubicado en Palermo, Chacaito.<\/p>\n\n\n\n<p>El tr\u00e1gico suceso se registr\u00f3la noche del s\u00e1bado y aunque sus vecinos intentaron apagar el poder de las llamas, e hicieron contacto r\u00e1pidamente con el Cuerpo de Bomberos, fue imposible salvar la vivienda. <\/p>\n\n\n\n<figure class=\"wp-block-image size-large\"><img fetchpriority=\"high\" decoding=\"async\" width=\"1024\" height=\"485\" src=\"https:\/\/esreviral.com\/wp-content\/uploads\/2025\/02\/victimas-1-1024x485.webp\" alt=\"\" class=\"wp-image-68406\" srcset=\"https:\/\/esreviral.com\/wp-content\/uploads\/2025\/02\/victimas-1-1024x485.webp 1024w, https:\/\/esreviral.com\/wp-content\/uploads\/2025\/02\/victimas-1-300x142.webp 300w, https:\/\/esreviral.com\/wp-content\/uploads\/2025\/02\/victimas-1-768x364.webp 768w, https:\/\/esreviral.com\/wp-content\/uploads\/2025\/02\/victimas-1.webp 1280w\" sizes=\"(max-width: 1024px) 100vw, 1024px\" \/><\/figure>\n\n\n\n<p>\u201cMi preocupaci\u00f3n cuando me llam\u00f3 mi vecina <strong>eran mis cinco hijos, no sab\u00edan si estaban dentro. Literalmente mi coraz\u00f3n se paraliz\u00f3\u201d, <\/strong>explic\u00f3 Herrera, quien para el momento del hecho estaba trabajando. <\/p>\n\n\n\n<p><strong>\u201cA la hora nos enteramos que mi pap\u00e1 ten\u00eda a los ni\u00f1os, justo se los hab\u00eda llevado. Fue la mejor noticia dentro de todo este horror. Nos quedamos sin nada. Absolutamente nada\u201d.<\/strong> Apunt\u00f3. La familia ahora se encuentra en el comedor de la casa de unos de los vecinos con hijos de 15 a\u00f1os de edad el mayor y 5 a\u00f1os de edad, la m\u00e1s peque\u00f1a.<\/p>\n\n\n\n<p>Ahora se requiere colaboraci\u00f3n de quienes puedan hacerlo con ropa, calzado, alimentos y art\u00edculos para el hogar, los cuales pueden llevar a Charcas 4402, local Chacaito en Palermo y quienes puedan hacer donaciones de dinero, transferir a: <\/p>\n\n\n\n<p><strong>CBU:<\/strong> 0170035020000001712238<\/p>\n\n\n\n<p><strong>Alias:<\/strong> LIRIO.DRAGA.CADETE<\/p>\n\n\n\n<p><strong>Cuenta Corriente pesos<br><\/strong>N\u00b0 35-17122\/3<\/p>\n\n\n\n<p>Jolymar Hernandez<\/p>\n\n\n\n<p>BBVA Franc\u00e9s<\/p>\n\n\n\n<figure class=\"wp-block-image size-large\"><img decoding=\"async\" width=\"1024\" height=\"576\" src=\"https:\/\/esreviral.com\/wp-content\/uploads\/2025\/02\/WhatsApp-Image-2025-02-09-at-1.06.11-PM-1024x576.webp\" alt=\"\" class=\"wp-image-68407\" srcset=\"https:\/\/esreviral.com\/wp-content\/uploads\/2025\/02\/WhatsApp-Image-2025-02-09-at-1.06.11-PM-1024x576.webp 1024w, https:\/\/esreviral.com\/wp-content\/uploads\/2025\/02\/WhatsApp-Image-2025-02-09-at-1.06.11-PM-300x169.webp 300w, https:\/\/esreviral.com\/wp-content\/uploads\/2025\/02\/WhatsApp-Image-2025-02-09-at-1.06.11-PM-768x432.webp 768w, https:\/\/esreviral.com\/wp-content\/uploads\/2025\/02\/WhatsApp-Image-2025-02-09-at-1.06.11-PM-1536x864.webp 1536w, https:\/\/esreviral.com\/wp-content\/uploads\/2025\/02\/WhatsApp-Image-2025-02-09-at-1.06.11-PM.webp 1599w\" sizes=\"(max-width: 1024px) 100vw, 1024px\" \/><\/figure>\n\n\n\n<p><\/p>\n","protected":false},"excerpt":{"rendered":"<p>Una familia con cinco hijos perdi\u00f3 todas sus pertenencias luego que un cortocircuito generara un fuerte incendio cuyas llamas acabaron con todo, afortunadamente no hubo p\u00e9rdidas humanas. Las primeras versiones apuntan a que el cortocircuito inici\u00f3 en los cables de la t\u00e9rmica de la casa de Rocio Bel\u00e9n Herrera, de 35 a\u00f1os d e edad [&hellip;]<\/p>\n","protected":false},"author":2,"featured_media":68405,"comment_status":"closed","ping_status":"closed","sticky":false,"template":"","format":"standard","meta":{"jnews-multi-image_gallery":[],"jnews_single_post":{"format":"standard"},"jnews_primary_category":[],"jnews_social_meta":[],"jnews_review":[],"enable_review":"","type":"","name":"","summary":"","brand":"","sku":"","good":[],"bad":[],"score_override":"","override_value":"","rating":[],"price":[],"jnews_override_counter":[],"jnews_post_split":[],"footnotes":""},"categories":[64],"tags":[44,933,45],"class_list":["post-68403","post","type-post","status-publish","format-standard","has-post-thumbnail","hentry","category-sucesos","tag-argentina","tag-incendio","tag-noticias"],"_links":{"self":[{"href":"https:\/\/esreviral.com\/index.php?rest_route=\/wp\/v2\/posts\/68403","targetHints":{"allow":["GET"]}}],"collection":[{"href":"https:\/\/esreviral.com\/index.php?rest_route=\/wp\/v2\/posts"}],"about":[{"href":"https:\/\/esreviral.com\/index.php?rest_route=\/wp\/v2\/types\/post"}],"author":[{"embeddable":true,"href":"https:\/\/esreviral.com\/index.php?rest_route=\/wp\/v2\/users\/2"}],"replies":[{"embeddable":true,"href":"https:\/\/esreviral.com\/index.php?rest_route=%2Fwp%2Fv2%2Fcomments&post=68403"}],"version-history":[{"count":0,"href":"https:\/\/esreviral.com\/index.php?rest_route=\/wp\/v2\/posts\/68403\/revisions"}],"wp:featuredmedia":[{"embeddable":true,"href":"https:\/\/esreviral.com\/index.php?rest_route=\/wp\/v2\/media\/68405"}],"wp:attachment":[{"href":"https:\/\/esreviral.com\/index.php?rest_route=%2Fwp%2Fv2%2Fmedia&parent=68403"}],"wp:term":[{"taxonomy":"category","embeddable":true,"href":"https:\/\/esreviral.com\/index.php?rest_route=%2Fwp%2Fv2%2Fcategories&post=68403"},{"taxonomy":"post_tag","embeddable":true,"href":"https:\/\/esreviral.com\/index.php?rest_route=%2Fwp%2Fv2%2Ftags&post=68403"}],"curies":[{"name":"wp","href":"https:\/\/api.w.org\/{rel}","templated":true}]}}