{"id":68317,"date":"2025-02-08T11:14:56","date_gmt":"2025-02-08T16:14:56","guid":{"rendered":"https:\/\/esreviral.com\/?p=68317"},"modified":"2025-02-08T11:14:57","modified_gmt":"2025-02-08T16:14:57","slug":"vuelos-de-deportacion-a-venezuela-comenzaran-en-los-proximos-30-dias","status":"publish","type":"post","link":"https:\/\/esreviral.com\/?p=68317","title":{"rendered":"Vuelos de deportaci\u00f3n a Venezuela comenzar\u00e1n en los pr\u00f3ximos 30\u00a0d\u00edas"},"content":{"rendered":"\n<p><strong>El zar fronterizo de Trump, Tom Homan, <\/strong>revel\u00f3 c\u00f3mo un pa\u00eds latinoamericano, hist\u00f3ricamente considerado adversario de Estados Unidos, podr\u00eda ayudar al presidente a cumplir una de sus promesas clave: deportar a los <strong>migrantes venezolanos<\/strong>. En una entrevista con <strong><em>The New York Times<\/em>, <\/strong>Homan mencion\u00f3 que los <strong>vuelos de deportaci\u00f3n hacia Venezuela podr\u00edan comenzar en los pr\u00f3ximos 30 d\u00edas, marcando el primer indicio de un cronograma concreto para el plan.<\/strong><\/p>\n\n\n\n<p>El acuerdo, seg\u00fan la administraci\u00f3n Trump, busca no solo asegurar la liberaci\u00f3n de seis estadounidenses detenidos en Venezuela, sino tambi\u00e9n convencer a <strong>Nicol\u00e1s Maduro<\/strong> de recibir a \u201ctodos los inmigrantes ilegales venezolanos\u201d que residen en suelo estadounidense. Este inesperado giro en la relaci\u00f3n bilateral se materializ\u00f3 luego de una visita de Richard Grenell, asesor clave de Trump, a Maduro, donde ambos pol\u00edticos se estrecharon la mano p\u00fablicamente, y se dej\u00f3 entrever un compromiso con el \u201cdi\u00e1logo entre iguales\u201d.<\/p>\n\n\n\n<p class=\"has-text-align-center\"><em><strong><em><strong><em><strong><em><strong><a href=\"https:\/\/t.me\/esreviral\">\u00daNETE A NUESTRO CANAL DE TELEGRAM PARA ESTAR INFORMADO<\/a><\/strong><\/em><\/strong><\/em><\/strong><\/em><\/strong><\/em><\/p>\n\n\n\n<p>El acuerdo podr\u00eda abrir la puerta a otros cambios en la pol\u00edtica estadounidense, incluyendo la posible relajaci\u00f3n de las sanciones al sector petrolero de Venezuela y el restablecimiento de vuelos comerciales entre Caracas y Estados Unidos. Sin embargo, estos movimientos podr\u00edan desatar fuertes cr\u00edticas desde la oposici\u00f3n venezolana y pol\u00edticos como Marco Rubio, quien se ha mantenido firme en su postura contra cualquier tipo de acercamiento con el r\u00e9gimen de Maduro.<\/p>\n\n\n\n<p>El acuerdo, si se materializa, marcar\u00eda un cambio significativo en la relaci\u00f3n entre ambos pa\u00edses, sobre todo porque, durante el primer mandato de Trump, se impulsaron sanciones dr\u00e1sticas y esfuerzos para derrocar a Maduro. Hoy, con cientos de miles de venezolanos viviendo en Estados Unidos, muchos con protecciones temporales que podr\u00edan ser revocadas, Trump se enfrenta al desaf\u00edo de cumplir su promesa de campa\u00f1a de deportar a los migrantes venezolanos.<\/p>\n\n\n\n<p>Sin embargo, esta medida tambi\u00e9n ha sido vista como una victoria para Maduro, quien, a pesar de estar aislado internacionalmente, ha logrado recuperar algo de influencia sobre Estados Unidos al comprometerse a recibir deportados. De concretarse el acuerdo, el impacto pol\u00edtico podr\u00eda ser trascendental para ambos pa\u00edses, sobre todo con las tensiones internas que esto podr\u00eda generar, tanto en Estados Unidos como en Venezuela.<\/p>\n\n\n\n<p class=\"has-text-align-center\"><strong><a href=\"https:\/\/chat.whatsapp.com\/KWkTmakY3I05kNdd2oZl6d\"><em>\u00daNETE A NUESTRO GRUPO DE WHATSAPP PARA ESTAR INFORMADO<\/em><\/a><\/strong><\/p>\n\n\n\n<p class=\"has-text-align-right\"><em><strong>Con informaci\u00f3n de The New York Times.<\/strong><\/em>&#8211;<\/p>\n","protected":false},"excerpt":{"rendered":"<p>En una entrevista al diario neoyorquino, el zar de la frontera, Tomas Homan, confirm\u00f3 que los vuelos de deportaci\u00f3n de inmigrantes venezolanos indocumentados comenzar\u00e1n en el pr\u00f3ximo mes.<\/p>\n","protected":false},"author":3,"featured_media":68324,"comment_status":"closed","ping_status":"closed","sticky":false,"template":"","format":"standard","meta":{"jnews-multi-image_gallery":[],"jnews_single_post":{"format":"standard"},"jnews_primary_category":[],"jnews_social_meta":[],"jnews_review":[],"enable_review":"","type":"","name":"","summary":"","brand":"","sku":"","good":[],"bad":[],"score_override":"","override_value":"","rating":[],"price":[],"jnews_override_counter":[],"jnews_post_split":[],"footnotes":""},"categories":[54,88],"tags":[2052,1068,16334,24366,56,24365],"class_list":["post-68317","post","type-post","status-publish","format-standard","has-post-thumbnail","hentry","category-inmigracion","category-internacionales","tag-migrantes-venezolanos","tag-nicolas-maduro","tag-the-new-york-times","tag-tom-homan","tag-venezuela","tag-vuelos-de-deportacion"],"amp_enabled":true,"_links":{"self":[{"href":"https:\/\/esreviral.com\/index.php?rest_route=\/wp\/v2\/posts\/68317"}],"collection":[{"href":"https:\/\/esreviral.com\/index.php?rest_route=\/wp\/v2\/posts"}],"about":[{"href":"https:\/\/esreviral.com\/index.php?rest_route=\/wp\/v2\/types\/post"}],"author":[{"embeddable":true,"href":"https:\/\/esreviral.com\/index.php?rest_route=\/wp\/v2\/users\/3"}],"replies":[{"embeddable":true,"href":"https:\/\/esreviral.com\/index.php?rest_route=%2Fwp%2Fv2%2Fcomments&post=68317"}],"version-history":[{"count":0,"href":"https:\/\/esreviral.com\/index.php?rest_route=\/wp\/v2\/posts\/68317\/revisions"}],"wp:featuredmedia":[{"embeddable":true,"href":"https:\/\/esreviral.com\/index.php?rest_route=\/wp\/v2\/media\/68324"}],"wp:attachment":[{"href":"https:\/\/esreviral.com\/index.php?rest_route=%2Fwp%2Fv2%2Fmedia&parent=68317"}],"wp:term":[{"taxonomy":"category","embeddable":true,"href":"https:\/\/esreviral.com\/index.php?rest_route=%2Fwp%2Fv2%2Fcategories&post=68317"},{"taxonomy":"post_tag","embeddable":true,"href":"https:\/\/esreviral.com\/index.php?rest_route=%2Fwp%2Fv2%2Ftags&post=68317"}],"curies":[{"name":"wp","href":"https:\/\/api.w.org\/{rel}","templated":true}]}}