{"id":68292,"date":"2025-02-07T06:56:13","date_gmt":"2025-02-07T11:56:13","guid":{"rendered":"https:\/\/esreviral.com\/?p=68292"},"modified":"2025-02-07T06:56:14","modified_gmt":"2025-02-07T11:56:14","slug":"el-tren-roca-no-se-detendra-en-una-importante-estacion-a-partir-de-hoy-cual-es-y-hasta-cuando","status":"publish","type":"post","link":"https:\/\/esreviral.com\/?p=68292","title":{"rendered":"El Tren Roca no se detendr\u00e1 en una importante estaci\u00f3n a partir de hoy: cu\u00e1l es y hasta cu\u00e1ndo"},"content":{"rendered":"\n<p>Desde este viernes 7 hasta el viernes 21 de febrero, los trenes de la<strong> L\u00ednea Roca <\/strong>que circulan desde Plaza Constituci\u00f3n hacia La Plata y Bosques (v\u00eda Quilmes) no se detendr\u00e1n en la estaci\u00f3n <strong>Dar\u00edo Santill\u00e1n y Maximiliano Kosteki<\/strong> debido a trabajos de desarme del and\u00e9n provisorio 1.<\/p>\n\n\n\n<p class=\"has-text-align-center\"><em><strong><em><strong><em><strong><em><strong><a href=\"https:\/\/t.me\/esreviral\">\u00daNETE A NUESTRO CANAL DE TELEGRAM PARA ESTAR INFORMADO<\/a><\/strong><\/em><\/strong><\/em><\/strong><\/em><\/strong><\/em><\/p>\n\n\n\n<h4 class=\"wp-block-heading\"><strong><mark style=\"background-color:rgba(0, 0, 0, 0)\" class=\"has-inline-color has-vivid-red-color\">Detalles de las afectaciones por ramal<\/mark><\/strong><\/h4>\n\n\n\n<ul class=\"wp-block-list\">\n<li><strong>Ramal La Plata y Bosques (v\u00eda Quilmes):<\/strong> los trenes no realizar\u00e1n parada en la estaci\u00f3n mencionada en ning\u00fan horario.<\/li>\n\n\n\n<li><strong>Ramal Bosques (v\u00eda Temperley):<\/strong> los servicios no se detendr\u00e1n en la estaci\u00f3n en los siguientes horarios:\n<ul class=\"wp-block-list\">\n<li><strong>D\u00edas h\u00e1biles:<\/strong> de 10:00 a 16:00 y de 20:00 a 23:00.<\/li>\n\n\n\n<li><strong>Fines de semana:<\/strong> durante todo el d\u00eda.<\/li>\n<\/ul>\n<\/li>\n<\/ul>\n\n\n\n<p><\/p>\n\n\n\n<figure class=\"wp-block-image size-large\"><img decoding=\"async\" src=\"https:\/\/tn.com.ar\/resizer\/v2\/el-tren-roca-no-se-detendra-en-una-importante-estacion-a-partir-de-hoy-cual-es-y-hasta-cuando-NESBN4BIDRD63DYFG7FTRY22M4.png?auth=0130e5694b80f8b136a28a46373c99748368e04ea9252999eef00e5e54e1f854&amp;width=1440\" alt=\"\"\/><\/figure>\n\n\n\n<h3 class=\"wp-block-heading\"><strong><mark style=\"background-color:rgba(0, 0, 0, 0)\" class=\"has-inline-color has-vivid-red-color\">Alternativas y m\u00e1s informaci\u00f3n<\/mark><\/strong><\/h3>\n\n\n\n<p>Los usuarios pueden optar por estaciones cercanas para abordar los trenes y consultar actualizaciones sobre el servicio en la p\u00e1gina oficial <strong>trenesargentinos.gob.ar <\/strong>o en la aplicaci\u00f3n <strong>Trenes Argentinos<\/strong>.<\/p>\n\n\n\n<p class=\"has-text-align-center\"><strong><a href=\"https:\/\/chat.whatsapp.com\/KWkTmakY3I05kNdd2oZl6d\"><em>\u00daNETE A NUESTRO GRUPO DE WHATSAPP PARA ESTAR INFORMADO<\/em><\/a><\/strong><\/p>\n","protected":false},"excerpt":{"rendered":"<p>Estas obras forman parte de un plan de mejoras para la infraestructura ferroviaria.<\/p>\n","protected":false},"author":3,"featured_media":68293,"comment_status":"closed","ping_status":"closed","sticky":false,"template":"","format":"standard","meta":{"jnews-multi-image_gallery":[],"jnews_single_post":{"format":"standard"},"jnews_primary_category":[],"jnews_social_meta":[],"jnews_review":[],"enable_review":"","type":"","name":"","summary":"","brand":"","sku":"","good":[],"bad":[],"score_override":"","override_value":"","rating":[],"price":[],"jnews_override_counter":[],"jnews_post_split":[],"footnotes":""},"categories":[58],"tags":[44,24345,24346,45,3820,4179],"class_list":["post-68292","post","type-post","status-publish","format-standard","has-post-thumbnail","hentry","category-argentina","tag-argentina","tag-ferrocarril","tag-linea-roca-2","tag-noticias","tag-tren-roca","tag-trenes-argentinos"],"_links":{"self":[{"href":"https:\/\/esreviral.com\/index.php?rest_route=\/wp\/v2\/posts\/68292","targetHints":{"allow":["GET"]}}],"collection":[{"href":"https:\/\/esreviral.com\/index.php?rest_route=\/wp\/v2\/posts"}],"about":[{"href":"https:\/\/esreviral.com\/index.php?rest_route=\/wp\/v2\/types\/post"}],"author":[{"embeddable":true,"href":"https:\/\/esreviral.com\/index.php?rest_route=\/wp\/v2\/users\/3"}],"replies":[{"embeddable":true,"href":"https:\/\/esreviral.com\/index.php?rest_route=%2Fwp%2Fv2%2Fcomments&post=68292"}],"version-history":[{"count":0,"href":"https:\/\/esreviral.com\/index.php?rest_route=\/wp\/v2\/posts\/68292\/revisions"}],"wp:featuredmedia":[{"embeddable":true,"href":"https:\/\/esreviral.com\/index.php?rest_route=\/wp\/v2\/media\/68293"}],"wp:attachment":[{"href":"https:\/\/esreviral.com\/index.php?rest_route=%2Fwp%2Fv2%2Fmedia&parent=68292"}],"wp:term":[{"taxonomy":"category","embeddable":true,"href":"https:\/\/esreviral.com\/index.php?rest_route=%2Fwp%2Fv2%2Fcategories&post=68292"},{"taxonomy":"post_tag","embeddable":true,"href":"https:\/\/esreviral.com\/index.php?rest_route=%2Fwp%2Fv2%2Ftags&post=68292"}],"curies":[{"name":"wp","href":"https:\/\/api.w.org\/{rel}","templated":true}]}}