{"id":68179,"date":"2025-02-05T08:20:17","date_gmt":"2025-02-05T13:20:17","guid":{"rendered":"https:\/\/esreviral.com\/?p=68179"},"modified":"2025-02-05T08:20:18","modified_gmt":"2025-02-05T13:20:18","slug":"tragedia-en-el-espectaculo-fallecio-reconocido-actor-de-soy-luna","status":"publish","type":"post","link":"https:\/\/esreviral.com\/?p=68179","title":{"rendered":"Tragedia en el espect\u00e1culo: Falleci\u00f3 reconocido actor de Soy Luna"},"content":{"rendered":"\n<p>Una triste noticia sacude al mundo del espect\u00e1culo: a los 31 a\u00f1os de edad falleci\u00f3 el actor y modelo argentino <strong>Ulises Droghei<\/strong>, reconocido por sus participaciones en <strong><em>Soy Luna<\/em>, <em>Bienvenidos a Bordo<\/em> y la pel\u00edcula <em>Una gran noche<\/em><\/strong>. El actor, oriundo de <strong>El Bols\u00f3n<\/strong>, muri\u00f3 el martes 4 de febrero, seg\u00fan confirm\u00f3 la <strong>Asociaci\u00f3n Argentina de Actores<\/strong> a trav\u00e9s de un comunicado.<\/p>\n\n\n\n<p><em>\u00abDespedimos con profunda tristeza al actor y modelo publicitario Ulises Droghei\u00bb<\/em>, expresaron. <em>\u00abLlev\u00f3 adelante su labor art\u00edstica en teatro, televisi\u00f3n, cine y publicidad. Adem\u00e1s, se desempe\u00f1\u00f3 como patinador art\u00edstico y docente de dicha disciplina. Acompa\u00f1amos en este doloroso momento a sus familiares, amistades y compa\u00f1eros de trabajo\u00bb<\/em>, agregaron.<\/p>\n\n\n\n<p class=\"has-text-align-center\"><em><strong><em><strong><em><strong><em><strong><a href=\"https:\/\/t.me\/esreviral\">\u00daNETE A NUESTRO CANAL DE TELEGRAM PARA ESTAR INFORMADO<\/a><\/strong><\/em><\/strong><\/em><\/strong><\/em><\/strong><\/em><\/p>\n\n\n<div class=\"wp-block-image\">\n<figure class=\"aligncenter size-large\"><img decoding=\"async\" src=\"https:\/\/resizer.glanacion.com\/resizer\/v2\/la-asociacion-argentina-de-actores-confirmo-la-OR3ZIK4OBFB2DBFYJPUMVD64SY.PNG?auth=e14f3caf239636036e7674649dca06138b0d2564d0952a0cbb1af2bc6924ac83&amp;width=780&amp;height=775&amp;quality=70&amp;smart=true\" alt=\"\"\/><\/figure>\n<\/div>\n\n\n<p><\/p>\n\n\n\n<p>Droghei naci\u00f3 el <strong>20 de octubre de 1993<\/strong> y comenz\u00f3 su formaci\u00f3n art\u00edstica en su ciudad natal. Seg\u00fan la Asociaci\u00f3n, se destac\u00f3 como <strong>patinador art\u00edstico profesional<\/strong>, dict\u00f3 clases en la Escuela Municipal y, posteriormente, se radic\u00f3 en <strong>Buenos Aires<\/strong>. Entre sus trabajos m\u00e1s destacados figuran su participaci\u00f3n en la exitosa telenovela de <strong>Disney <em>Soy Luna<\/em><\/strong>, los programas <em>Bienvenidos a Bordo<\/em> y <em>El Show del Problema<\/em>. En cine, co-protagoniz\u00f3 junto a <strong>Denise G\u00f3mez Rivero<\/strong> la pel\u00edcula <em>Una gran noche<\/em>, de <strong>Mariano Cirigliano<\/strong>. En teatro, form\u00f3 parte de <em>Las D&#8217;Enfrente<\/em>, dirigida por <strong>Alejandro Zanga<\/strong>, y del equipo de <em>El Joker Argentino<\/em>.<\/p>\n\n\n\n<p>M\u00e1s all\u00e1 de la actuaci\u00f3n y el modelaje, seg\u00fan su perfil de <strong>LinkedIn<\/strong>, tambi\u00e9n incursion\u00f3 en el <strong>marketing<\/strong> y la <strong>publicidad<\/strong>, destac\u00e1ndose como especialista en liderazgo, formaci\u00f3n de equipos de trabajo y manejo de redes sociales. Desde 2016, trabajaba en el desarrollo de estrategias de marketing y formaci\u00f3n de equipos para <strong>patentes extranjeras<\/strong> que ingresaban al mercado latinoamericano.<\/p>\n\n\n\n<p>Tras conocerse la noticia de su fallecimiento, m\u00faltiples usuarios expresaron su pesar en la publicaci\u00f3n de la Asociaci\u00f3n Argentina de Actores. <em>\u00abUlises, no puedo, no quiero creerlo. Un compa\u00f1erito angelado, con quien siempre era una alegr\u00eda compartir un rodaje. Mis condolencias a su familia\u00bb<\/em>, escribi\u00f3 un colega. Otros mensajes incluyeron: <em>\u00abQue su alma se eleve hacia la paz eterna. Abrazo a la familia en este momento tan duro\u00bb<\/em>, <em>\u00abSe cerr\u00f3 el tel\u00f3n de la vida y se abri\u00f3 el de los recuerdos. Que en paz descanse\u00bb<\/em>, y <em>\u00abTan jovencito, qu\u00e9 triste. Que en paz descanse.\u00bb<\/em><\/p>\n\n\n\n<p class=\"has-text-align-center\"><strong><a href=\"https:\/\/chat.whatsapp.com\/KWkTmakY3I05kNdd2oZl6d\"><em>\u00daNETE A NUESTRO GRUPO DE WHATSAPP PARA ESTAR INFORMADO<\/em><\/a><\/strong><\/p>\n\n\n<div class=\"wp-block-image\">\n<figure class=\"aligncenter size-large\"><img decoding=\"async\" src=\"https:\/\/resizer.glanacion.com\/resizer\/v2\/los-usuarios-de-facebook-despidieron-al-actor-y-OTMYYUWL75B5BPMR6M4GXHCP7Q.PNG?auth=60b2fbcfd6db66aa776935764ed2a60f4cf5745f73e8a1ef23d3ba7a299dcbaf&amp;width=780&amp;height=766&amp;quality=70&amp;smart=true\" alt=\"\"\/><\/figure>\n<\/div>","protected":false},"excerpt":{"rendered":"<p>El joven nacido en El Bols\u00f3n falleci\u00f3 el martes 4 de febrero; la noticia fue confirmada por la Asociaci\u00f3n Argentina de Actores<\/p>\n","protected":false},"author":3,"featured_media":68180,"comment_status":"closed","ping_status":"closed","sticky":false,"template":"","format":"standard","meta":{"jnews-multi-image_gallery":[],"jnews_single_post":{"format":"standard"},"jnews_primary_category":[],"jnews_social_meta":[],"jnews_review":[],"enable_review":"","type":"","name":"","summary":"","brand":"","sku":"","good":[],"bad":[],"score_override":"","override_value":"","rating":[],"price":[],"jnews_override_counter":[],"jnews_post_split":[],"footnotes":""},"categories":[50],"tags":[44,24235,45,24234,24233],"class_list":["post-68179","post","type-post","status-publish","format-standard","has-post-thumbnail","hentry","category-entretenimiento","tag-argentina","tag-asociacion-argentina-de-actores","tag-noticias","tag-soy-luna","tag-ulises-droghei"],"_links":{"self":[{"href":"https:\/\/esreviral.com\/index.php?rest_route=\/wp\/v2\/posts\/68179","targetHints":{"allow":["GET"]}}],"collection":[{"href":"https:\/\/esreviral.com\/index.php?rest_route=\/wp\/v2\/posts"}],"about":[{"href":"https:\/\/esreviral.com\/index.php?rest_route=\/wp\/v2\/types\/post"}],"author":[{"embeddable":true,"href":"https:\/\/esreviral.com\/index.php?rest_route=\/wp\/v2\/users\/3"}],"replies":[{"embeddable":true,"href":"https:\/\/esreviral.com\/index.php?rest_route=%2Fwp%2Fv2%2Fcomments&post=68179"}],"version-history":[{"count":0,"href":"https:\/\/esreviral.com\/index.php?rest_route=\/wp\/v2\/posts\/68179\/revisions"}],"wp:featuredmedia":[{"embeddable":true,"href":"https:\/\/esreviral.com\/index.php?rest_route=\/wp\/v2\/media\/68180"}],"wp:attachment":[{"href":"https:\/\/esreviral.com\/index.php?rest_route=%2Fwp%2Fv2%2Fmedia&parent=68179"}],"wp:term":[{"taxonomy":"category","embeddable":true,"href":"https:\/\/esreviral.com\/index.php?rest_route=%2Fwp%2Fv2%2Fcategories&post=68179"},{"taxonomy":"post_tag","embeddable":true,"href":"https:\/\/esreviral.com\/index.php?rest_route=%2Fwp%2Fv2%2Ftags&post=68179"}],"curies":[{"name":"wp","href":"https:\/\/api.w.org\/{rel}","templated":true}]}}