{"id":68176,"date":"2025-02-05T07:55:45","date_gmt":"2025-02-05T12:55:45","guid":{"rendered":"https:\/\/esreviral.com\/?p=68176"},"modified":"2025-02-05T07:55:47","modified_gmt":"2025-02-05T12:55:47","slug":"preparen-sus-trajes-la-met-gala-2025-ya-tiene-tema-y-por-primera-vez-se-enfoca-en-la-moda-masculina","status":"publish","type":"post","link":"https:\/\/esreviral.com\/?p=68176","title":{"rendered":"\u00a1Preparen sus trajes! La Met Gala 2025 ya tiene tema y por primera vez se enfoca en la moda masculina"},"content":{"rendered":"\n<p>La <strong>Met Gala 2025<\/strong> ya tiene su c\u00f3digo de vestimenta: <strong>\u201cHecho a tu medida\u201d<\/strong>, una invitaci\u00f3n a la interpretaci\u00f3n creativa que acompa\u00f1a la inauguraci\u00f3n de la exposici\u00f3n anual del Museo Metropolitano de Arte, dedicada este a\u00f1o a la <strong>moda masculina<\/strong>.<\/p>\n\n\n\n<p>Este concepto no solo marca la <strong>primera vez en m\u00e1s de dos d\u00e9cadas<\/strong> que la gala se centra exclusivamente en el vestuario masculino, sino que tambi\u00e9n destaca el <strong>estilo negro<\/strong> en la moda masculina a lo largo de los siglos.<\/p>\n\n\n\n<p class=\"has-text-align-center\"><em><strong><em><strong><em><strong><em><strong><a href=\"https:\/\/t.me\/esreviral\">\u00daNETE A NUESTRO CANAL DE TELEGRAM PARA ESTAR INFORMADO<\/a><\/strong><\/em><\/strong><\/em><\/strong><\/em><\/strong><\/em><\/p>\n\n\n\n<h3 class=\"wp-block-heading\"><strong><mark style=\"background-color:rgba(0, 0, 0, 0)\" class=\"has-inline-color has-vivid-red-color\">Un comit\u00e9 anfitri\u00f3n estelar para una noche ic\u00f3nica<\/mark><\/strong><\/h3>\n\n\n\n<p>El <strong>Instituto del Vestido del Met<\/strong> anunci\u00f3 el regreso de su tradicional <strong>comit\u00e9 anfitri\u00f3n<\/strong>, una lista de celebridades que se suman a los previamente anunciados <strong>Pharrell Williams<\/strong>, <strong>Lewis Hamilton<\/strong>, <strong>Colman Domingo<\/strong>, <strong>A$AP Rocky<\/strong> y <strong>LeBron James<\/strong>. La eterna editora de Vogue, <strong>Anna Wintour<\/strong>, tambi\u00e9n estar\u00e1 al frente del evento.<\/p>\n\n\n\n<p>El nuevo comit\u00e9 incluye personalidades de diversas disciplinas:<\/p>\n\n\n\n<ul class=\"wp-block-list\">\n<li><strong>Deportes:<\/strong> <em>Simone Biles<\/em> y su esposo <em>Jonathan Owens<\/em>, <em>Angel Reese<\/em>, <em>Sha\u2019Carri Richardson<\/em>.<\/li>\n\n\n\n<li><strong>Cine y TV:<\/strong> <em>Spike Lee<\/em>, <em>Tonya Lewis Lee<\/em>, <em>Regina King<\/em>, <em>Ayo Edebiri<\/em>, <em>Audra McDonald<\/em>, <em>Jeremy Pope<\/em>.<\/li>\n\n\n\n<li><strong>M\u00fasica:<\/strong> <em>Doechii<\/em>, <em>Usher<\/em>, <em>Tyla<\/em>, <em>Janelle Mon\u00e1e<\/em>, <em>Andr\u00e9 3000<\/em>.<\/li>\n\n\n\n<li><strong>Literatura y arte:<\/strong> <em>Chimamanda Ngozi Adichie<\/em>, <em>Jordan Casteel<\/em>, <em>Rashid Johnson<\/em>, <em>Kara Walker<\/em>.<\/li>\n\n\n\n<li><strong>Teatro:<\/strong> <em>Jeremy O. Harris<\/em>, <em>Branden Jacobs-Jenkins<\/em>.<\/li>\n\n\n\n<li><strong>Moda:<\/strong> <em>Grace Wales Bonner<\/em>, <em>Edward Enninful<\/em>, <em>Dapper Dan<\/em>, <em>Olivier Rousteing<\/em>.<\/li>\n<\/ul>\n\n\n\n<p><\/p>\n\n\n\n<p>El <strong>chef Kwame Onwuachi<\/strong> ser\u00e1 el encargado de dise\u00f1ar el men\u00fa para esta noche de lujo y recaudaci\u00f3n, que el a\u00f1o pasado alcanz\u00f3 la cifra r\u00e9cord de <strong>26 millones de d\u00f3lares<\/strong>.<\/p>\n\n\n\n<figure class=\"wp-block-image size-large\"><img decoding=\"async\" src=\"https:\/\/tn.com.ar\/resizer\/v2\/aap-rocky-colman-domingo-lewis-hamilton-lebron-james-y-pharrell-williams-seran-hoste-de-la-proxima-met-gala-foto-ap-TL7PYJEJLJ4EVMTFWHDEV45VCA.jpg?auth=9cec1641e90f259f6d1ef11bc83ac8d27396e41e6e4589d904c8e7f4a05c6540&amp;width=1440\" alt=\"\"\/><\/figure>\n\n\n\n<h3 class=\"wp-block-heading\"><strong><mark style=\"background-color:rgba(0, 0, 0, 0)\" class=\"has-inline-color has-vivid-red-color\">\u201cSuperfine: Tailoring Black Style\u201d: una exposici\u00f3n que redefine la moda<\/mark><\/strong><\/h3>\n\n\n\n<p>La gala dar\u00e1 inicio a la muestra de primavera titulada <strong>\u201cSuperfine: Tailoring Black Style\u201d<\/strong> (<em>Superfino: Confeccionando el estilo negro<\/em>), que estar\u00e1 abierta al p\u00fablico desde el <strong>10 de mayo<\/strong> hasta el <strong>26 de octubre<\/strong>. Esta exposici\u00f3n, inspirada en el libro de <strong>Monica L. Miller<\/strong>, <em>\u201cSlaves to Fashion: Black Dandyism and the Styling of Black Diasporic Identity\u201d<\/em> (<em>Esclavos de la moda: el dandismo negro y el estilo de la identidad diasp\u00f3rica negra<\/em>), explorar\u00e1 el papel transformador de la moda en la construcci\u00f3n de identidades negras a lo largo de los siglos.<\/p>\n\n\n\n<p>\u201cEl tema de este a\u00f1o no solo es oportuno\u201d, afirm\u00f3 <strong>Usher<\/strong>, \u201csino que tambi\u00e9n celebra nuestra rica cultura, que siempre deber\u00eda recibir el reconocimiento que merece\u201d. Por su parte, <strong>Sha\u2019Carri Richardson<\/strong> a\u00f1adi\u00f3: \u201cNuestro estilo no es solo lo que vestimos, es c\u00f3mo nos movemos, c\u00f3mo ocupamos el espacio, c\u00f3mo contamos nuestra historia sin decir una palabra\u201d.<\/p>\n\n\n\n<figure class=\"wp-block-image size-large\"><img decoding=\"async\" src=\"https:\/\/tn.com.ar\/resizer\/v2\/la-evolucion-del-estilo-del-hombre-negro-es-el-tema-de-la-met-gala-y-el-museo-compartio-esta-imagen-foto-ap-BTNILMBBSNETVMOR2NAO7I4XZA.jpeg?auth=980289fd8945bb3cab6e0b531a6e9cbea0bb1aa32ae334fb09813068399a80d2&amp;width=1440\" alt=\"\"\/><\/figure>\n\n\n\n<p class=\"has-text-align-center\"><strong><em>La evoluci\u00f3n del estilo del hombre negro es el tema de la Met Gala y el museo comparti\u00f3 esta imagen.<\/em><\/strong><\/p>\n\n\n\n<h3 class=\"wp-block-heading\"><strong><mark style=\"background-color:rgba(0, 0, 0, 0)\" class=\"has-inline-color has-vivid-red-color\">Un recorrido por la historia del dandismo negro<\/mark><\/strong><\/h3>\n\n\n\n<p>La exposici\u00f3n, curada por <strong>Monica L. Miller<\/strong> y el reconocido <strong>Andrew Bolton<\/strong>, ofrecer\u00e1 un examen cultural e hist\u00f3rico del estilo negro desde el siglo XVIII hasta la actualidad, a trav\u00e9s del prisma del <strong>dandismo<\/strong>. Seg\u00fan Miller, los \u201cdandis\u201d ya en la d\u00e9cada de 1780 se defin\u00edan como hombres que prestaban una atenci\u00f3n meticulosa, y a veces extravagante, a su vestimenta.<\/p>\n\n\n\n<p>\u201cLas definiciones hist\u00f3ricas de dandismo van desde la <strong>precisi\u00f3n absoluta<\/strong> en el vestir hasta la <strong>extravagancia y fabulosidad<\/strong>\u201d, explic\u00f3 Miller.<\/p>\n\n\n\n<p>Entre los artistas que contribuyen al dise\u00f1o de la exposici\u00f3n se encuentran:<\/p>\n\n\n\n<ul class=\"wp-block-list\">\n<li><strong>Torkwase Dyson<\/strong>, quien utilizar\u00e1 sus caracter\u00edsticas <em>hiperformas<\/em> para crear esculturas monumentales.<\/li>\n\n\n\n<li><strong>Ik\u00e9 Ud\u00e9<\/strong>, que curar\u00e1 una secci\u00f3n dedicada a <strong>Julius Soubise<\/strong>, uno de los primeros dandis negros que desafi\u00f3 las normas sociales en el Londres del siglo XVIII.<\/li>\n<\/ul>\n\n\n\n<p>La muestra estar\u00e1 dividida en <strong>12 secciones<\/strong>, cada una representando una caracter\u00edstica clave del estilo dandi: <em>propiedad, presencia, distinci\u00f3n, disfraz, libertad, campe\u00f3n, jook<\/em> (casas de placer para negros), <em>herencia, belleza, frescura<\/em> y <em>cosmopolitismo<\/em>.<\/p>\n\n\n\n<p class=\"has-text-align-center\"><strong><a href=\"https:\/\/chat.whatsapp.com\/KWkTmakY3I05kNdd2oZl6d\"><em>\u00daNETE A NUESTRO GRUPO DE WHATSAPP PARA ESTAR INFORMADO<\/em><\/a><\/strong><\/p>\n","protected":false},"excerpt":{"rendered":"<p>A$AP Rocky, Pharrell Williams, Lewis Hamilton y Anna Wintour son los principales anfitriones del tradicional evento que se har\u00e1 el 5 de mayo.<\/p>\n","protected":false},"author":3,"featured_media":68177,"comment_status":"closed","ping_status":"closed","sticky":false,"template":"","format":"standard","meta":{"jnews-multi-image_gallery":[],"jnews_single_post":{"format":"standard"},"jnews_primary_category":[],"jnews_social_meta":[],"jnews_review":[],"enable_review":"","type":"","name":"","summary":"","brand":"","sku":"","good":[],"bad":[],"score_override":"","override_value":"","rating":[],"price":[],"jnews_override_counter":[],"jnews_post_split":[],"footnotes":""},"categories":[50],"tags":[24231,24232,1976,18859,24230,45],"class_list":["post-68176","post","type-post","status-publish","format-standard","has-post-thumbnail","hentry","category-entretenimiento","tag-anna-wintour-2","tag-dandismo","tag-met-gala","tag-met-gala-2025","tag-moda-masculina","tag-noticias"],"_links":{"self":[{"href":"https:\/\/esreviral.com\/index.php?rest_route=\/wp\/v2\/posts\/68176","targetHints":{"allow":["GET"]}}],"collection":[{"href":"https:\/\/esreviral.com\/index.php?rest_route=\/wp\/v2\/posts"}],"about":[{"href":"https:\/\/esreviral.com\/index.php?rest_route=\/wp\/v2\/types\/post"}],"author":[{"embeddable":true,"href":"https:\/\/esreviral.com\/index.php?rest_route=\/wp\/v2\/users\/3"}],"replies":[{"embeddable":true,"href":"https:\/\/esreviral.com\/index.php?rest_route=%2Fwp%2Fv2%2Fcomments&post=68176"}],"version-history":[{"count":0,"href":"https:\/\/esreviral.com\/index.php?rest_route=\/wp\/v2\/posts\/68176\/revisions"}],"wp:featuredmedia":[{"embeddable":true,"href":"https:\/\/esreviral.com\/index.php?rest_route=\/wp\/v2\/media\/68177"}],"wp:attachment":[{"href":"https:\/\/esreviral.com\/index.php?rest_route=%2Fwp%2Fv2%2Fmedia&parent=68176"}],"wp:term":[{"taxonomy":"category","embeddable":true,"href":"https:\/\/esreviral.com\/index.php?rest_route=%2Fwp%2Fv2%2Fcategories&post=68176"},{"taxonomy":"post_tag","embeddable":true,"href":"https:\/\/esreviral.com\/index.php?rest_route=%2Fwp%2Fv2%2Ftags&post=68176"}],"curies":[{"name":"wp","href":"https:\/\/api.w.org\/{rel}","templated":true}]}}