{"id":68100,"date":"2025-02-04T10:35:17","date_gmt":"2025-02-04T15:35:17","guid":{"rendered":"https:\/\/esreviral.com\/?p=68100"},"modified":"2025-02-04T10:35:18","modified_gmt":"2025-02-04T15:35:18","slug":"por-que-se-conmemora-hoy-el-dia-mundial-contra-el-cancer-y-las-claves-de-la-jornada","status":"publish","type":"post","link":"https:\/\/esreviral.com\/?p=68100","title":{"rendered":"Por qu\u00e9 se conmemora hoy el D\u00eda Mundial contra el C\u00e1ncer y las claves de la jornada"},"content":{"rendered":"\n<p>Cada <strong>4 de febrero<\/strong> se conmemora el <strong>D\u00eda Mundial contra el C\u00e1ncer<\/strong>, una fecha destinada a generar conciencia sobre la importancia de la prevenci\u00f3n, la detecci\u00f3n temprana y el tratamiento adecuado de esta enfermedad. La jornada busca informar a la poblaci\u00f3n sobre los factores de riesgo y los <strong>controles m\u00e9dicos<\/strong> necesarios, ya que un diagn\u00f3stico oportuno puede aumentar significativamente las probabilidades de curaci\u00f3n.<\/p>\n\n\n\n<p>La fecha fue instaurada en el a\u00f1o <strong>2000<\/strong> durante la <strong>Cumbre Mundial contra el C\u00e1ncer<\/strong> celebrada en Par\u00eds, con el respaldo de la <strong>Organizaci\u00f3n Mundial de la Salud (OMS)<\/strong>, el <strong>Centro Internacional de Investigaciones sobre el C\u00e1ncer (CIIC)<\/strong> y la <strong>Uni\u00f3n Internacional contra el C\u00e1ncer (UICC)<\/strong>.<\/p>\n\n\n\n<p class=\"has-text-align-center\"><em><strong><em><strong><em><strong><em><strong><a href=\"https:\/\/t.me\/esreviral\">\u00daNETE A NUESTRO CANAL DE TELEGRAM PARA ESTAR INFORMADO<\/a><\/strong><\/em><\/strong><\/em><\/strong><\/em><\/strong><\/em><\/p>\n\n\n\n<h3 class=\"wp-block-heading\"><strong><mark style=\"background-color:rgba(0, 0, 0, 0)\" class=\"has-inline-color has-vivid-red-color\">\u00bfQu\u00e9 es el c\u00e1ncer y cu\u00e1l es su impacto global?<\/mark><\/strong><\/h3>\n\n\n\n<p>El c\u00e1ncer es una enfermedad caracterizada por el crecimiento descontrolado de c\u00e9lulas anormales, que en muchos casos forman tumores. Seg\u00fan la <strong>Organizaci\u00f3n Panamericana de la Salud (OPS)<\/strong>, en la regi\u00f3n de las Am\u00e9ricas, el c\u00e1ncer es la <strong>segunda causa de muerte<\/strong> m\u00e1s frecuente. Cada a\u00f1o, se estima que <strong>4,2 millones de personas<\/strong> son diagnosticadas con esta enfermedad y <strong>1,4 millones<\/strong> fallecen a causa de ella. De estas muertes, el <strong>45,1%<\/strong> corresponde a personas menores de <strong>69 a\u00f1os<\/strong>.<\/p>\n\n\n\n<p>A nivel global, la <strong>OMS<\/strong> se\u00f1ala que el c\u00e1ncer es la <strong>principal causa de muerte<\/strong> en el mundo. Solo en <strong>2020<\/strong>, la enfermedad provoc\u00f3 casi <strong>10 millones de fallecimientos<\/strong>. Los tipos m\u00e1s comunes incluyen el <strong>c\u00e1ncer de mama<\/strong>, <strong>pulm\u00f3n<\/strong>, <strong>colon<\/strong>, <strong>recto<\/strong> y <strong>pr\u00f3stata<\/strong>.<\/p>\n\n\n\n<h3 class=\"wp-block-heading\"><strong><mark style=\"background-color:rgba(0, 0, 0, 0)\" class=\"has-inline-color has-vivid-red-color\">Prevenci\u00f3n y detecci\u00f3n temprana: claves para el futuro<\/mark><\/strong><\/h3>\n\n\n\n<p>La <strong>OMS<\/strong> estima que entre el <strong>30% y el 50%<\/strong> de los casos de c\u00e1ncer podr\u00edan prevenirse mediante la reducci\u00f3n de factores de riesgo y la implementaci\u00f3n de estrategias de prevenci\u00f3n, como los <strong>controles m\u00e9dicos regulares<\/strong>, el <strong>an\u00e1lisis de antecedentes familiares<\/strong> y la <strong>adopci\u00f3n de h\u00e1bitos saludables<\/strong>. La detecci\u00f3n temprana sigue siendo fundamental, ya que aumenta las posibilidades de supervivencia y mejora la calidad de vida de los pacientes.<\/p>\n\n\n\n<p>Sin embargo, la <strong>OPS<\/strong> advierte que los casos de c\u00e1ncer podr\u00edan <strong>aumentar un 60%<\/strong> en los pr\u00f3ximos <strong>20 a\u00f1os<\/strong>, alcanzando los <strong>30 millones<\/strong> de nuevos diagn\u00f3sticos para <strong>2044<\/strong>. Este incremento no solo afectar\u00e1 a los pacientes, sino que tambi\u00e9n podr\u00eda poner en riesgo la capacidad de respuesta de los sistemas de salud. Por esta raz\u00f3n, el <strong>D\u00eda Mundial contra el C\u00e1ncer<\/strong> enfatiza la necesidad de mejorar la <strong>atenci\u00f3n temprana<\/strong> y fortalecer las pol\u00edticas de salud p\u00fablica.<\/p>\n\n\n\n<h3 class=\"wp-block-heading\"><strong><mark style=\"background-color:rgba(0, 0, 0, 0)\" class=\"has-inline-color has-vivid-red-color\">\u201cUnidos por lo \u00fanico\u201d: el lema del D\u00eda Mundial contra el C\u00e1ncer 2025<\/mark><\/strong><\/h3>\n\n\n\n<p>La <strong>Uni\u00f3n Internacional contra el C\u00e1ncer (UICC)<\/strong>, a trav\u00e9s de su p\u00e1gina oficial del <strong>World Cancer Day<\/strong>, establece un lema tem\u00e1tico cada a\u00f1o para guiar las actividades de concientizaci\u00f3n. El eslogan para el per\u00edodo <strong>2025-2027<\/strong> ser\u00e1 <strong>\u201cUnidos por lo \u00fanico\u201d<\/strong>, una frase que destaca la importancia de tratar cada caso de c\u00e1ncer de manera individual, con un enfoque centrado en las <strong>necesidades<\/strong> y <strong>experiencias<\/strong> de cada paciente.<\/p>\n\n\n\n<p>El diagn\u00f3stico de c\u00e1ncer no solo implica una enfermedad, sino tambi\u00e9n una <strong>historia personal<\/strong>, con <strong>emociones<\/strong> y <strong>desaf\u00edos<\/strong> \u00fanicos. La iniciativa busca fomentar una atenci\u00f3n m\u00e9dica <strong>emp\u00e1tica<\/strong>, que acompa\u00f1e al paciente durante todo su proceso. Para ello, es crucial la <strong>colaboraci\u00f3n<\/strong> entre las distintas entidades de salud, garantizando un tratamiento integral y humanizado.<\/p>\n\n\n\n<p class=\"has-text-align-center\"><strong><a href=\"https:\/\/chat.whatsapp.com\/KWkTmakY3I05kNdd2oZl6d\"><em>\u00daNETE A NUESTRO GRUPO DE WHATSAPP PARA ESTAR INFORMADO<\/em><\/a><\/strong><\/p>\n","protected":false},"excerpt":{"rendered":"<p>De acuerdo a la Organizaci\u00f3n Panamericana de Salud, el c\u00e1ncer es la segunda causa de muerte en la regi\u00f3n, con m\u00e1s de 1,4 millones de personas fallecidas anualmente<\/p>\n","protected":false},"author":3,"featured_media":68101,"comment_status":"closed","ping_status":"closed","sticky":false,"template":"","format":"standard","meta":{"jnews-multi-image_gallery":[],"jnews_single_post":{"format":"standard"},"jnews_primary_category":[],"jnews_social_meta":[],"jnews_review":[],"enable_review":"","type":"","name":"","summary":"","brand":"","sku":"","good":[],"bad":[],"score_override":"","override_value":"","rating":[],"price":[],"jnews_override_counter":[],"jnews_post_split":[],"footnotes":""},"categories":[84],"tags":[2494,24078,24077,3953,390,45],"class_list":["post-68100","post","type-post","status-publish","format-standard","has-post-thumbnail","hentry","category-salud","tag-cancer-2","tag-controles-medicos","tag-dia-mundial-contra-el-cancer","tag-efemerides-3","tag-medicos","tag-noticias"],"amp_enabled":true,"_links":{"self":[{"href":"https:\/\/esreviral.com\/index.php?rest_route=\/wp\/v2\/posts\/68100"}],"collection":[{"href":"https:\/\/esreviral.com\/index.php?rest_route=\/wp\/v2\/posts"}],"about":[{"href":"https:\/\/esreviral.com\/index.php?rest_route=\/wp\/v2\/types\/post"}],"author":[{"embeddable":true,"href":"https:\/\/esreviral.com\/index.php?rest_route=\/wp\/v2\/users\/3"}],"replies":[{"embeddable":true,"href":"https:\/\/esreviral.com\/index.php?rest_route=%2Fwp%2Fv2%2Fcomments&post=68100"}],"version-history":[{"count":0,"href":"https:\/\/esreviral.com\/index.php?rest_route=\/wp\/v2\/posts\/68100\/revisions"}],"wp:featuredmedia":[{"embeddable":true,"href":"https:\/\/esreviral.com\/index.php?rest_route=\/wp\/v2\/media\/68101"}],"wp:attachment":[{"href":"https:\/\/esreviral.com\/index.php?rest_route=%2Fwp%2Fv2%2Fmedia&parent=68100"}],"wp:term":[{"taxonomy":"category","embeddable":true,"href":"https:\/\/esreviral.com\/index.php?rest_route=%2Fwp%2Fv2%2Fcategories&post=68100"},{"taxonomy":"post_tag","embeddable":true,"href":"https:\/\/esreviral.com\/index.php?rest_route=%2Fwp%2Fv2%2Ftags&post=68100"}],"curies":[{"name":"wp","href":"https:\/\/api.w.org\/{rel}","templated":true}]}}