{"id":68093,"date":"2025-02-04T09:00:35","date_gmt":"2025-02-04T14:00:35","guid":{"rendered":"https:\/\/esreviral.com\/?p=68093"},"modified":"2025-02-04T09:00:36","modified_gmt":"2025-02-04T14:00:36","slug":"el-salvador-acepto-recibir-a-deportados-de-estados-unidos-sin-importar-su-nacionalidad","status":"publish","type":"post","link":"https:\/\/esreviral.com\/?p=68093","title":{"rendered":"El Salvador acept\u00f3 recibir a deportados de Estados Unidos sin importar su nacionalidad"},"content":{"rendered":"\n<p>\u00ab<strong><em>Un acuerdo sin precedentes, el m\u00e1s extraordinario del mundo<\/em><\/strong>\u00ab. As\u00ed describi\u00f3 el <strong>secretario de Estado de EE. UU., Marco Rubio<\/strong>, el convenio migratorio alcanzado este lunes entre el <strong>presidente de El Salvador, Nayib Bukele,<\/strong> y la delegaci\u00f3n estadounidense, como parte de la gira de Rubio por Centroam\u00e9rica.<\/p>\n\n\n\n<p><strong>El Salvador accedi\u00f3 a recibir a deportados de diversas nacionalidades<\/strong>, inform\u00f3 Rubio. Adem\u00e1s, el presidente Bukele ofreci\u00f3 albergar a <strong>criminales peligrosos que se encuentren cumpliendo condena en EE. UU., incluso si son ciudadanos estadounidenses o residentes legales.<\/strong><\/p>\n\n\n\n<p>Bukele ratific\u00f3 este compromiso en un mensaje en ingl\u00e9s publicado en la red social X. \u00ab<strong><em>Le hemos ofrecido a EE. UU. la oportunidad de externalizar partes de su sistema penitenciario<\/em><\/strong>\u00ab, detall\u00f3 en la publicaci\u00f3n, aclarando que aceptar\u00eda \u00fanicamente a criminales encarcelados (incluidos ciudadanos estadounidenses condenados) en la megaprisi\u00f3n (CECOT), a cambio de una tarifa.<\/p>\n\n\n\n<p class=\"has-text-align-center\"><em><strong><em><strong><em><strong><em><strong><a href=\"https:\/\/t.me\/esreviral\">\u00daNETE A NUESTRO CANAL DE TELEGRAM PARA ESTAR INFORMADO<\/a><\/strong><\/em><\/strong><\/em><\/strong><\/em><\/strong><\/em><\/p>\n\n\n\n<p>Esta megaprisi\u00f3n, inaugurada hace dos a\u00f1os, se considera la m\u00e1s grande de Am\u00e9rica Latina, con capacidad para albergar a<strong> 40,000 reclusos, aunque actualmente hay alrededor de 15,000.<\/strong> Bukele especific\u00f3 que la tarifa ser\u00eda \u00ab<strong><em>relativamente baja para EE. UU., pero significativa para nosotros, lo que har\u00eda sostenible todo nuestro sistema penitenciario\u00bb<\/em><\/strong>.<\/p>\n\n\n\n<p>Aunque no qued\u00f3 claro si EE. UU. contempla enviar prisioneros estadounidenses a El Salvador, Rubio asegur\u00f3 que el pa\u00eds est\u00e1 \u00ab<strong><em>incre\u00edblemente agradecido\u00bb<\/em><\/strong> por la oferta, la cual ya fue comunicada al presidente Donald Trump. \u00ab<strong><em>Ning\u00fan pa\u00eds ha hecho jam\u00e1s una oferta de amistad como esta<\/em><\/strong>\u00ab, enfatiz\u00f3.<\/p>\n\n\n\n<p>Elon Musk, multimillonario due\u00f1o de Tesla y cercano a la administraci\u00f3n Trump, respondi\u00f3 inmediatamente al mensaje de Bukele, calificando la propuesta de \u00ab\u00a1Gran idea!\u00bb.<\/p>\n\n\n\n<p>Este acuerdo migratorio no es nuevo. Mauricio Claver-Carone, enviado especial del Departamento de Estado para Am\u00e9rica Latina, ya hab\u00eda adelantado la posibilidad de un acuerdo similar al firmado en 2019, con un mayor alcance, que incluir\u00eda a miembros de <strong>organizaciones criminales como el Tren de Aragua, originado en Venezuela.<\/strong><\/p>\n\n\n\n<p>La portavoz del Departamento de Estado de EE. UU., Tammy Bruce, aclar\u00f3 que El Salvador aceptar\u00e1 a \u00ab<strong><em>inmigrantes ilegales violentos\u00bb<\/em><\/strong>, incluyendo <strong>miembros del Tren de Aragua, adem\u00e1s de otros migrantes ilegales criminales de cualquier pa\u00eds.<\/strong><\/p>\n\n\n\n<p>En 2019, El Salvador firm\u00f3 el Acuerdo de Cooperaci\u00f3n de Asilo (ACA) con EE. UU., comprometi\u00e9ndose a recibir a deportados que esperaran la resoluci\u00f3n de sus solicitudes de asilo en territorio salvadore\u00f1o. Sin embargo, este acuerdo nunca entr\u00f3 en vigor, ya que fue rescindido por la administraci\u00f3n Biden en 2021.<\/p>\n\n\n\n<figure class=\"wp-block-image size-large\"><img decoding=\"async\" src=\"https:\/\/tn.com.ar\/resizer\/v2\/bukele-acepta-deportados-criminales-de-eeuu-y-ofrece-carceles-para-presos-estadounidenses-foto-mark-schiefelbeinpool-via-reuters-W3MZPNSOSXC3HMAK4GMQEPUKLE.jpg?auth=6bb93dd8c8a681c65ff59d3f772d470c065a6b8fbcafa110df5b1b2918282c27&amp;width=1440\" alt=\"\"\/><\/figure>\n\n\n\n<p><\/p>\n\n\n\n<p><strong><mark style=\"background-color:rgba(0, 0, 0, 0)\" class=\"has-inline-color has-vivid-red-color\">Impulso a la energ\u00eda nuclear<\/mark><\/strong><\/p>\n\n\n\n<p>Adem\u00e1s del acuerdo migratorio, los gobiernos de El Salvador y EE. UU. lograron un entendimiento sobre la cooperaci\u00f3n en energ\u00eda nuclear. A trav\u00e9s del Memorando de Entendimiento sobre Cooperaci\u00f3n Nuclear Civil Estrat\u00e9gica (NCMOU), EE. UU. se comprometi\u00f3 a apoyar el desarrollo de la energ\u00eda nuclear en El Salvador, con el objetivo de convertir al pa\u00eds en un hub para todas las tecnolog\u00edas e industrias del siglo XXI.<\/p>\n\n\n\n<p>El acuerdo tambi\u00e9n incluye el fortalecimiento de las capacidades regulatorias y cient\u00edficas de El Salvador, as\u00ed como el impulso de proyectos conjuntos en investigaci\u00f3n y desarrollo. La ministra de Relaciones Exteriores de El Salvador, Alexandra Hill Tinoco, quien firm\u00f3 el acuerdo, describi\u00f3 este como \u00abuna estrategia m\u00e1s\u00bb del presidente Bukele para ofrecer energ\u00eda 24 horas al d\u00eda a precios competitivos, sin depender de la geopol\u00edtica ni de los precios del petr\u00f3leo.<\/p>\n\n\n\n<p><strong><mark style=\"background-color:rgba(0, 0, 0, 0)\" class=\"has-inline-color has-vivid-red-color\">Relaci\u00f3n estrecha con EE. UU.<\/mark><\/strong><\/p>\n\n\n\n<p>Antes de la visita de Rubio, El Salvador ya hab\u00eda estrechado lazos con el gobierno estadounidense. Bukele ha sido admirado por figuras cercanas a Trump y, como el presidente argentino Javier Milei, fue uno de los invitados destacados en la Conferencia de Acci\u00f3n Pol\u00edtica Conservadora (CPAC) en febrero de 2024.<\/p>\n\n\n\n<p>Durante su primera llamada telef\u00f3nica con Bukele tras asumir la presidencia, Trump elogi\u00f3 su liderazgo, especialmente en temas como la migraci\u00f3n ilegal y la lucha contra las pandillas transnacionales como el Tren de Aragua.<\/p>\n\n\n\n<p>Rubio lleg\u00f3 a El Salvador tras su visita a Panam\u00e1 y fue recibido por altos funcionarios diplom\u00e1ticos. Antes de reunirse con Bukele, particip\u00f3 en un recorrido por un centro de mantenimiento de la empresa Aeroman, destacada por su impacto positivo en la inversi\u00f3n privada y la creaci\u00f3n de oportunidades locales.<\/p>\n\n\n<div class=\"wp-block-image\">\n<figure class=\"aligncenter size-large\"><img decoding=\"async\" src=\"https:\/\/ichef.bbci.co.uk\/ace\/ws\/800\/cpsprodpb\/777c\/live\/f5d1c1e0-e28f-11ef-8d6e-af2159186f83.png.webp\" alt=\"\"\/><\/figure><\/div>\n\n\n<p><\/p>\n\n\n\n<p>El presidente Bukele ha enfatizado que su segundo mandato se centrar\u00e1 en mejorar la econom\u00eda de El Salvador, atrayendo inversi\u00f3n extranjera, aunque este proceso a\u00fan enfrenta retos.<\/p>\n\n\n\n<p>Rubio continuar\u00e1 su gira por Centroam\u00e9rica con visitas a Costa Rica, Guatemala y Rep\u00fablica Dominicana, donde se espera que los temas centrales sigan siendo la migraci\u00f3n, el freno a la influencia de China en la regi\u00f3n y la lucha contra el tr\u00e1fico de drogas, especialmente fentanilo.<\/p>\n\n\n\n<p>Este viaje se da en un contexto regional tenso, marcado por las repercusiones de las pol\u00edticas de Trump, incluidas las deportaciones masivas y la interrupci\u00f3n de la ayuda exterior.<\/p>\n\n\n\n<p class=\"has-text-align-center\"><strong><a href=\"https:\/\/chat.whatsapp.com\/KWkTmakY3I05kNdd2oZl6d\"><em>\u00daNETE A NUESTRO GRUPO DE WHATSAPP PARA ESTAR INFORMADO<\/em><\/a><\/strong><\/p>\n","protected":false},"excerpt":{"rendered":"<p>\u00abUn acuerdo sin precedentes, el m\u00e1s extraordinario del mundo\u00bb.<\/p>\n","protected":false},"author":3,"featured_media":68094,"comment_status":"closed","ping_status":"closed","sticky":false,"template":"","format":"standard","meta":{"jnews-multi-image_gallery":[],"jnews_single_post":{"format":"standard"},"jnews_primary_category":[],"jnews_social_meta":[],"jnews_review":[],"enable_review":"","type":"","name":"","summary":"","brand":"","sku":"","good":[],"bad":[],"score_override":"","override_value":"","rating":[],"price":[],"jnews_override_counter":[],"jnews_post_split":[],"footnotes":""},"categories":[88,59],"tags":[24072,1970,24070,24071,2088,613,136,3250,1843,1255,614],"class_list":["post-68093","post","type-post","status-publish","format-standard","has-post-thumbnail","hentry","category-internacionales","category-politica","tag-acuerdo-migratorio-sin-precedentes","tag-america-latina","tag-carceles-salvadorenas","tag-criminales-ilegales","tag-donald-trump","tag-el-salvador","tag-estados-unidos","tag-marco-rubio","tag-migraciones","tag-narcotrafico","tag-nayib-bukele"],"amp_enabled":true,"_links":{"self":[{"href":"https:\/\/esreviral.com\/index.php?rest_route=\/wp\/v2\/posts\/68093"}],"collection":[{"href":"https:\/\/esreviral.com\/index.php?rest_route=\/wp\/v2\/posts"}],"about":[{"href":"https:\/\/esreviral.com\/index.php?rest_route=\/wp\/v2\/types\/post"}],"author":[{"embeddable":true,"href":"https:\/\/esreviral.com\/index.php?rest_route=\/wp\/v2\/users\/3"}],"replies":[{"embeddable":true,"href":"https:\/\/esreviral.com\/index.php?rest_route=%2Fwp%2Fv2%2Fcomments&post=68093"}],"version-history":[{"count":0,"href":"https:\/\/esreviral.com\/index.php?rest_route=\/wp\/v2\/posts\/68093\/revisions"}],"wp:featuredmedia":[{"embeddable":true,"href":"https:\/\/esreviral.com\/index.php?rest_route=\/wp\/v2\/media\/68094"}],"wp:attachment":[{"href":"https:\/\/esreviral.com\/index.php?rest_route=%2Fwp%2Fv2%2Fmedia&parent=68093"}],"wp:term":[{"taxonomy":"category","embeddable":true,"href":"https:\/\/esreviral.com\/index.php?rest_route=%2Fwp%2Fv2%2Fcategories&post=68093"},{"taxonomy":"post_tag","embeddable":true,"href":"https:\/\/esreviral.com\/index.php?rest_route=%2Fwp%2Fv2%2Ftags&post=68093"}],"curies":[{"name":"wp","href":"https:\/\/api.w.org\/{rel}","templated":true}]}}