{"id":67971,"date":"2025-01-31T16:42:31","date_gmt":"2025-01-31T21:42:31","guid":{"rendered":"https:\/\/esreviral.com\/?p=67971"},"modified":"2025-01-31T16:42:31","modified_gmt":"2025-01-31T21:42:31","slug":"cualquier-persona-que-entre-a-ilegal-a-un-pais-es-un-criminal-comediante-venezolano-ataco-a-los-migrantes-y-luego-se-arrepintio","status":"publish","type":"post","link":"https:\/\/esreviral.com\/?p=67971","title":{"rendered":"\u00abCualquier persona que entre a ilegal a un pa\u00eds es un criminal\u00bb: Comediante venezolano atac\u00f3 a los migrantes y luego se arrepinti\u00f3"},"content":{"rendered":"\n<p>El comediante Jos\u00e9 Rafael Guzm\u00e1n <strong>ES RE VIRAL <\/strong>en las redes sociales, luego que d\u00edas atr\u00e1s lanzar\u00e1 un tuit en el que afirm\u00f3 que \u00abno por el hecho de ser migrante la gente es buena, NO ES REAL. Cualquier persona que entre ilegal a un pa\u00eds es un criminal, as\u00ed seas Ronaldinho\u00bb, escribi\u00f3 en la red social X, por lo que sus seguidores reaccionaron con una bater\u00eda de comentarios en contra de su comentario, otros lo apoyaron. <\/p>\n\n\n\n<p>A diferencia de \u00e9l, su colega<a href=\"http:\/\/Lead Varela habl\u00f3 por la eliminaci\u00f3n del TPS: \u201cHay imb\u00e9ciles gozando con la desgracia ajena\u201d\"> Led Varela toc\u00f3 el tema pero en defensa de los migrantes, aunado que cont\u00f3 una an\u00e9cdota personal. <\/a><\/p>\n\n\n\n<p><strong><a href=\"https:\/\/chat.whatsapp.com\/KWkTmakY3I05kNdd2oZl6d\"><em>\u00daNETE A NUESTRO GRUPO DE WHATSAPP PARA ESTAR INFORMADO<\/em><\/a><\/strong><\/p>\n\n\n\n<figure class=\"wp-block-image size-large\"><img fetchpriority=\"high\" decoding=\"async\" width=\"1024\" height=\"761\" src=\"https:\/\/esreviral.com\/wp-content\/uploads\/2025\/01\/tuis-jose-rafael-guzman-1024x761.webp\" alt=\"\" class=\"wp-image-67978\" srcset=\"https:\/\/esreviral.com\/wp-content\/uploads\/2025\/01\/tuis-jose-rafael-guzman-1024x761.webp 1024w, https:\/\/esreviral.com\/wp-content\/uploads\/2025\/01\/tuis-jose-rafael-guzman-300x223.webp 300w, https:\/\/esreviral.com\/wp-content\/uploads\/2025\/01\/tuis-jose-rafael-guzman-768x571.webp 768w, https:\/\/esreviral.com\/wp-content\/uploads\/2025\/01\/tuis-jose-rafael-guzman.webp 1178w\" sizes=\"(max-width: 1024px) 100vw, 1024px\" \/><\/figure>\n\n\n\n<p><\/p>\n\n\n\n<p>Debido a la serie de comentarios, Guzm\u00e1n decidi\u00f3 borrar el comentario de su perfil pero ya hab\u00eda sido viral, posteriormente pidi\u00f3 disculpas. \u00abValoro a quienes me han escrito respetuosamente y <strong>me han ayudado a ver el impacto de lo que dije\u00bb. <\/strong><\/p>\n\n\n\n<p>Prosigui\u00f3: <strong>\u00abComet\u00ed un error en la forma en la que abord\u00e9 el tema, pero he aprendido.<\/strong> No quiero que mis palabras refuercen estereotipos o desinformaci\u00f3n sobre un tema tan sensible como la migraci\u00f3n. Lo viv\u00ed de cerca al hacer Caminantes y ese aprendizaje sigue vigente. Me comprometo a ser responsable en el futuro\u00bb.<\/p>\n\n\n\n<blockquote class=\"twitter-tweet\"><p lang=\"es\" dir=\"ltr\">Queridos, reconozco que me equivoqu\u00e9. Pido disculpas.<br><br>Valoro a quienes me han escrito respetuosamente y me han ayudado a ver el impacto de lo que dije. Comet\u00ed un error en la forma en la que abord\u00e9 el tema, pero he aprendido. No quiero que mis palabras refuercen estereotipos o\u2026<\/p>&mdash; J\u00f3se R Guzm\u00e1n (@JoseRGuzman) <a href=\"https:\/\/twitter.com\/JoseRGuzman\/status\/1885180633170796789?ref_src=twsrc%5Etfw\">January 31, 2025<\/a><\/blockquote> <script async src=\"https:\/\/platform.twitter.com\/widgets.js\" charset=\"utf-8\"><\/script>\n","protected":false},"excerpt":{"rendered":"<p>El comediante Jos\u00e9 Rafael Guzm\u00e1n ES RE VIRAL en las redes sociales, luego que d\u00edas atr\u00e1s lanzar\u00e1 un tuit en el que afirm\u00f3 que \u00abno por el hecho de ser migrante la gente es buena, NO ES REAL. Cualquier persona que entre ilegal a un pa\u00eds es un criminal, as\u00ed seas Ronaldinho\u00bb, escribi\u00f3 en la [&hellip;]<\/p>\n","protected":false},"author":2,"featured_media":67979,"comment_status":"closed","ping_status":"","sticky":false,"template":"","format":"standard","meta":{"jnews-multi-image_gallery":[],"jnews_single_post":{"format":"standard"},"jnews_primary_category":[],"jnews_social_meta":[],"jnews_review":[],"enable_review":"","type":"","name":"","summary":"","brand":"","sku":"","good":[],"bad":[],"score_override":"","override_value":"","rating":[],"price":[],"jnews_override_counter":[],"jnews_post_split":[],"footnotes":""},"categories":[50,54],"tags":[136,23909,4573,45],"class_list":["post-67971","post","type-post","status-publish","format-standard","has-post-thumbnail","hentry","category-entretenimiento","category-inmigracion","tag-estados-unidos","tag-jose-rafael-guzman","tag-migracion","tag-noticias"],"amp_enabled":true,"_links":{"self":[{"href":"https:\/\/esreviral.com\/index.php?rest_route=\/wp\/v2\/posts\/67971"}],"collection":[{"href":"https:\/\/esreviral.com\/index.php?rest_route=\/wp\/v2\/posts"}],"about":[{"href":"https:\/\/esreviral.com\/index.php?rest_route=\/wp\/v2\/types\/post"}],"author":[{"embeddable":true,"href":"https:\/\/esreviral.com\/index.php?rest_route=\/wp\/v2\/users\/2"}],"replies":[{"embeddable":true,"href":"https:\/\/esreviral.com\/index.php?rest_route=%2Fwp%2Fv2%2Fcomments&post=67971"}],"version-history":[{"count":0,"href":"https:\/\/esreviral.com\/index.php?rest_route=\/wp\/v2\/posts\/67971\/revisions"}],"wp:featuredmedia":[{"embeddable":true,"href":"https:\/\/esreviral.com\/index.php?rest_route=\/wp\/v2\/media\/67979"}],"wp:attachment":[{"href":"https:\/\/esreviral.com\/index.php?rest_route=%2Fwp%2Fv2%2Fmedia&parent=67971"}],"wp:term":[{"taxonomy":"category","embeddable":true,"href":"https:\/\/esreviral.com\/index.php?rest_route=%2Fwp%2Fv2%2Fcategories&post=67971"},{"taxonomy":"post_tag","embeddable":true,"href":"https:\/\/esreviral.com\/index.php?rest_route=%2Fwp%2Fv2%2Ftags&post=67971"}],"curies":[{"name":"wp","href":"https:\/\/api.w.org\/{rel}","templated":true}]}}