{"id":67962,"date":"2025-01-31T16:06:58","date_gmt":"2025-01-31T21:06:58","guid":{"rendered":"https:\/\/esreviral.com\/?p=67962"},"modified":"2025-01-31T17:39:26","modified_gmt":"2025-01-31T22:39:26","slug":"lazaron-el-podcast-todas-somosparte-con-la-participacion-de-mujeres-venezolanas","status":"publish","type":"post","link":"https:\/\/esreviral.com\/?p=67962","title":{"rendered":"Estrenan el podcast: Todas #somosparte con la participaci\u00f3n de mujeres venezolanas"},"content":{"rendered":"\n<p>La Red de Mujeres Migrantes con la participaci\u00f3n de <strong>29 organizaciones de 19 nacionalidades <\/strong>distintas que hacen vida en la Ciudad de Buenos Aires, lanzaron el podcast Todas #somosparte: Migrar y vivir en Buenos Aires.<\/p>\n\n\n\n<p>Este nuevo proyecto cont\u00f3 con la iniciativa de la Organizaci\u00f3n Internacional de Migrantes (OIM), el Gobierno de la Ciudad, a trav\u00e9s de la Direcci\u00f3n General de Colectividades y Migrantes en la que estuvieron presentes algunas mujeres venezolanas como <strong>Indira Acosta, presidenta de Asomevenar; Lormys Rojas, presidenta de Lazos de Libertad; Lia Valeri, presidenta de FICU<\/strong>; <strong>Denglys Romero, presidenta de Baires de Libertad y Liset Luque, secretaria de Alianza por Venezuela. <\/strong><\/p>\n\n\n\n<figure class=\"wp-block-image size-large\"><img fetchpriority=\"high\" decoding=\"async\" width=\"1024\" height=\"576\" src=\"https:\/\/esreviral.com\/wp-content\/uploads\/2025\/01\/OIM-PARQUE-DE-LA-ESTACION-3-1024x576.webp\" alt=\"\" class=\"wp-image-67969\" srcset=\"https:\/\/esreviral.com\/wp-content\/uploads\/2025\/01\/OIM-PARQUE-DE-LA-ESTACION-3-1024x576.webp 1024w, https:\/\/esreviral.com\/wp-content\/uploads\/2025\/01\/OIM-PARQUE-DE-LA-ESTACION-3-300x169.webp 300w, https:\/\/esreviral.com\/wp-content\/uploads\/2025\/01\/OIM-PARQUE-DE-LA-ESTACION-3-768x432.webp 768w, https:\/\/esreviral.com\/wp-content\/uploads\/2025\/01\/OIM-PARQUE-DE-LA-ESTACION-3-1536x864.webp 1536w, https:\/\/esreviral.com\/wp-content\/uploads\/2025\/01\/OIM-PARQUE-DE-LA-ESTACION-3-2048x1152.webp 2048w\" sizes=\"(max-width: 1024px) 100vw, 1024px\" \/><figcaption class=\"wp-element-caption\">Indira Acosta y Lormys Rojas de Asomevenar y Lazos de Libertad, respectivamente<\/figcaption><\/figure>\n\n\n\n<p>Acosta destac\u00f3 que \u00abla finalidad es promover la integraci\u00f3n, combatir la discriminaci\u00f3n y fortalecer los v\u00ednculos comunitarios desde un enfoque inclusivo\u00bb, es por eso que se unieron a este proyecto que contar\u00e1 con varios cap\u00edtulos en los que expresar\u00e1n sus an\u00e1lisis y hasta recomendaciones para que haya mayor inclusividad en el g\u00e9nero femenino. <\/p>\n\n\n\n<p>El podcast est\u00e1 conducido por la reconocida <strong>periodista Carolina Amoroso<\/strong>.<\/p>\n\n\n\n<figure class=\"wp-block-image size-large\"><img decoding=\"async\" width=\"1024\" height=\"576\" src=\"https:\/\/esreviral.com\/wp-content\/uploads\/2025\/01\/lia-valeri-1024x576.webp\" alt=\"\" class=\"wp-image-67965\" srcset=\"https:\/\/esreviral.com\/wp-content\/uploads\/2025\/01\/lia-valeri-1024x576.webp 1024w, https:\/\/esreviral.com\/wp-content\/uploads\/2025\/01\/lia-valeri-300x169.webp 300w, https:\/\/esreviral.com\/wp-content\/uploads\/2025\/01\/lia-valeri-768x432.webp 768w, https:\/\/esreviral.com\/wp-content\/uploads\/2025\/01\/lia-valeri-1536x864.webp 1536w, https:\/\/esreviral.com\/wp-content\/uploads\/2025\/01\/lia-valeri-2048x1152.webp 2048w\" sizes=\"(max-width: 1024px) 100vw, 1024px\" \/><figcaption class=\"wp-element-caption\">Lia Valeri, presidenta de FICU junto a una de sus compa\u00f1eras<\/figcaption><\/figure>\n\n\n\n<p>Cabe destacar que la mayor\u00eda de las organizaciones no gubernamentales de venezolanos en Argentina son dirigidas por mujeres. <\/p>\n\n\n\n<p><strong><a href=\"https:\/\/open.spotify.com\/episode\/6pVSHRQuqGUINc88FwCqNh\">Aqu\u00ed puedes escuchar el primer episodio del podcast<\/a><\/strong><\/p>\n\n\n\n<p><strong><a href=\"https:\/\/open.spotify.com\/episode\/5ZX2ptgVoSml44Nn4o40VE\">El tercer episodio fue con Mariand Rubio, vicepresidenta de Asomevenar, quien cont\u00f3 su experiencia migratoria <\/a><\/strong><\/p>\n\n\n\n<figure class=\"wp-block-image size-large\"><img decoding=\"async\" width=\"1024\" height=\"768\" src=\"https:\/\/esreviral.com\/wp-content\/uploads\/2025\/01\/WhatsApp-Image-2025-01-31-at-6.34.48-PM-1024x768.jpeg\" alt=\"\" class=\"wp-image-67981\" srcset=\"https:\/\/esreviral.com\/wp-content\/uploads\/2025\/01\/WhatsApp-Image-2025-01-31-at-6.34.48-PM-1024x768.jpeg 1024w, https:\/\/esreviral.com\/wp-content\/uploads\/2025\/01\/WhatsApp-Image-2025-01-31-at-6.34.48-PM-300x225.jpeg 300w, https:\/\/esreviral.com\/wp-content\/uploads\/2025\/01\/WhatsApp-Image-2025-01-31-at-6.34.48-PM-768x576.jpeg 768w, https:\/\/esreviral.com\/wp-content\/uploads\/2025\/01\/WhatsApp-Image-2025-01-31-at-6.34.48-PM-1536x1152.jpeg 1536w, https:\/\/esreviral.com\/wp-content\/uploads\/2025\/01\/WhatsApp-Image-2025-01-31-at-6.34.48-PM.jpeg 1600w\" sizes=\"(max-width: 1024px) 100vw, 1024px\" \/><figcaption class=\"wp-element-caption\">Indira Acosta, Carla Artunduaga, Denglys romero y Liset Luque<br><\/figcaption><\/figure>\n\n\n","protected":false},"excerpt":{"rendered":"<p>La Red de Mujeres Migrantes con la participaci\u00f3n de 29 organizaciones de 19 nacionalidades distintas que hacen vida en la Ciudad de Buenos Aires, lanzaron el podcast Todas #somosparte: Migrar y vivir en Buenos Aires. Este nuevo proyecto cont\u00f3 con la iniciativa de la Organizaci\u00f3n Internacional de Migrantes (OIM), el Gobierno de la Ciudad, a [&hellip;]<\/p>\n","protected":false},"author":2,"featured_media":67964,"comment_status":"closed","ping_status":"","sticky":false,"template":"","format":"standard","meta":{"jnews-multi-image_gallery":[],"jnews_single_post":{"format":"standard"},"jnews_primary_category":[],"jnews_social_meta":[],"jnews_review":[],"enable_review":"","type":"","name":"","summary":"","brand":"","sku":"","good":[],"bad":[],"score_override":"","override_value":"","rating":[],"price":[],"jnews_override_counter":[],"jnews_post_split":[],"footnotes":""},"categories":[54,5892],"tags":[44,894,2448,45,262],"class_list":["post-67962","post","type-post","status-publish","format-standard","has-post-thumbnail","hentry","category-inmigracion","category-venezolanos-en-argentina","tag-argentina","tag-ciudad-de-buenos-aires","tag-mujeres-migrantes","tag-noticias","tag-oim"],"amp_enabled":true,"_links":{"self":[{"href":"https:\/\/esreviral.com\/index.php?rest_route=\/wp\/v2\/posts\/67962"}],"collection":[{"href":"https:\/\/esreviral.com\/index.php?rest_route=\/wp\/v2\/posts"}],"about":[{"href":"https:\/\/esreviral.com\/index.php?rest_route=\/wp\/v2\/types\/post"}],"author":[{"embeddable":true,"href":"https:\/\/esreviral.com\/index.php?rest_route=\/wp\/v2\/users\/2"}],"replies":[{"embeddable":true,"href":"https:\/\/esreviral.com\/index.php?rest_route=%2Fwp%2Fv2%2Fcomments&post=67962"}],"version-history":[{"count":0,"href":"https:\/\/esreviral.com\/index.php?rest_route=\/wp\/v2\/posts\/67962\/revisions"}],"wp:featuredmedia":[{"embeddable":true,"href":"https:\/\/esreviral.com\/index.php?rest_route=\/wp\/v2\/media\/67964"}],"wp:attachment":[{"href":"https:\/\/esreviral.com\/index.php?rest_route=%2Fwp%2Fv2%2Fmedia&parent=67962"}],"wp:term":[{"taxonomy":"category","embeddable":true,"href":"https:\/\/esreviral.com\/index.php?rest_route=%2Fwp%2Fv2%2Fcategories&post=67962"},{"taxonomy":"post_tag","embeddable":true,"href":"https:\/\/esreviral.com\/index.php?rest_route=%2Fwp%2Fv2%2Ftags&post=67962"}],"curies":[{"name":"wp","href":"https:\/\/api.w.org\/{rel}","templated":true}]}}