{"id":67959,"date":"2025-01-31T14:41:44","date_gmt":"2025-01-31T19:41:44","guid":{"rendered":"https:\/\/esreviral.com\/?p=67959"},"modified":"2025-01-31T14:41:45","modified_gmt":"2025-01-31T19:41:45","slug":"cayo-presunto-cabecilla-del-tren-de-aragua-era-buscado-por-la-interpol-y-sera-extraditado-a-venezuela","status":"publish","type":"post","link":"https:\/\/esreviral.com\/?p=67959","title":{"rendered":"Cay\u00f3 presunto cabecilla del Tren de Aragua: Era buscado por la Interpol y ser\u00e1 extraditado a Venezuela"},"content":{"rendered":"\n<p><strong>Beraldo Enrique Atencio Padilla<\/strong>, alias \u201c<strong>Chocolate<\/strong>\u201d, presunto cabecilla del <strong>Tren de Aragua<\/strong> y buscado con <strong>notificaci\u00f3n roja de Interpol,<\/strong> fue capturado en <strong>Bucaramanga<\/strong>, <strong>Colombia<\/strong>.<\/p>\n\n\n\n<p>La Fiscal\u00eda General de Colombia inform\u00f3 que su detenci\u00f3n fue realizada por la DIJIN-Interpol de la Polic\u00eda Nacional, en respuesta a una solicitud de las <strong>autoridades venezolanas, que lo acusan de homicidio y otros delitos en el estado Zulia<\/strong>.<\/p>\n\n\n\n<p>De acuerdo con las investigaciones, alias \u201cChocolate\u201d estar\u00eda vinculado a asesinatos selectivos y actos de violencia dentro de la organizaci\u00f3n criminal, dirigidos contra miembros que desobedec\u00edan las \u00f3rdenes de sus l\u00edderes. Adem\u00e1s, se le atribuye la direcci\u00f3n de un grupo de sicarios denominado \u201cLos Chocolates\u201d, que operaba bajo la estructura del Tren de Aragua.<\/p>\n\n\n\n<p class=\"has-text-align-center\"><em><strong><em><strong><em><strong><em><strong><a href=\"https:\/\/t.me\/esreviral\">\u00daNETE A NUESTRO CANAL DE TELEGRAM PARA ESTAR INFORMADO<\/a><\/strong><\/em><\/strong><\/em><\/strong><\/em><\/strong><\/em><\/p>\n\n\n\n<blockquote class=\"twitter-tweet\"><p lang=\"es\" dir=\"ltr\">Capturaron en Bucaramanga, <a href=\"https:\/\/twitter.com\/hashtag\/Colombia?src=hash&amp;ref_src=twsrc%5Etfw\">#Colombia<\/a>, a alias \u201cChocolate\u201d, presunto cabecilla del \u2018Tren de Aragua\u2019, inform\u00f3 este <a href=\"https:\/\/twitter.com\/hashtag\/31Ene?src=hash&amp;ref_src=twsrc%5Etfw\">#31Ene<\/a> la fiscal\u00eda colombiana. <a href=\"https:\/\/t.co\/BNxKjYXQg9\">pic.twitter.com\/BNxKjYXQg9<\/a><\/p>&mdash; ES RE VIRAL (@esreviral) <a href=\"https:\/\/twitter.com\/esreviral\/status\/1885411245005619676?ref_src=twsrc%5Etfw\">January 31, 2025<\/a><\/blockquote> <script async src=\"https:\/\/platform.twitter.com\/widgets.js\" charset=\"utf-8\"><\/script>\n\n\n\n<p><\/p>\n\n\n\n<p>Las autoridades tambi\u00e9n investigan su posible participaci\u00f3n en el <strong>tr\u00e1fico de migrantes desde Venezuela hacia Ecuador<\/strong>. \u201cLos elementos materiales de prueba indican que ser\u00eda el cabecilla de una red sicarial dentro del Tren de Aragua\u201d, se\u00f1al\u00f3 la Fiscal\u00eda colombiana en un comunicado.<\/p>\n\n\n\n<p>El organismo tambi\u00e9n inform\u00f3 que la Direcci\u00f3n de Asuntos Internacionales de la Fiscal\u00eda inici\u00f3 los tr\u00e1mites para su extradici\u00f3n. \u201cSe hicieron las comunicaciones correspondientes para que la representaci\u00f3n diplom\u00e1tica venezolana remita la solicitud de captura con fines de extradici\u00f3n\u201d, precis\u00f3.<\/p>\n\n\n\n<p class=\"has-text-align-center\"><strong><a href=\"https:\/\/chat.whatsapp.com\/KWkTmakY3I05kNdd2oZl6d\"><em>\u00daNETE A NUESTRO GRUPO DE WHATSAPP PARA ESTAR INFORMADO<\/em><\/a><\/strong><\/p>\n","protected":false},"excerpt":{"rendered":"<p>Es se\u00f1alado de cometer varios homicidios dentro de su misma organizaci\u00f3n. <\/p>\n","protected":false},"author":3,"featured_media":67960,"comment_status":"closed","ping_status":"closed","sticky":false,"template":"","format":"standard","meta":{"jnews-multi-image_gallery":[],"jnews_single_post":{"format":"standard"},"jnews_primary_category":[],"jnews_social_meta":[],"jnews_review":[],"enable_review":"","type":"","name":"","summary":"","brand":"","sku":"","good":[],"bad":[],"score_override":"","override_value":"","rating":[],"price":[],"jnews_override_counter":[],"jnews_post_split":[],"footnotes":""},"categories":[64],"tags":[23840,10805,2719,283,45,2638,56],"class_list":["post-67959","post","type-post","status-publish","format-standard","has-post-thumbnail","hentry","category-sucesos","tag-beraldo-enrique-atencio-padilla","tag-bucaramanga","tag-chocolate","tag-colombia","tag-noticias","tag-tren-de-aragua","tag-venezuela"],"amp_enabled":true,"_links":{"self":[{"href":"https:\/\/esreviral.com\/index.php?rest_route=\/wp\/v2\/posts\/67959"}],"collection":[{"href":"https:\/\/esreviral.com\/index.php?rest_route=\/wp\/v2\/posts"}],"about":[{"href":"https:\/\/esreviral.com\/index.php?rest_route=\/wp\/v2\/types\/post"}],"author":[{"embeddable":true,"href":"https:\/\/esreviral.com\/index.php?rest_route=\/wp\/v2\/users\/3"}],"replies":[{"embeddable":true,"href":"https:\/\/esreviral.com\/index.php?rest_route=%2Fwp%2Fv2%2Fcomments&post=67959"}],"version-history":[{"count":0,"href":"https:\/\/esreviral.com\/index.php?rest_route=\/wp\/v2\/posts\/67959\/revisions"}],"wp:featuredmedia":[{"embeddable":true,"href":"https:\/\/esreviral.com\/index.php?rest_route=\/wp\/v2\/media\/67960"}],"wp:attachment":[{"href":"https:\/\/esreviral.com\/index.php?rest_route=%2Fwp%2Fv2%2Fmedia&parent=67959"}],"wp:term":[{"taxonomy":"category","embeddable":true,"href":"https:\/\/esreviral.com\/index.php?rest_route=%2Fwp%2Fv2%2Fcategories&post=67959"},{"taxonomy":"post_tag","embeddable":true,"href":"https:\/\/esreviral.com\/index.php?rest_route=%2Fwp%2Fv2%2Ftags&post=67959"}],"curies":[{"name":"wp","href":"https:\/\/api.w.org\/{rel}","templated":true}]}}