{"id":67692,"date":"2025-01-27T12:13:40","date_gmt":"2025-01-27T17:13:40","guid":{"rendered":"https:\/\/esreviral.com\/?p=67692"},"modified":"2025-01-27T12:13:42","modified_gmt":"2025-01-27T17:13:42","slug":"cne-convoco-a-elecciones-regionales-pero-siguen-sin-mostrar-resultados-de-presidenciales","status":"publish","type":"post","link":"https:\/\/esreviral.com\/?p=67692","title":{"rendered":"CNE convoc\u00f3 a elecciones regionales, pero siguen sin mostrar resultados de presidenciales"},"content":{"rendered":"\n<p><strong>Sin divulgar los resultados de las elecciones presidenciales del pasado 28 de julio<\/strong>, el <strong>Consejo Nacional Electoral (CNE) de Venezuela <\/strong>anunci\u00f3 este lunes que el pr\u00f3ximo 27 de abril se realizar\u00e1n<strong> nuevas elecciones<\/strong>, de las nueve previstas para 2025. En esta oportunidad, se trata de los<strong> comicios regionales y parlamentarios<\/strong>, donde se elegir\u00e1n 24 gobernadores \u2014incluyendo, por primera vez, una autoridad para la Guayana Esequiba, territorio en disputa con Guyana\u2014, as\u00ed como 277 diputados a la Asamblea Nacional y sus suplentes.<\/p>\n\n\n\n<p>El anuncio fue realizado por <strong>Elvis Amoroso<\/strong>,<strong> presidente del CNE<\/strong>. Durante una transmisi\u00f3n en televisi\u00f3n nacional, Amoroso calific\u00f3 el proceso como \u00abintegral\u00bb, ya que unificar\u00e1 las elecciones a diputados de la Asamblea Nacional (AN), gobernadores y legisladores regionales.<\/p>\n\n\n\n<p class=\"has-text-align-center\"><em><strong><em><strong><em><strong><em><strong><a href=\"https:\/\/t.me\/esreviral\">\u00daNETE A NUESTRO CANAL DE TELEGRAM PARA ESTAR INFORMADO<\/a><\/strong><\/em><\/strong><\/em><\/strong><\/em><\/strong><\/em><\/p>\n\n\n\n<blockquote class=\"twitter-tweet\"><p lang=\"es\" dir=\"ltr\">\ud83c\uddfb\ud83c\uddea <a href=\"https:\/\/twitter.com\/hashtag\/27Ene?src=hash&amp;ref_src=twsrc%5Etfw\">#27Ene<\/a> El Consejo Nacional Electoral de Venezuela (CNE) convoc\u00f3 elecciones parlamentarias y de gobernaciones para el <a href=\"https:\/\/twitter.com\/hashtag\/27Abril?src=hash&amp;ref_src=twsrc%5Etfw\">#27Abril<\/a> , a pesar de que a\u00fan no ha publicado las actas de los resultados de los comicios presidenciales del pasado <a href=\"https:\/\/twitter.com\/hashtag\/28Jul?src=hash&amp;ref_src=twsrc%5Etfw\">#28Jul<\/a> de 2024. <a href=\"https:\/\/t.co\/bAeqIfAFQ2\">pic.twitter.com\/bAeqIfAFQ2<\/a><\/p>&mdash; ES RE VIRAL (@esreviral) <a href=\"https:\/\/twitter.com\/esreviral\/status\/1883923454036172837?ref_src=twsrc%5Etfw\">January 27, 2025<\/a><\/blockquote> <script async src=\"https:\/\/platform.twitter.com\/widgets.js\" charset=\"utf-8\"><\/script>\n\n\n\n<p><\/p>\n\n\n\n<p><strong><em>\u201cEl CNE garantizar\u00e1 a las organizaciones con fines pol\u00edticos, as\u00ed como a todos los candidatos participantes, la mayor confiabilidad, transparencia y las auditor\u00edas correspondientes. Por lo tanto, todas las organizaciones pol\u00edticas, sus autoridades y sus candidatos deben suscribir un documento comprometi\u00e9ndose a respetar y acatar todos los eventos relacionados con la elecci\u00f3n y los resultados emitidos por el CNE\u00bb,<\/em><\/strong> afirm\u00f3 Amoroso.<\/p>\n\n\n\n<h3 class=\"wp-block-heading\"><strong><mark style=\"background-color:rgba(0, 0, 0, 0)\" class=\"has-inline-color has-vivid-red-color\">Mar\u00eda Corina Machado rechaz\u00f3 participar en nuevas elecciones<\/mark><\/strong><\/h3>\n\n\n\n<p>Anticipando el anuncio del CNE y la postura de algunos partidos opositores que buscan \u00abpasar la p\u00e1gina\u00bb del 28 de julio, la l\u00edder opositora Mar\u00eda Corina <strong>Machado reiter\u00f3 su negativa a participar en futuros comicios.<\/strong><\/p>\n\n\n\n<p><strong><em>\u201cNo procede participar en m\u00e1s elecciones hasta que se acaten los resultados de la victoria de Gonz\u00e1lez<\/em><\/strong>\u00ab, afirm\u00f3 Machado en un video publicado en sus redes sociales.<\/p>\n\n\n\n<p>\u00ab<strong><em>Las elecciones son para elegir, no para lavarle la cara a la tiran\u00eda. El pueblo eligi\u00f3 y derrot\u00f3 al r\u00e9gimen con sus propias reglas. El resultado debe y va a ser respetado\u00bb<\/em><\/strong>, agreg\u00f3.<\/p>\n\n\n\n<p>Machado tambi\u00e9n advirti\u00f3 que \u00ab<strong><em>votar una y otra vez sin que se respeten los resultados no es defender el voto, sino desvirtuar el voto popular como medio de lucha democr\u00e1tica\u00bb.<\/em><\/strong><\/p>\n\n\n\n<h3 class=\"wp-block-heading\"><strong><mark style=\"background-color:rgba(0, 0, 0, 0)\" class=\"has-inline-color has-vivid-red-color\">Divisi\u00f3n en la oposici\u00f3n<\/mark><\/strong><\/h3>\n\n\n\n<p>Esta postura ha intensificado las fracturas en la oposici\u00f3n venezolana. Mientras sectores liderados por partidos como Un Nuevo Tiempo (UNT), encabezado por el gobernador del Zulia, <strong>Manuel Rosales<\/strong>, insisten en participar en cualquier proceso electoral organizado por el gobierno de Nicol\u00e1s Maduro, otros rechazan rotundamente esta posibilidad.<\/p>\n\n\n\n<p>No obstante, la abstenci\u00f3n tambi\u00e9n plantea el riesgo de dejar el camino libre al oficialismo para afianzar a\u00fan m\u00e1s su hegemon\u00eda pol\u00edtica.<\/p>\n\n\n\n<p>Por su parte, Edmundo Gonz\u00e1lez contin\u00faa su gira por Am\u00e9rica Latina buscando respaldo internacional para hacer valer su \u00abvictoria presidencial\u00bb. Esta semana tiene previsto reunirse con l\u00edderes en Ecuador y Per\u00fa, como parte de su estrategia para presionar por el reconocimiento de los resultados del 28 de julio.<\/p>\n\n\n\n<p class=\"has-text-align-center\"><strong><a href=\"https:\/\/chat.whatsapp.com\/KWkTmakY3I05kNdd2oZl6d\"><em>\u00daNETE A NUESTRO GRUPO DE WHATSAPP PARA ESTAR INFORMADO<\/em><\/a><\/strong><\/p>\n","protected":false},"excerpt":{"rendered":"<p>Mar\u00eda Corina Machado dice que \u201cno procede\u00bb participar en elecciones.<\/p>\n","protected":false},"author":3,"featured_media":67693,"comment_status":"closed","ping_status":"closed","sticky":false,"template":"","format":"standard","meta":{"jnews-multi-image_gallery":[],"jnews_single_post":{"format":"standard"},"jnews_primary_category":[],"jnews_social_meta":[],"jnews_review":[],"enable_review":"","type":"","name":"","summary":"","brand":"","sku":"","good":[],"bad":[],"score_override":"","override_value":"","rating":[],"price":[],"jnews_override_counter":[],"jnews_post_split":[],"footnotes":""},"categories":[59,66],"tags":[770,7588,110,10302,3265,1068,45,56],"class_list":["post-67692","post","type-post","status-publish","format-standard","has-post-thumbnail","hentry","category-politica","category-venezuela","tag-cne","tag-consejo-nacional-electoral-2","tag-elecciones","tag-elvis-amoroso","tag-maria-corina-machado-2","tag-nicolas-maduro","tag-noticias","tag-venezuela"],"_links":{"self":[{"href":"https:\/\/esreviral.com\/index.php?rest_route=\/wp\/v2\/posts\/67692","targetHints":{"allow":["GET"]}}],"collection":[{"href":"https:\/\/esreviral.com\/index.php?rest_route=\/wp\/v2\/posts"}],"about":[{"href":"https:\/\/esreviral.com\/index.php?rest_route=\/wp\/v2\/types\/post"}],"author":[{"embeddable":true,"href":"https:\/\/esreviral.com\/index.php?rest_route=\/wp\/v2\/users\/3"}],"replies":[{"embeddable":true,"href":"https:\/\/esreviral.com\/index.php?rest_route=%2Fwp%2Fv2%2Fcomments&post=67692"}],"version-history":[{"count":0,"href":"https:\/\/esreviral.com\/index.php?rest_route=\/wp\/v2\/posts\/67692\/revisions"}],"wp:featuredmedia":[{"embeddable":true,"href":"https:\/\/esreviral.com\/index.php?rest_route=\/wp\/v2\/media\/67693"}],"wp:attachment":[{"href":"https:\/\/esreviral.com\/index.php?rest_route=%2Fwp%2Fv2%2Fmedia&parent=67692"}],"wp:term":[{"taxonomy":"category","embeddable":true,"href":"https:\/\/esreviral.com\/index.php?rest_route=%2Fwp%2Fv2%2Fcategories&post=67692"},{"taxonomy":"post_tag","embeddable":true,"href":"https:\/\/esreviral.com\/index.php?rest_route=%2Fwp%2Fv2%2Ftags&post=67692"}],"curies":[{"name":"wp","href":"https:\/\/api.w.org\/{rel}","templated":true}]}}