{"id":67659,"date":"2025-01-27T07:09:28","date_gmt":"2025-01-27T12:09:28","guid":{"rendered":"https:\/\/esreviral.com\/?p=67659"},"modified":"2025-01-27T07:17:05","modified_gmt":"2025-01-27T12:17:05","slug":"estados-unidos-retrocedio-en-sanciones-contra-colombia-tras-acuerdo-sobre-vuelos-con-migrantes-deportados","status":"publish","type":"post","link":"https:\/\/esreviral.com\/?p=67659","title":{"rendered":"Estados Unidos retrocedi\u00f3 en sanciones contra Colombia tras acuerdo sobre vuelos con migrantes deportados"},"content":{"rendered":"\n<p>Estados Unidos anul\u00f3 el domingo una serie de sanciones que hab\u00eda anunciado contra Colombia luego de que el pa\u00eds sudamericano aceptara las condiciones de la <strong>pol\u00edtica de repatriaci\u00f3n del presidente Donald Trump<\/strong>. Estas medidas hab\u00edan sido impulsadas tras la negativa del gobierno de <strong>Gustavo Petro<\/strong> a permitir el ingreso de vuelos militares con migrantes deportados.<\/p>\n\n\n\n<p>La Casa Blanca confirm\u00f3 la suspensi\u00f3n de los aranceles y restricciones de visas que Trump hab\u00eda anunciado como represalia, en medio de tensiones diplom\u00e1ticas. Seg\u00fan el<strong> canciller colombiano, Luis Gilberto Murillo<\/strong>, el impasse qued\u00f3 superado, y Colombia seguir\u00e1 recibiendo a sus <strong>ciudadanos deportados.<\/strong><\/p>\n\n\n\n<p class=\"has-text-align-center\"><em><strong><em><strong><em><strong><em><strong><a href=\"https:\/\/t.me\/esreviral\">\u00daNETE A NUESTRO CANAL DE TELEGRAM PARA ESTAR INFORMADO<\/a><\/strong><\/em><\/strong><\/em><\/strong><\/em><\/strong><\/em><\/p>\n\n\n\n<h3 class=\"wp-block-heading\"><strong><mark style=\"background-color:rgba(0, 0, 0, 0)\" class=\"has-inline-color has-vivid-red-color\">Tensiones y amenazas cruzadas<\/mark><\/strong><\/h3>\n\n\n\n<p>El conflicto escal\u00f3 luego de que <strong>Petro bloqueara el aterrizaje de aviones estadounidenses argumentando malos tratos hacia los migrantes.<\/strong> En respuesta, Trump impuso aranceles a las importaciones colombianas y amenaz\u00f3 con revocar visas a altos funcionarios del gobierno. Petro contraatac\u00f3 ordenando aranceles a productos estadounidenses y alentando una diversificaci\u00f3n de exportaciones hacia otros mercados.<\/p>\n\n\n\n<p>Sin embargo, a\u00fan no se ha retirado la medida colombiana, y el gobierno de Petro manifest\u00f3 que utilizar\u00eda el avi\u00f3n presidencial para repatriar a los deportados, aunque no se ha confirmado la cantidad de personas involucradas.<\/p>\n\n\n\n<h3 class=\"wp-block-heading\"><strong><mark style=\"background-color:rgba(0, 0, 0, 0)\" class=\"has-inline-color has-vivid-red-color\">\u00abDignidad para los migrantes\u00bb<\/mark><\/strong><\/h3>\n\n\n\n<p>Petro defendi\u00f3 su postura en la red social X, afirmando: \u201c<strong><em>Un migrante no es un delincuente y debe ser tratado con dignidad\u201d<\/em><\/strong>. Tambi\u00e9n se\u00f1al\u00f3 que m\u00e1s de 15.600 estadounidenses que residen irregularmente en Colombia deben regularizar su situaci\u00f3n.<\/p>\n\n\n\n<p>En paralelo, el secretario de Estado de EE. UU., Marco Rubio, acus\u00f3 a Petro de cancelar los permisos de los vuelos \u00ab<strong><em>cuando las aeronaves ya estaban en el aire\u00bb<\/em><\/strong>. Estados Unidos incluso suspendi\u00f3 temporalmente la expedici\u00f3n de visas en su embajada en Bogot\u00e1.<\/p>\n\n\n\n<h3 class=\"wp-block-heading\"><strong><mark style=\"background-color:rgba(0, 0, 0, 0)\" class=\"has-inline-color has-vivid-red-color\">Reacciones internacionales<\/mark><\/strong><\/h3>\n\n\n\n<p>El choque entre ambos gobiernos despert\u00f3 solidaridad y cr\u00edticas en la regi\u00f3n. Nicol\u00e1s Maduro expres\u00f3 su respaldo a Petro, mientras que Brasil y Cuba condenaron el trato dado a los migrantes deportados, calific\u00e1ndolo de violento y violatorio de los derechos humanos.<\/p>\n\n\n\n<p>M\u00e9xico y Honduras anunciaron medidas para apoyar a sus ciudadanos deportados, incluyendo programas de asistencia y refugios temporales.<\/p>\n\n\n\n<p>El episodio refleja las crecientes tensiones en Am\u00e9rica Latina frente a las pol\u00edticas migratorias de Trump, quien prometi\u00f3 mano dura contra los inmigrantes indocumentados, enfrent\u00e1ndose a gobiernos que exigen un trato m\u00e1s humanitario para sus ciudadanos.<\/p>\n\n\n\n<p class=\"has-text-align-center\"><strong><a href=\"https:\/\/chat.whatsapp.com\/KWkTmakY3I05kNdd2oZl6d\"><em>\u00daNETE A NUESTRO GRUPO DE WHATSAPP PARA ESTAR INFORMADO<\/em><\/a><\/strong><\/p>\n","protected":false},"excerpt":{"rendered":"<p>El canciller colombiano, Luis Gilberto Murillo, asegur\u00f3 que su pa\u00eds dio por superado el impasse con el gobierno de Donal Trump y seguir\u00e1 recibiendo a los colombianos que retornen en condici\u00f3n de deportados<\/p>\n","protected":false},"author":3,"featured_media":67660,"comment_status":"closed","ping_status":"closed","sticky":false,"template":"","format":"standard","meta":{"jnews-multi-image_gallery":[],"jnews_single_post":{"format":"standard"},"jnews_primary_category":[],"jnews_social_meta":[],"jnews_review":[],"enable_review":"","type":"","name":"","summary":"","brand":"","sku":"","good":[],"bad":[],"score_override":"","override_value":"","rating":[],"price":[],"jnews_override_counter":[],"jnews_post_split":[],"footnotes":""},"categories":[88,59],"tags":[23586,283,2088,136,1549,23450,23585],"class_list":["post-67659","post","type-post","status-publish","format-standard","has-post-thumbnail","hentry","category-internacionales","category-politica","tag-ciudadanos-deportados","tag-colombia","tag-donald-trump","tag-estados-unidos","tag-gustavo-petro","tag-migrantes-deportados","tag-sanciones-contra-colombia"],"amp_enabled":true,"_links":{"self":[{"href":"https:\/\/esreviral.com\/index.php?rest_route=\/wp\/v2\/posts\/67659"}],"collection":[{"href":"https:\/\/esreviral.com\/index.php?rest_route=\/wp\/v2\/posts"}],"about":[{"href":"https:\/\/esreviral.com\/index.php?rest_route=\/wp\/v2\/types\/post"}],"author":[{"embeddable":true,"href":"https:\/\/esreviral.com\/index.php?rest_route=\/wp\/v2\/users\/3"}],"replies":[{"embeddable":true,"href":"https:\/\/esreviral.com\/index.php?rest_route=%2Fwp%2Fv2%2Fcomments&post=67659"}],"version-history":[{"count":0,"href":"https:\/\/esreviral.com\/index.php?rest_route=\/wp\/v2\/posts\/67659\/revisions"}],"wp:featuredmedia":[{"embeddable":true,"href":"https:\/\/esreviral.com\/index.php?rest_route=\/wp\/v2\/media\/67660"}],"wp:attachment":[{"href":"https:\/\/esreviral.com\/index.php?rest_route=%2Fwp%2Fv2%2Fmedia&parent=67659"}],"wp:term":[{"taxonomy":"category","embeddable":true,"href":"https:\/\/esreviral.com\/index.php?rest_route=%2Fwp%2Fv2%2Fcategories&post=67659"},{"taxonomy":"post_tag","embeddable":true,"href":"https:\/\/esreviral.com\/index.php?rest_route=%2Fwp%2Fv2%2Ftags&post=67659"}],"curies":[{"name":"wp","href":"https:\/\/api.w.org\/{rel}","templated":true}]}}