{"id":67618,"date":"2025-01-24T11:20:14","date_gmt":"2025-01-24T16:20:14","guid":{"rendered":"https:\/\/esreviral.com\/?p=67618"},"modified":"2025-01-24T11:20:15","modified_gmt":"2025-01-24T16:20:15","slug":"no-es-una-opcion-opositores-refugiados-en-la-embajada-argentina-descartaron-entregarse-a-las-autoridades-venezolanas","status":"publish","type":"post","link":"https:\/\/esreviral.com\/?p=67618","title":{"rendered":"\u00abNo es una opci\u00f3n\u00bb: Opositores refugiados en la embajada argentina descartaron entregarse a las autoridades Venezolanas"},"content":{"rendered":"\n<p>El dirigente de <strong>Vente Venezuela <\/strong>y uno de los cinco opositores asilados en la embajada argentina en Caracas<strong>, Omar Gonz\u00e1lez, descart\u00f3 este viernes la posibilidad de abandonar la sede diplom\u00e1tica para \u00abponerse a derecho\u00bb ante las autoridades venezolanas.<\/strong><\/p>\n\n\n\n<p>En representaci\u00f3n del grupo, Gonz\u00e1lez reiter\u00f3 la exigencia a la administraci\u00f3n de Nicol\u00e1s Maduro de emitir los salvoconductos necesarios, en cumplimiento del <strong>Acuerdo de Viena<\/strong> sobre relaciones diplom\u00e1ticas.<\/p>\n\n\n\n<p><strong>\u00abLa comunidad nacional e internacional debe alzar su voz por el respeto a un derecho humano\u00bb,<\/strong> afirm\u00f3 Gonz\u00e1lez en una entrevista con el periodista Sergio Novelli.<\/p>\n\n\n\n<p class=\"has-text-align-center\"><em><strong><em><strong><em><strong><em><strong><a href=\"https:\/\/t.me\/esreviral\">\u00daNETE A NUESTRO CANAL DE TELEGRAM PARA ESTAR INFORMADO<\/a><\/strong><\/em><\/strong><\/em><\/strong><\/em><\/strong><\/em><\/p>\n\n\n\n<h3 class=\"wp-block-heading\"><strong><mark style=\"background-color:rgba(0, 0, 0, 0)\" class=\"has-inline-color has-vivid-red-color\">Oposici\u00f3n firme ante la entrega<\/mark><\/strong><\/h3>\n\n\n\n<p>Ante la pregunta de si los asilados considerar\u00edan entregarse a las autoridades, Gonz\u00e1lez fue tajante: <strong>\u00abEst\u00e1 totalmente descartado. Nuestra \u00fanica acci\u00f3n ha sido buscar la libertad de nuestro pa\u00eds. En lo que a m\u00ed respecta, me sacar\u00e1n muerto; no me voy a entregar en manos de Maduro. Esto es parte del terrorismo que intentan sembrarnos\u00bb.<\/strong><\/p>\n\n\n\n<p>Los asilados tambi\u00e9n solicitaron un pronunciamiento del cuerpo diplom\u00e1tico en Venezuela sobre lo que calificaron como <strong>\u201casedio\u201d<\/strong> de los cuerpos de seguridad. <strong>\u00abIncluso el Nuncio Apost\u00f3lico deber\u00eda pronunciarse. Es muy extra\u00f1o el silencio que han mantenido\u00bb,<\/strong> agreg\u00f3 el dirigente.<\/p>\n\n\n\n<h3 class=\"wp-block-heading\"><strong><mark style=\"background-color:rgba(0, 0, 0, 0)\" class=\"has-inline-color has-vivid-red-color\">Tensi\u00f3n en la Embajada argentina<\/mark><\/strong><\/h3>\n\n\n\n<p>La residencia, cuya protecci\u00f3n fue asumida por Brasil tras la expulsi\u00f3n del cuerpo diplom\u00e1tico argentino en 2023, alberga a cinco colaboradores de Mar\u00eda Corina Machado: Omar Gonz\u00e1lez Moreno, Pedro Urruchurtu, Magalli Meda, Claudia Macero y Humberto Villalobos.<\/p>\n\n\n\n<p>Desde Vente Venezuela se han denunciado varios episodios de <strong>cerco policial<\/strong>, cortes el\u00e9ctricos y restricciones para la entrada de familiares o diplom\u00e1ticos argentinos a la sede.<\/p>\n\n\n\n<p>Por su parte, el presidente argentino, Javier Milei, afirm\u00f3 este jueves desde Davos, Suiza, que Argentina continuar\u00e1 <strong>\u00abtrabajando fuertemente\u00bb<\/strong> para garantizar la liberaci\u00f3n de los opositores asilados.<\/p>\n\n\n\n<p class=\"has-text-align-center\"><strong><a href=\"https:\/\/chat.whatsapp.com\/KWkTmakY3I05kNdd2oZl6d\"><em>\u00daNETE A NUESTRO GRUPO DE WHATSAPP PARA ESTAR INFORMADO<\/em><\/a><\/strong><\/p>\n\n\n\n<p class=\"has-text-align-right\"><strong><em>Con informaci\u00f3n de diarioversionfinal.com.-<\/em><\/strong><\/p>\n","protected":false},"excerpt":{"rendered":"<p>Los asilados exigieron un pronunciamiento del cuerpo diplom\u00e1tico en Venezuela ante asedio de los cuerpos de seguridad. Omar Gonz\u00e1lez, en nombre del grupo, reiter\u00f3 su demanda a la administraci\u00f3n de Nicol\u00e1s Maduro para que otorgue los salvoconductos. Vente Venezuela ha denunciado diversos episodios de cercos policiales frente a la Embajada<\/p>\n","protected":false},"author":3,"featured_media":67619,"comment_status":"closed","ping_status":"closed","sticky":false,"template":"","format":"standard","meta":{"jnews-multi-image_gallery":[],"jnews_single_post":{"format":"standard"},"jnews_primary_category":[],"jnews_social_meta":[],"jnews_review":[],"enable_review":"","type":"","name":"","summary":"","brand":"","sku":"","good":[],"bad":[],"score_override":"","override_value":"","rating":[],"price":[],"jnews_override_counter":[],"jnews_post_split":[],"footnotes":""},"categories":[59,66],"tags":[118,17626,45,16060,56,864],"class_list":["post-67618","post","type-post","status-publish","format-standard","has-post-thumbnail","hentry","category-politica","category-venezuela","tag-embajada","tag-embajada-argentina","tag-noticias","tag-opositores-refugiados","tag-venezuela","tag-vente-venezuela"],"amp_enabled":true,"_links":{"self":[{"href":"https:\/\/esreviral.com\/index.php?rest_route=\/wp\/v2\/posts\/67618"}],"collection":[{"href":"https:\/\/esreviral.com\/index.php?rest_route=\/wp\/v2\/posts"}],"about":[{"href":"https:\/\/esreviral.com\/index.php?rest_route=\/wp\/v2\/types\/post"}],"author":[{"embeddable":true,"href":"https:\/\/esreviral.com\/index.php?rest_route=\/wp\/v2\/users\/3"}],"replies":[{"embeddable":true,"href":"https:\/\/esreviral.com\/index.php?rest_route=%2Fwp%2Fv2%2Fcomments&post=67618"}],"version-history":[{"count":0,"href":"https:\/\/esreviral.com\/index.php?rest_route=\/wp\/v2\/posts\/67618\/revisions"}],"wp:featuredmedia":[{"embeddable":true,"href":"https:\/\/esreviral.com\/index.php?rest_route=\/wp\/v2\/media\/67619"}],"wp:attachment":[{"href":"https:\/\/esreviral.com\/index.php?rest_route=%2Fwp%2Fv2%2Fmedia&parent=67618"}],"wp:term":[{"taxonomy":"category","embeddable":true,"href":"https:\/\/esreviral.com\/index.php?rest_route=%2Fwp%2Fv2%2Fcategories&post=67618"},{"taxonomy":"post_tag","embeddable":true,"href":"https:\/\/esreviral.com\/index.php?rest_route=%2Fwp%2Fv2%2Ftags&post=67618"}],"curies":[{"name":"wp","href":"https:\/\/api.w.org\/{rel}","templated":true}]}}