{"id":67597,"date":"2025-01-24T08:40:19","date_gmt":"2025-01-24T13:40:19","guid":{"rendered":"https:\/\/esreviral.com\/?p=67597"},"modified":"2025-01-24T08:41:20","modified_gmt":"2025-01-24T13:41:20","slug":"llegaron-las-primeras-lluvias-a-la-ciudad-pero-la-ola-de-calor-no-cesa-como-seguira-el-clima-el-fin-de-semana","status":"publish","type":"post","link":"https:\/\/esreviral.com\/?p=67597","title":{"rendered":"Llegaron las primeras lluvias en Argentina, pero la ola de calor no cesa: C\u00f3mo seguir\u00e1 el clima el fin de semana"},"content":{"rendered":"\n<p><strong>Despu\u00e9s de que la ola de calor<\/strong> empuj\u00f3 el term\u00f3metro a una m\u00e1xima de 34,8 grados durante la tarde del jueves y la sensaci\u00f3n t\u00e9rmica alcanz\u00f3 un pico de 35,7\u00ba, la madrugada de este viernes trajo algo de alivio a los habitantes de la ciudad de Buenos Aires y sus alrededores, con chaparrones que, al menos, ayudaron a moderar la temperatura. Sin embargo, este respiro parece ser m\u00e1s ef\u00edmero de lo que se desear\u00eda.<\/p>\n\n\n\n<p>El <strong>Servicio Meteorol\u00f3gico Nacional <\/strong>(SMN) indic\u00f3 que se espera un viernes con cielo entre nublado y mayormente nublado, con probabilidad de tormentas aisladas. En cuanto a las temperaturas, se anticipan valores entre 25\u00ba de m\u00ednima y 33\u00ba de m\u00e1xima.<\/p>\n\n\n\n<p>En su \u00faltima actualizaci\u00f3n, el SMN mantuvo el<strong> alerta amarilla por temperaturas extremas en la Ciudad de Buenos Aires<\/strong> y en parte del conurbano bonaerense, especialmente en la zona sur de esa regi\u00f3n.<\/p>\n\n\n\n<p class=\"has-text-align-center\"><em><strong><em><strong><em><strong><em><strong><a href=\"https:\/\/t.me\/esreviral\">\u00daNETE A NUESTRO CANAL DE TELEGRAM PARA ESTAR INFORMADO<\/a><\/strong><\/em><\/strong><\/em><\/strong><\/em><\/strong><\/em><\/p>\n\n\n\n<p>Para el s\u00e1bado, se prev\u00e9 un d\u00eda con buenas condiciones clim\u00e1ticas. El cielo estar\u00e1 parcialmente nublado a mayormente nublado durante la madrugada y la ma\u00f1ana, y se despejar\u00e1 ligeramente hacia la tarde y la noche. Las temperaturas oscilar\u00e1n entre 21\u00ba y 30\u00ba.<\/p>\n\n\n\n<p>El domingo, en tanto, se espera cielo algo nublado durante la madrugada y la ma\u00f1ana, pasando a parcialmente nublado en la tarde y noche. Las temperaturas estar\u00e1n entre 20\u00ba y 31\u00ba.<\/p>\n\n\n\n<p>El alerta amarillo que rige este viernes para la Capital y el sur del conurbano tambi\u00e9n se extiende al sur y centro de Santa Fe, al centro y este de Entre R\u00edos, al centro y oeste de C\u00f3rdoba, a algunas zonas de Chaco y Jujuy, y al noroeste de Corrientes.<\/p>\n\n\n\n<p>El SMN explic\u00f3 que el alerta amarillo se emite por temperaturas que pueden tener un impacto leve a moderado en la salud, especialmente peligrosas para los grupos de riesgo, como ni\u00f1os, ni\u00f1as y personas mayores de 65 a\u00f1os con enfermedades cr\u00f3nicas.<\/p>\n\n\n\n<p class=\"has-text-align-center\"><strong><a href=\"https:\/\/chat.whatsapp.com\/KWkTmakY3I05kNdd2oZl6d\"><em>\u00daNETE A NUESTRO GRUPO DE WHATSAPP PARA ESTAR INFORMADO<\/em><\/a><\/strong><\/p>\n","protected":false},"excerpt":{"rendered":"<p>Hubo chaparrones en la madrugada, y se esperan m\u00e1s precipitaciones durante la jornada.<br \/>\nEn algunos puntos del interior bonaerense hubo tormentas fuertes, pero de poca duraci\u00f3n.<br \/>\nLa temperatura tuvo un leve descenso, aunque volver\u00e1 a subir.<\/p>\n","protected":false},"author":3,"featured_media":67598,"comment_status":"closed","ping_status":"closed","sticky":false,"template":"","format":"standard","meta":{"jnews-multi-image_gallery":[],"jnews_single_post":{"format":"standard"},"jnews_primary_category":[],"jnews_social_meta":[],"jnews_review":[],"enable_review":"","type":"","name":"","summary":"","brand":"","sku":"","good":[],"bad":[],"score_override":"","override_value":"","rating":[],"price":[],"jnews_override_counter":[],"jnews_post_split":[],"footnotes":""},"categories":[58],"tags":[44,894,1016,45,1261,5555],"class_list":["post-67597","post","type-post","status-publish","format-standard","has-post-thumbnail","hentry","category-argentina","tag-argentina","tag-ciudad-de-buenos-aires","tag-clima","tag-noticias","tag-ola-de-calor","tag-servicio-meteorologico-nacional-2"],"amp_enabled":true,"_links":{"self":[{"href":"https:\/\/esreviral.com\/index.php?rest_route=\/wp\/v2\/posts\/67597"}],"collection":[{"href":"https:\/\/esreviral.com\/index.php?rest_route=\/wp\/v2\/posts"}],"about":[{"href":"https:\/\/esreviral.com\/index.php?rest_route=\/wp\/v2\/types\/post"}],"author":[{"embeddable":true,"href":"https:\/\/esreviral.com\/index.php?rest_route=\/wp\/v2\/users\/3"}],"replies":[{"embeddable":true,"href":"https:\/\/esreviral.com\/index.php?rest_route=%2Fwp%2Fv2%2Fcomments&post=67597"}],"version-history":[{"count":0,"href":"https:\/\/esreviral.com\/index.php?rest_route=\/wp\/v2\/posts\/67597\/revisions"}],"wp:featuredmedia":[{"embeddable":true,"href":"https:\/\/esreviral.com\/index.php?rest_route=\/wp\/v2\/media\/67598"}],"wp:attachment":[{"href":"https:\/\/esreviral.com\/index.php?rest_route=%2Fwp%2Fv2%2Fmedia&parent=67597"}],"wp:term":[{"taxonomy":"category","embeddable":true,"href":"https:\/\/esreviral.com\/index.php?rest_route=%2Fwp%2Fv2%2Fcategories&post=67597"},{"taxonomy":"post_tag","embeddable":true,"href":"https:\/\/esreviral.com\/index.php?rest_route=%2Fwp%2Fv2%2Ftags&post=67597"}],"curies":[{"name":"wp","href":"https:\/\/api.w.org\/{rel}","templated":true}]}}