{"id":67587,"date":"2025-01-24T06:59:59","date_gmt":"2025-01-24T11:59:59","guid":{"rendered":"https:\/\/esreviral.com\/?p=67587"},"modified":"2025-01-24T07:00:00","modified_gmt":"2025-01-24T12:00:00","slug":"la-insolita-explicacion-del-cantante-argentino-por-el-helicoptero-que-aterrizo-en-una-playa-de-pinamar","status":"publish","type":"post","link":"https:\/\/esreviral.com\/?p=67587","title":{"rendered":"La ins\u00f3lita explicaci\u00f3n del cantante argentino por el helic\u00f3ptero que aterriz\u00f3 en una playa de Pinamar"},"content":{"rendered":"\n<p><strong>El cantante urbano Joel Rivas<\/strong>, <strong>conocido como <em>Perro Primo<\/em><\/strong>, rompi\u00f3 el silencio tras el esc\u00e1ndalo que gener\u00f3 <strong><a href=\"https:\/\/esreviral.com\/?p=67529\" data-type=\"link\" data-id=\"https:\/\/esreviral.com\/?p=67529\">su aterrizaje en helic\u00f3ptero el pasado domingo en una playa de Pinamar<\/a><\/strong>, ante la mirada de cientos de personas. \u00ab<strong><em>No sab\u00eda que el piloto iba a bajar, nunca fue mi intenci\u00f3n meterme en un problema\u00bb, declar\u00f3.<\/em><\/strong><\/p>\n\n\n\n<p>El incidente ocurri\u00f3 en el marco de un show gratuito que ofreci\u00f3 en <em>La Olla<\/em>, ubicado en la zona de La Frontera en Pinamar. Seg\u00fan explic\u00f3 el artista: \u00ab<strong><em>Cuando organizamos el evento, se sumaron unas agencias de autos y un boliche para darle m\u00e1s difusi\u00f3n. No estaba planeado que el helic\u00f3ptero aterrizara. Pens\u00e9 que iba a regresar al punto de partida<\/em><\/strong>\u00ab.<\/p>\n\n\n\n<p class=\"has-text-align-center\"><em><strong><em><strong><em><strong><em><strong><a href=\"https:\/\/t.me\/esreviral\">\u00daNETE A NUESTRO CANAL DE TELEGRAM PARA ESTAR INFORMADO<\/a><\/strong><\/em><\/strong><\/em><\/strong><\/em><\/strong><\/em><\/p>\n\n\n\n<h3 class=\"wp-block-heading\"><strong><mark style=\"background-color:rgba(0, 0, 0, 0)\" class=\"has-inline-color has-vivid-red-color\">La versi\u00f3n de Perro Primo sobre el aterrizaje<\/mark><\/strong><\/h3>\n\n\n\n<p>Consultado por TN sobre qui\u00e9n propuso el aterrizaje que termin\u00f3 con el piloto inhabilitado por 60 d\u00edas y sin licencia, acusado de <strong><em>\u00abponer en riesgo la seguridad de las personas<\/em><\/strong>\u00ab, el cantante atribuy\u00f3 la idea a \u00abl<strong><em>os chicos de la agencia que estaban con el evento<\/em><\/strong>\u00ab. \u00ab<strong><em>Siempre fue con buena intenci\u00f3n, para hacer el show m\u00e1s especial\u00bb, a\u00f1adi\u00f3.<\/em><\/strong><\/p>\n\n\n\n<p>Perro Primo tambi\u00e9n se mostr\u00f3 arrepentido y pidi\u00f3 disculpas: \u00ab<strong><em>Nunca fue mi intenci\u00f3n ofender a alguien o causar problemas. Si lo hice, pido perd\u00f3n de coraz\u00f3n\u00bb.<\/em><\/strong><\/p>\n\n\n<div class=\"wp-block-image\">\n<figure class=\"aligncenter size-large\"><img decoding=\"async\" src=\"https:\/\/www.clarin.com\/2025\/01\/22\/yDX6X-aHD_340x340__1.jpg\" alt=\"\"\/><\/figure><\/div>\n\n\n<p><\/p>\n\n\n\n<p>Cuando le preguntaron si consider\u00f3 peligrosa la maniobra del helic\u00f3ptero, Rivas coment\u00f3: \u00ab<strong><em>Creo que no, porque la zona es como un desierto, todo arena, no una ciudad. No s\u00e9 si el piloto tuvo alg\u00fan desperfecto, porque no lo conozco, pero el lugar estaba desocupado\u00bb<\/em><\/strong>.<\/p>\n\n\n\n<p>El cantante incluso sugiri\u00f3 que el aterrizaje pudo deberse a un malentendido: \u00ab<strong><em>Quiz\u00e1s el piloto se confundi\u00f3 por el ruido de las motos y pens\u00f3 que algo pasaba en la playa\u00bb.<\/em><\/strong><\/p>\n\n\n\n<h3 class=\"wp-block-heading\"><strong><mark style=\"background-color:rgba(0, 0, 0, 0)\" class=\"has-inline-color has-vivid-red-color\">Solidaridad con el piloto<\/mark><\/strong><\/h3>\n\n\n\n<p>Rivas expres\u00f3 su pesar por las consecuencias que enfrent\u00f3 el piloto. \u00ab<strong><em>Me disculpo con \u00e9l tambi\u00e9n, me siento mal porque no lo conozco, pero s\u00e9 que esto le caus\u00f3 un problem\u00f3n y es su trabajo\u00bb, dijo.<\/em><\/strong><\/p>\n\n\n\n<figure class=\"wp-block-image size-large\"><img decoding=\"async\" src=\"https:\/\/www.clarin.com\/img\/2025\/01\/22\/5CQA8IvW8_2000x1500__1.jpg\" alt=\"\"\/><\/figure>\n\n\n\n<h3 class=\"wp-block-heading\"><strong><mark style=\"background-color:rgba(0, 0, 0, 0)\" class=\"has-inline-color has-vivid-red-color\">\u00bfQui\u00e9n es Perro Primo?<\/mark><\/strong><\/h3>\n\n\n\n<p>Joel Rivas, conocido art\u00edsticamente como <em>Perro Primo<\/em>, es uno de los referentes del g\u00e9nero urbano <em>Cumbia 420<\/em>, al igual que L-Gante. Su estilo se destaca por su distintiva barba te\u00f1ida de rosa, un trabajo que conf\u00eda a Facundo Guas, el barbero de Lomas de Zamora que tambi\u00e9n atend\u00eda a El Noba y actualmente cuenta entre sus clientes a L-Gante y otros artistas famosos.<\/p>\n\n\n\n<p>Adem\u00e1s de su barba caracter\u00edstica, <em>Perro Primo<\/em> suele usar gafas grandes, gorras llamativas y m\u00faltiples anillos como parte de su imagen. Este estilo, junto a su m\u00fasica, lo ha convertido en una figura reconocida en la escena de la <em>Cumbia 420<\/em>.<\/p>\n\n\n\n<p class=\"has-text-align-center\"><strong><a href=\"https:\/\/chat.whatsapp.com\/KWkTmakY3I05kNdd2oZl6d\"><em>\u00daNETE A NUESTRO GRUPO DE WHATSAPP PARA ESTAR INFORMADO<\/em><\/a><\/strong><\/p>\n","protected":false},"excerpt":{"rendered":"<p>El cantante del g\u00e9nero urbano \u00abCumbia 420\u00bb se deslig\u00f3 de cualquier responsabilidad, aunque al mismo tiempo se disculp\u00f3 por el incidente.<br \/>\nTambi\u00e9n se lament\u00f3 por la sanci\u00f3n al piloto, a quien se le retir\u00f3 la licencia y qued\u00f3 inhabilitado temporalmente para realizar vuelos.<\/p>\n","protected":false},"author":3,"featured_media":67588,"comment_status":"closed","ping_status":"closed","sticky":false,"template":"","format":"standard","meta":{"jnews-multi-image_gallery":[],"jnews_single_post":{"format":"standard"},"jnews_primary_category":[],"jnews_social_meta":[],"jnews_review":[],"enable_review":"","type":"","name":"","summary":"","brand":"","sku":"","good":[],"bad":[],"score_override":"","override_value":"","rating":[],"price":[],"jnews_override_counter":[],"jnews_post_split":[],"footnotes":""},"categories":[50],"tags":[44,1377,45,23540,320,7394],"class_list":["post-67587","post","type-post","status-publish","format-standard","has-post-thumbnail","hentry","category-entretenimiento","tag-argentina","tag-helicoptero","tag-noticias","tag-perro-primo","tag-pinamar","tag-playa"],"amp_enabled":true,"_links":{"self":[{"href":"https:\/\/esreviral.com\/index.php?rest_route=\/wp\/v2\/posts\/67587"}],"collection":[{"href":"https:\/\/esreviral.com\/index.php?rest_route=\/wp\/v2\/posts"}],"about":[{"href":"https:\/\/esreviral.com\/index.php?rest_route=\/wp\/v2\/types\/post"}],"author":[{"embeddable":true,"href":"https:\/\/esreviral.com\/index.php?rest_route=\/wp\/v2\/users\/3"}],"replies":[{"embeddable":true,"href":"https:\/\/esreviral.com\/index.php?rest_route=%2Fwp%2Fv2%2Fcomments&post=67587"}],"version-history":[{"count":0,"href":"https:\/\/esreviral.com\/index.php?rest_route=\/wp\/v2\/posts\/67587\/revisions"}],"wp:featuredmedia":[{"embeddable":true,"href":"https:\/\/esreviral.com\/index.php?rest_route=\/wp\/v2\/media\/67588"}],"wp:attachment":[{"href":"https:\/\/esreviral.com\/index.php?rest_route=%2Fwp%2Fv2%2Fmedia&parent=67587"}],"wp:term":[{"taxonomy":"category","embeddable":true,"href":"https:\/\/esreviral.com\/index.php?rest_route=%2Fwp%2Fv2%2Fcategories&post=67587"},{"taxonomy":"post_tag","embeddable":true,"href":"https:\/\/esreviral.com\/index.php?rest_route=%2Fwp%2Fv2%2Ftags&post=67587"}],"curies":[{"name":"wp","href":"https:\/\/api.w.org\/{rel}","templated":true}]}}