{"id":67549,"date":"2025-01-23T11:20:05","date_gmt":"2025-01-23T16:20:05","guid":{"rendered":"https:\/\/esreviral.com\/?p=67549"},"modified":"2025-01-23T11:20:06","modified_gmt":"2025-01-23T16:20:06","slug":"migrante-venezolana-relato-como-huyo-de-la-guerra-en-el-catatumbo-no-quedaba-casi-gente-el-silencio-daba-miedo","status":"publish","type":"post","link":"https:\/\/esreviral.com\/?p=67549","title":{"rendered":"Migrante Venezolana relat\u00f3 c\u00f3mo huy\u00f3 de la guerra en el Catatumbo: \u00abNo quedaba casi gente, el silencio daba miedo\u00bb"},"content":{"rendered":"\n<p><strong>Mar\u00eda, una migrante venezolana oriunda de Barquisimeto, estado Lara, Venezuela, logr\u00f3 huir el martes del corregimiento de La Gabarra, en el municipio Tib\u00fa, debido al conflicto armado en la regi\u00f3n del Catatumbo. \u00abEl temor no me dejaba dormir\u00bb, confes\u00f3.<\/strong><\/p>\n\n\n\n<p>La mujer, que viv\u00eda en La Gabarra desde hac\u00eda casi dos a\u00f1os, se vio obligada a abandonar la zona junto a sus cuatro hijos, al percibir c\u00f3mo la soledad y el silencio se apoderaban del lugar. \u00ab<strong><em>No quedaba casi gente, el silencio daba miedo<\/em><\/strong>\u00ab, relat\u00f3.<\/p>\n\n\n\n<p>Este mi\u00e9rcoles, Mar\u00eda se encontraba descansando con sus hijos en el estadio General Santander de C\u00facuta, donde se refugiaron tras su salida. \u00abQuiero regresar a mi pa\u00eds; aqu\u00ed no tengo quien me ayude\u00bb, expres\u00f3 con angustia.<\/p>\n\n\n\n<p class=\"has-text-align-center\"><em><strong><em><strong><em><strong><em><strong><a href=\"https:\/\/t.me\/esreviral\">\u00daNETE A NUESTRO CANAL DE TELEGRAM PARA ESTAR INFORMADO<\/a><\/strong><\/em><\/strong><\/em><\/strong><\/em><\/strong><\/em><\/p>\n\n\n\n<p><strong><mark style=\"background-color:rgba(0, 0, 0, 0)\" class=\"has-inline-color has-vivid-red-color\">Familia dividida y preocupaci\u00f3n<\/mark><\/strong><br>A pesar de haber logrado escapar, la venezolana enfrenta la preocupaci\u00f3n por el destino de sus dos hermanos, quienes son carpinteros y permanecen atrapados en La Gabarra. \u00abEstoy muy preocupada por ellos. Dios quiera y no les pase nada\u00bb, dijo entre l\u00e1grimas.<\/p>\n\n\n\n<p>Mar\u00eda trabajaba en el corregimiento vendiendo quesillos y hab\u00eda logrado adaptarse a su vida all\u00ed, pero el conflicto armado la oblig\u00f3 a dejar todo atr\u00e1s. Solo pudo llevar tres maletas con ella, dejando el resto de sus pertenencias en el lugar, sin esperanza de volver a recuperarlas.<\/p>\n\n\n\n<p><strong><mark style=\"background-color:rgba(0, 0, 0, 0)\" class=\"has-inline-color has-vivid-red-color\">Soledad y un futuro incierto<\/mark><\/strong><br>\u00abNos dijeron que despu\u00e9s de las dos de la tarde de hoy nos dar\u00e1n las ayudas, pero yo lo \u00fanico que quiero es regresar a Barquisimeto. Aqu\u00ed estoy sola con mis hijos\u00bb, reiter\u00f3, explicando que, por temor, decidi\u00f3 no mostrar su rostro.<\/p>\n\n\n\n<p>El testimonio de Mar\u00eda refleja la desesperaci\u00f3n de quienes, como ella, han tenido que dejarlo todo en busca de seguridad, enfrent\u00e1ndose a un futuro incierto lejos de sus hogares.<\/p>\n\n\n\n<p class=\"has-text-align-center\"><strong><a href=\"https:\/\/chat.whatsapp.com\/KWkTmakY3I05kNdd2oZl6d\"><em>\u00daNETE A NUESTRO GRUPO DE WHATSAPP PARA ESTAR INFORMADO<\/em><\/a><\/strong><\/p>\n\n\n\n<p class=\"has-text-align-right\"><strong><em>Con informaci\u00f3n de noticialdia.com.-<\/em><\/strong><\/p>\n","protected":false},"excerpt":{"rendered":"<p>Mar\u00eda, una migrante venezolana oriunda de Barquisimeto, estado Lara, Venezuela, logr\u00f3 huir el martes del corregimiento de La Gabarra, en el municipio Tib\u00fa, debido al conflicto armado en la regi\u00f3n del Catatumbo. \u00abEl temor no me dejaba dormir\u00bb, confes\u00f3. La mujer, que viv\u00eda en La Gabarra desde hac\u00eda casi dos a\u00f1os, se vio obligada a [&hellip;]<\/p>\n","protected":false},"author":3,"featured_media":67550,"comment_status":"closed","ping_status":"closed","sticky":false,"template":"","format":"standard","meta":{"jnews-multi-image_gallery":[],"jnews_single_post":{"format":"standard"},"jnews_primary_category":[],"jnews_social_meta":[],"jnews_review":[],"enable_review":"","type":"","name":"","summary":"","brand":"","sku":"","good":[],"bad":[],"score_override":"","override_value":"","rating":[],"price":[],"jnews_override_counter":[],"jnews_post_split":[],"footnotes":""},"categories":[54,88],"tags":[23493,23492,23491,5819,45],"class_list":["post-67549","post","type-post","status-publish","format-standard","has-post-thumbnail","hentry","category-inmigracion","category-internacionales","tag-catatumbo","tag-corregimiento-de-la-gabarra","tag-guerra-en-el-catatumbo","tag-migrante-venezolana","tag-noticias"],"amp_enabled":true,"_links":{"self":[{"href":"https:\/\/esreviral.com\/index.php?rest_route=\/wp\/v2\/posts\/67549"}],"collection":[{"href":"https:\/\/esreviral.com\/index.php?rest_route=\/wp\/v2\/posts"}],"about":[{"href":"https:\/\/esreviral.com\/index.php?rest_route=\/wp\/v2\/types\/post"}],"author":[{"embeddable":true,"href":"https:\/\/esreviral.com\/index.php?rest_route=\/wp\/v2\/users\/3"}],"replies":[{"embeddable":true,"href":"https:\/\/esreviral.com\/index.php?rest_route=%2Fwp%2Fv2%2Fcomments&post=67549"}],"version-history":[{"count":0,"href":"https:\/\/esreviral.com\/index.php?rest_route=\/wp\/v2\/posts\/67549\/revisions"}],"wp:featuredmedia":[{"embeddable":true,"href":"https:\/\/esreviral.com\/index.php?rest_route=\/wp\/v2\/media\/67550"}],"wp:attachment":[{"href":"https:\/\/esreviral.com\/index.php?rest_route=%2Fwp%2Fv2%2Fmedia&parent=67549"}],"wp:term":[{"taxonomy":"category","embeddable":true,"href":"https:\/\/esreviral.com\/index.php?rest_route=%2Fwp%2Fv2%2Fcategories&post=67549"},{"taxonomy":"post_tag","embeddable":true,"href":"https:\/\/esreviral.com\/index.php?rest_route=%2Fwp%2Fv2%2Ftags&post=67549"}],"curies":[{"name":"wp","href":"https:\/\/api.w.org\/{rel}","templated":true}]}}