{"id":67436,"date":"2025-01-21T09:39:28","date_gmt":"2025-01-21T14:39:28","guid":{"rendered":"https:\/\/esreviral.com\/?p=67436"},"modified":"2025-01-21T13:34:13","modified_gmt":"2025-01-21T18:34:13","slug":"trenes-no-hubo-acuerdo-salarial-y-definen-si-van-al-paro","status":"publish","type":"post","link":"https:\/\/esreviral.com\/?p=67436","title":{"rendered":"Paro de trenes: A qu\u00e9 hora dejan de circular y a qu\u00e9 l\u00edneas afecta"},"content":{"rendered":"\n<p>El gremio <strong>La Fraternidad<\/strong>, que agrupa a los maquinistas de trenes, confirm\u00f3 un <strong>paro nacional para el martes 28 de enero<\/strong> ante el fracaso de las negociaciones paritarias. La medida de fuerza se llevar\u00e1 a cabo de <strong>9:00 a 17:00 horas<\/strong> y afectar\u00e1 tanto a los servicios de pasajeros como a los de carga en todo el pa\u00eds.<\/p>\n\n\n\n<h3 class=\"wp-block-heading\"><strong><mark style=\"background-color:rgba(0, 0, 0, 0)\" class=\"has-inline-color has-vivid-red-color\">Motivos del paro<\/mark><\/strong><\/h3>\n\n\n\n<p>La decisi\u00f3n fue anunciada tras una reuni\u00f3n del sindicato encabezado por <strong>Omar Maturano<\/strong>. La propuesta del gremio incluye el pago de una <strong>canasta b\u00e1sica alimentaria equivalente al 10% del salario<\/strong>, lo que representa un promedio de <strong>$150.000<\/strong>. Sin embargo, la <strong>Ferrocarriles Argentinos Sociedad del Estado (FASE)<\/strong> rechaz\u00f3 esta demanda, argumentando que supera la pauta salarial del <strong>1% mensual<\/strong> establecida por el ministro de Econom\u00eda, <strong>Luis Caputo<\/strong>, en un intento de frenar la inflaci\u00f3n, una de las prioridades del Gobierno de <strong>Javier Milei<\/strong>.<\/p>\n\n\n\n<p>El conflicto salarial comenz\u00f3 en 2024. El sindicato hab\u00eda convocado un paro el pasado <strong>18 de diciembre<\/strong>, pero fue desactivado por una conciliaci\u00f3n obligatoria dictada por la Secretar\u00eda de Trabajo. La conciliaci\u00f3n venci\u00f3 recientemente, lo que habilita al gremio a avanzar con medidas de fuerza sin intervenci\u00f3n de las autoridades.<\/p>\n\n\n\n<p class=\"has-text-align-center\"><em><strong><em><strong><em><strong><em><strong><a href=\"https:\/\/t.me\/esreviral\">\u00daNETE A NUESTRO CANAL DE TELEGRAM PARA ESTAR INFORMADO<\/a><\/strong><\/em><\/strong><\/em><\/strong><\/em><\/strong><\/em><\/p>\n\n\n\n<figure class=\"wp-block-image size-large\"><img decoding=\"async\" src=\"https:\/\/tn.com.ar\/resizer\/v2\/los-ferroviarios-confirmaron-un-paro-nacional-de-trenes-para-el-martes-que-viene-de-9-a-17-horas-foto-la-fraternidad-DGOVQZSZ25BRLNWMNAVYZQ3OAA.jpg?auth=12403b50bb7203ec7ee792f1250eb01a40fe8381a2761a7347fe202da7da8cc5&amp;width=1440\" alt=\"\"\/><\/figure>\n\n\n\n<h3 class=\"wp-block-heading\"><strong><mark style=\"background-color:rgba(0, 0, 0, 0)\" class=\"has-inline-color has-vivid-red-color\">El reclamo del gremio<\/mark><\/strong><\/h3>\n\n\n\n<p>En el comunicado oficial, La Fraternidad denunci\u00f3 que la falta de avances en la paritaria \u201c<strong>deval\u00faa los ingresos del personal de conducci\u00f3n de trenes<\/strong>, agravando la situaci\u00f3n econ\u00f3mica y profesional de los trabajadores, y pone en riesgo la paz social\u201d.<\/p>\n\n\n\n<p>La \u00faltima reuni\u00f3n entre las partes se realiz\u00f3 el <strong>lunes 13 de enero<\/strong>, pero termin\u00f3 sin acuerdo. Desde el sindicato se\u00f1alaron que la propuesta empresarial fue insuficiente y reiteraron su rechazo, argumentando que no reconoce las responsabilidades y la profesionalidad de los conductores de trenes.<\/p>\n\n\n\n<h3 class=\"wp-block-heading\"><strong><mark style=\"background-color:rgba(0, 0, 0, 0)\" class=\"has-inline-color has-vivid-red-color\">L\u00edneas afectadas por el paro de trenes<\/mark><\/strong><\/h3>\n\n\n\n<p>El paro anunciado por La Fraternidad impactar\u00e1 en las siguientes l\u00edneas:<\/p>\n\n\n\n<ul class=\"wp-block-list\">\n<li>L\u00ednea <strong>Mitre<\/strong><\/li>\n\n\n\n<li>L\u00ednea <strong>Sarmiento<\/strong><\/li>\n\n\n\n<li>L\u00ednea <strong>San Mart\u00edn<\/strong><\/li>\n\n\n\n<li>L\u00ednea <strong>Urquiza<\/strong><\/li>\n\n\n\n<li>L\u00ednea <strong>Roca<\/strong><\/li>\n\n\n\n<li>L\u00ednea <strong>Belgrano Norte<\/strong><\/li>\n\n\n\n<li>L\u00ednea <strong>Belgrano Sur<\/strong><\/li>\n\n\n\n<li><strong>Tren de la Costa<\/strong><\/li>\n\n\n\n<li>Servicios de <strong>larga distancia y carga<\/strong><\/li>\n<\/ul>\n\n\n\n<h3 class=\"wp-block-heading\"><strong><mark style=\"background-color:rgba(0, 0, 0, 0)\" class=\"has-inline-color has-vivid-red-color\">Pr\u00f3ximos pasos<\/mark><\/strong><\/h3>\n\n\n\n<p>El sindicato convoc\u00f3 a un plenario nacional en el <strong>Teatro Empire<\/strong> para el mismo martes 28 de enero a las <strong>11:00 horas<\/strong>, donde los representantes gremiales evaluar\u00e1n la situaci\u00f3n y podr\u00edan definir nuevas medidas en caso de no alcanzar una soluci\u00f3n con las autoridades.<\/p>\n\n\n\n<p>Este nuevo paro nacional generar\u00e1 complicaciones en la movilidad y plantea un desaf\u00edo adicional para el Gobierno en su intento de controlar los conflictos salariales mientras busca contener la inflaci\u00f3n.<\/p>\n\n\n\n<p class=\"has-text-align-center\"><strong><a href=\"https:\/\/chat.whatsapp.com\/KWkTmakY3I05kNdd2oZl6d\"><em>\u00daNETE A NUESTRO GRUPO DE WHATSAPP PARA ESTAR INFORMADO<\/em><\/a><\/strong><\/p>\n","protected":false},"excerpt":{"rendered":"<p>El gremio que lidera Omar Maturano se re\u00fane desde las 11 para evaluar medidas de fuerza ante la negativa de un aumento salarial por parte del Gobierno.<\/p>\n","protected":false},"author":3,"featured_media":67437,"comment_status":"closed","ping_status":"closed","sticky":false,"template":"","format":"standard","meta":{"jnews-multi-image_gallery":[],"jnews_single_post":{"format":"standard"},"jnews_primary_category":[],"jnews_social_meta":[],"jnews_review":[],"enable_review":"","type":"","name":"","summary":"","brand":"","sku":"","good":[],"bad":[],"score_override":"","override_value":"","rating":[],"price":[],"jnews_override_counter":[],"jnews_post_split":[],"footnotes":""},"categories":[58,59],"tags":[44,3818,45,2025,1712],"class_list":["post-67436","post","type-post","status-publish","format-standard","has-post-thumbnail","hentry","category-argentina","category-politica","tag-argentina","tag-la-fraternidad","tag-noticias","tag-paritarias","tag-paro-de-trenes"],"amp_enabled":true,"_links":{"self":[{"href":"https:\/\/esreviral.com\/index.php?rest_route=\/wp\/v2\/posts\/67436"}],"collection":[{"href":"https:\/\/esreviral.com\/index.php?rest_route=\/wp\/v2\/posts"}],"about":[{"href":"https:\/\/esreviral.com\/index.php?rest_route=\/wp\/v2\/types\/post"}],"author":[{"embeddable":true,"href":"https:\/\/esreviral.com\/index.php?rest_route=\/wp\/v2\/users\/3"}],"replies":[{"embeddable":true,"href":"https:\/\/esreviral.com\/index.php?rest_route=%2Fwp%2Fv2%2Fcomments&post=67436"}],"version-history":[{"count":0,"href":"https:\/\/esreviral.com\/index.php?rest_route=\/wp\/v2\/posts\/67436\/revisions"}],"wp:featuredmedia":[{"embeddable":true,"href":"https:\/\/esreviral.com\/index.php?rest_route=\/wp\/v2\/media\/67437"}],"wp:attachment":[{"href":"https:\/\/esreviral.com\/index.php?rest_route=%2Fwp%2Fv2%2Fmedia&parent=67436"}],"wp:term":[{"taxonomy":"category","embeddable":true,"href":"https:\/\/esreviral.com\/index.php?rest_route=%2Fwp%2Fv2%2Fcategories&post=67436"},{"taxonomy":"post_tag","embeddable":true,"href":"https:\/\/esreviral.com\/index.php?rest_route=%2Fwp%2Fv2%2Ftags&post=67436"}],"curies":[{"name":"wp","href":"https:\/\/api.w.org\/{rel}","templated":true}]}}